{"id":10392,"date":"2026-07-06T13:30:00","date_gmt":"2026-07-06T16:30:00","guid":{"rendered":"https:\/\/revistaoeste.com\/esporte\/?p=10392"},"modified":"2026-07-06T12:15:38","modified_gmt":"2026-07-06T15:15:38","slug":"carlo-ancelotti-prepara-reformulacao-na-selecao-depois-de-eliminacao-na-copa-de-2026","status":"publish","type":"post","link":"https:\/\/revistaoeste.com\/esporte\/carlo-ancelotti-prepara-reformulacao-na-selecao-depois-de-eliminacao-na-copa-de-2026\/","title":{"rendered":"Carlo Ancelotti prepara reformula\u00e7\u00e3o na Sele\u00e7\u00e3o depois de elimina\u00e7\u00e3o na Copa de 2026"},"content":{"rendered":"\n<p class=\"wp-block-paragraph\"><strong>Felipe Belli, Oeste Esporte<\/strong><br><br>A elimina\u00e7\u00e3o do Brasil para a Noruega nas oitavas de final da Copa do Mundo de 2026 marcou o fim do sonho do hexacampeonato, mas n\u00e3o deve representar o fim do trabalho de Carlo Ancelotti \u00e0 frente da Sele\u00e7\u00e3o Brasileira. Com contrato garantido at\u00e9 a Copa de 2030, o treinador italiano seguir\u00e1 no comando da equipe, mas iniciar\u00e1 um amplo processo de reformula\u00e7\u00e3o visando o pr\u00f3ximo ciclo mundial.<\/p>\n\n\n\n<p class=\"wp-block-paragraph\"><strong>+ Leia mais not\u00edcias de&nbsp;<a href=\"https:\/\/revistaoeste.com\/esporte\/\">Oeste Esporte<\/a><\/strong><\/p>\n\n\n\n<p class=\"wp-block-paragraph\">As primeiras mudan\u00e7as acontecer\u00e3o na comiss\u00e3o t\u00e9cnica. O principal nome a deixar a equipe ser\u00e1 Davide Ancelotti, filho e auxiliar de Carlo, que assumir\u00e1 o comando do Lille, da Fran\u00e7a. Esta ser\u00e1 a segunda vez que Davide deixar\u00e1 a comiss\u00e3o do pai para iniciar um trabalho como treinador principal.<\/p>\n\n\n\n<p class=\"wp-block-paragraph\">Outro profissional que pode encerrar sua passagem pela Sele\u00e7\u00e3o \u00e9 o preparador de goleiros Cl\u00e1udio Taffarel. Internamente, houve questionamentos sobre a condu\u00e7\u00e3o da posi\u00e7\u00e3o durante o ciclo da Copa de 2026, principalmente pela falta de renova\u00e7\u00e3o entre os convocados. A tend\u00eancia \u00e9 que a CBF promova mudan\u00e7as no setor para os pr\u00f3ximos anos.<\/p>\n\n\n\n<p class=\"wp-block-paragraph\">As altera\u00e7\u00f5es, no entanto, n\u00e3o devem se limitar \u00e0 comiss\u00e3o t\u00e9cnica. A expectativa \u00e9 de uma renova\u00e7\u00e3o significativa no elenco brasileiro. Nomes experientes que foram pilares da equipe nos \u00faltimos anos dificilmente estar\u00e3o presentes na Copa do Mundo de 2030, seja pela idade ou pelo encerramento do ciclo na Sele\u00e7\u00e3o.<\/p>\n\n\n\n<p class=\"wp-block-paragraph\">Entre os jogadores que n\u00e3o devem disputar o pr\u00f3ximo Mundial est\u00e3o Casemiro, Marquinhos, Danilo, Alex Sandro, Neymar e Alisson. Todos chegar\u00e3o \u00e0 pr\u00f3xima Copa com idade avan\u00e7ada ou j\u00e1 demonstram estar pr\u00f3ximos do encerramento de suas trajet\u00f3rias com a camisa da Sele\u00e7\u00e3o.<\/p>\n\n\n\n<p class=\"wp-block-paragraph\">Pensando justamente nessa transi\u00e7\u00e3o, Carlo Ancelotti iniciou ainda antes da Copa de 2026 um processo de observa\u00e7\u00e3o de jovens talentos. Alguns deles j\u00e1 foram chamados para amistosos e integraram a pr\u00e9-lista do Mundial, ganhando experi\u00eancia junto ao grupo principal.<\/p>\n\n\n\n<p class=\"wp-block-paragraph\">Um dos nomes que despontam para o futuro \u00e9 o lateral-esquerdo Kaiki Bruno, que chamou a aten\u00e7\u00e3o da comiss\u00e3o t\u00e9cnica durante o ciclo. Outro destaque \u00e9 o zagueiro Vitor Reis, de apenas 20 anos, revelado pelo Palmeiras e atualmente no Manchester City, considerado uma das principais promessas para o sistema defensivo brasileiro.<\/p>\n\n\n\n<p class=\"wp-block-paragraph\">No ataque, Rayan, de 19 anos, tamb\u00e9m ganhou espa\u00e7o. Inicialmente observado para o pr\u00f3ximo ciclo, o jovem agradou tanto a Ancelotti que acabou sendo convocado j\u00e1 para a Copa de 2026, antecipando seu processo de integra\u00e7\u00e3o \u00e0 Sele\u00e7\u00e3o. Situa\u00e7\u00e3o semelhante aconteceu com Endrick, que chegou ao Mundial como uma das apostas para liderar a renova\u00e7\u00e3o ofensiva do Brasil.<\/p>\n\n\n\n<p class=\"wp-block-paragraph\">Outro jogador monitorado de perto \u00e9 o zagueiro Natan, de 25 anos. Revelado pelo Flamengo, com passagem pelo Red Bull Bragantino e atualmente no Betis, o defensor \u00e9 visto como um dos candidatos a ganhar oportunidades nas primeiras convoca\u00e7\u00f5es depois da Copa.<\/p>\n\n\n\n<p class=\"wp-block-paragraph\">Apesar da elimina\u00e7\u00e3o precoce, a avalia\u00e7\u00e3o interna da CBF \u00e9 de que o trabalho de Carlo Ancelotti n\u00e3o ser\u00e1 interrompido. A entidade entende que o treinador ainda ter\u00e1 tempo para implementar um novo projeto, agora com uma equipe mais jovem e preparada para disputar as pr\u00f3ximas competi\u00e7\u00f5es do ciclo at\u00e9 a Copa do Mundo de 2030. A expectativa \u00e9 de que as primeiras mudan\u00e7as sejam anunciadas j\u00e1 nas pr\u00f3ximas convoca\u00e7\u00f5es da Sele\u00e7\u00e3o Brasileira.<\/p>\n","protected":false},"excerpt":{"rendered":"<p>Felipe Belli, Oeste Esporte A elimina\u00e7\u00e3o do Brasil para a Noruega nas oitavas de final da Copa do Mundo de 2026 marcou&hellip;<\/p>\n","protected":false},"author":5,"featured_media":3254,"comment_status":"open","ping_status":"open","sticky":false,"template":"","format":"standard","meta":{"footnotes":""},"categories":[3,8],"tags":[110,34,23,75,44,29,172,42],"class_list":["post-10392","post","type-post","status-publish","format-standard","has-post-thumbnail","hentry","category-selecao-brasileira","category-ultimas-noticias","tag-110","tag-brasil","tag-copa-do-mundo","tag-copa-do-mundo-2026","tag-fifa","tag-futebol","tag-selecao","tag-selecao-brasileira"],"yoast_head":"<!-- This site is optimized with the Yoast SEO plugin v28.0 - https:\/\/yoast.com\/product\/yoast-seo-wordpress\/ -->\n<title>Carlo Ancelotti prepara reformula\u00e7\u00e3o na Sele\u00e7\u00e3o Brasileira<\/title>\n<meta name=\"description\" content=\"Com contrato garantido at\u00e9 a Copa de 2030, o treinador italiano seguir\u00e1 no comando da equipe, mas iniciar\u00e1 um amplo processo de reformula\u00e7\u00e3o visando o pr\u00f3ximo ciclo\" \/>\n<meta name=\"robots\" content=\"index, follow, max-snippet:-1, max-image-preview:large, max-video-preview:-1\" \/>\n<link rel=\"canonical\" href=\"https:\/\/revistaoeste.com\/esporte\/carlo-ancelotti-prepara-reformulacao-na-selecao-depois-de-eliminacao-na-copa-de-2026\/\" \/>\n<meta property=\"og:locale\" content=\"pt_BR\" \/>\n<meta property=\"og:type\" content=\"article\" \/>\n<meta property=\"og:title\" content=\"Carlo Ancelotti prepara reformula\u00e7\u00e3o na Sele\u00e7\u00e3o Brasileira\" \/>\n<meta property=\"og:description\" content=\"Com contrato garantido at\u00e9 a Copa de 2030, o treinador italiano seguir\u00e1 no comando da equipe, mas iniciar\u00e1 um amplo processo de reformula\u00e7\u00e3o visando o pr\u00f3ximo ciclo\" \/>\n<meta property=\"og:url\" content=\"https:\/\/revistaoeste.com\/esporte\/carlo-ancelotti-prepara-reformulacao-na-selecao-depois-de-eliminacao-na-copa-de-2026\/\" \/>\n<meta property=\"og:site_name\" content=\"Oeste Esporte\" \/>\n<meta property=\"article:publisher\" content=\"https:\/\/www.facebook.com\/oesterevista\/\" \/>\n<meta property=\"article:published_time\" content=\"2026-07-06T16:30:00+00:00\" \/>\n<meta property=\"og:image\" content=\"https:\/\/revistaoeste.com\/esporte\/wp-content\/uploads\/2026\/06\/Ance.jpg\" \/>\n\t<meta property=\"og:image:width\" content=\"640\" \/>\n\t<meta property=\"og:image:height\" content=\"439\" \/>\n\t<meta property=\"og:image:type\" content=\"image\/jpeg\" \/>\n<meta name=\"author\" content=\"Oeste Esporte\" \/>\n<meta name=\"twitter:card\" content=\"summary_large_image\" \/>\n<meta name=\"twitter:creator\" content=\"@revistaoeste\" \/>\n<meta name=\"twitter:site\" content=\"@revistaoeste\" \/>\n<meta name=\"twitter:label1\" content=\"Escrito por\" \/>\n\t<meta name=\"twitter:data1\" content=\"Oeste Esporte\" \/>\n\t<meta name=\"twitter:label2\" content=\"Est. tempo de leitura\" \/>\n\t<meta name=\"twitter:data2\" content=\"4 minutos\" \/>\n<script type=\"application\/ld+json\" class=\"yoast-schema-graph\">{\"@context\":\"https:\\\/\\\/schema.org\",\"@graph\":[{\"@type\":\"Article\",\"@id\":\"https:\\\/\\\/revistaoeste.com\\\/esporte\\\/carlo-ancelotti-prepara-reformulacao-na-selecao-depois-de-eliminacao-na-copa-de-2026\\\/#article\",\"isPartOf\":{\"@id\":\"https:\\\/\\\/revistaoeste.com\\\/esporte\\\/carlo-ancelotti-prepara-reformulacao-na-selecao-depois-de-eliminacao-na-copa-de-2026\\\/\"},\"author\":{\"name\":\"Oeste Esporte\",\"@id\":\"https:\\\/\\\/revistaoeste.com\\\/esporte\\\/#\\\/schema\\\/person\\\/6622e4d5d99a35adf0de88128e8d66a9\"},\"headline\":\"Carlo Ancelotti prepara reformula\u00e7\u00e3o na Sele\u00e7\u00e3o depois de elimina\u00e7\u00e3o na Copa de 2026\",\"datePublished\":\"2026-07-06T16:30:00+00:00\",\"mainEntityOfPage\":{\"@id\":\"https:\\\/\\\/revistaoeste.com\\\/esporte\\\/carlo-ancelotti-prepara-reformulacao-na-selecao-depois-de-eliminacao-na-copa-de-2026\\\/\"},\"wordCount\":589,\"commentCount\":0,\"publisher\":{\"@id\":\"https:\\\/\\\/revistaoeste.com\\\/esporte\\\/#organization\"},\"image\":{\"@id\":\"https:\\\/\\\/revistaoeste.com\\\/esporte\\\/carlo-ancelotti-prepara-reformulacao-na-selecao-depois-de-eliminacao-na-copa-de-2026\\\/#primaryimage\"},\"thumbnailUrl\":\"https:\\\/\\\/revistaoeste.com\\\/esporte\\\/wp-content\\\/uploads\\\/2026\\\/06\\\/Ance.jpg\",\"keywords\":[\"2026\",\"Brasil\",\"Copa do Mundo\",\"Copa do Mundo 2026\",\"FIFA\",\"futebol\",\"sele\u00e7\u00e3o\",\"sele\u00e7\u00e3o brasileira\"],\"articleSection\":[\"Sele\u00e7\u00e3o Brasileira\",\"\u00daltimas Not\u00edcias\"],\"inLanguage\":\"pt-BR\",\"potentialAction\":[{\"@type\":\"CommentAction\",\"name\":\"Comment\",\"target\":[\"https:\\\/\\\/revistaoeste.com\\\/esporte\\\/carlo-ancelotti-prepara-reformulacao-na-selecao-depois-de-eliminacao-na-copa-de-2026\\\/#respond\"]}]},{\"@type\":\"WebPage\",\"@id\":\"https:\\\/\\\/revistaoeste.com\\\/esporte\\\/carlo-ancelotti-prepara-reformulacao-na-selecao-depois-de-eliminacao-na-copa-de-2026\\\/\",\"url\":\"https:\\\/\\\/revistaoeste.com\\\/esporte\\\/carlo-ancelotti-prepara-reformulacao-na-selecao-depois-de-eliminacao-na-copa-de-2026\\\/\",\"name\":\"Carlo Ancelotti prepara reformula\u00e7\u00e3o na Sele\u00e7\u00e3o Brasileira\",\"isPartOf\":{\"@id\":\"https:\\\/\\\/revistaoeste.com\\\/esporte\\\/#website\"},\"primaryImageOfPage\":{\"@id\":\"https:\\\/\\\/revistaoeste.com\\\/esporte\\\/carlo-ancelotti-prepara-reformulacao-na-selecao-depois-de-eliminacao-na-copa-de-2026\\\/#primaryimage\"},\"image\":{\"@id\":\"https:\\\/\\\/revistaoeste.com\\\/esporte\\\/carlo-ancelotti-prepara-reformulacao-na-selecao-depois-de-eliminacao-na-copa-de-2026\\\/#primaryimage\"},\"thumbnailUrl\":\"https:\\\/\\\/revistaoeste.com\\\/esporte\\\/wp-content\\\/uploads\\\/2026\\\/06\\\/Ance.jpg\",\"datePublished\":\"2026-07-06T16:30:00+00:00\",\"description\":\"Com contrato garantido at\u00e9 a Copa de 2030, o treinador italiano seguir\u00e1 no comando da equipe, mas iniciar\u00e1 um amplo processo de reformula\u00e7\u00e3o visando o pr\u00f3ximo ciclo\",\"breadcrumb\":{\"@id\":\"https:\\\/\\\/revistaoeste.com\\\/esporte\\\/carlo-ancelotti-prepara-reformulacao-na-selecao-depois-de-eliminacao-na-copa-de-2026\\\/#breadcrumb\"},\"inLanguage\":\"pt-BR\",\"potentialAction\":[{\"@type\":\"ReadAction\",\"target\":[\"https:\\\/\\\/revistaoeste.com\\\/esporte\\\/carlo-ancelotti-prepara-reformulacao-na-selecao-depois-de-eliminacao-na-copa-de-2026\\\/\"]}]},{\"@type\":\"ImageObject\",\"inLanguage\":\"pt-BR\",\"@id\":\"https:\\\/\\\/revistaoeste.com\\\/esporte\\\/carlo-ancelotti-prepara-reformulacao-na-selecao-depois-de-eliminacao-na-copa-de-2026\\\/#primaryimage\",\"url\":\"https:\\\/\\\/revistaoeste.com\\\/esporte\\\/wp-content\\\/uploads\\\/2026\\\/06\\\/Ance.jpg\",\"contentUrl\":\"https:\\\/\\\/revistaoeste.com\\\/esporte\\\/wp-content\\\/uploads\\\/2026\\\/06\\\/Ance.jpg\",\"width\":640,\"height\":439,\"caption\":\"Carlo Ancelotti assumiu a Sele\u00e7\u00e3o Brasileira em maio de 2025 | Foto: Rafael Ribeiro\\\/CBF\"},{\"@type\":\"BreadcrumbList\",\"@id\":\"https:\\\/\\\/revistaoeste.com\\\/esporte\\\/carlo-ancelotti-prepara-reformulacao-na-selecao-depois-de-eliminacao-na-copa-de-2026\\\/#breadcrumb\",\"itemListElement\":[{\"@type\":\"ListItem\",\"position\":1,\"name\":\"In\u00edcio\",\"item\":\"https:\\\/\\\/revistaoeste.com\\\/esporte\\\/\"},{\"@type\":\"ListItem\",\"position\":2,\"name\":\"Carlo Ancelotti prepara reformula\u00e7\u00e3o na Sele\u00e7\u00e3o depois de elimina\u00e7\u00e3o na Copa de 2026\"}]},{\"@type\":\"WebSite\",\"@id\":\"https:\\\/\\\/revistaoeste.com\\\/esporte\\\/#website\",\"url\":\"https:\\\/\\\/revistaoeste.com\\\/esporte\\\/\",\"name\":\"Oeste Esporte\",\"description\":\"Copa sem Firula\",\"publisher\":{\"@id\":\"https:\\\/\\\/revistaoeste.com\\\/esporte\\\/#organization\"},\"potentialAction\":[{\"@type\":\"SearchAction\",\"target\":{\"@type\":\"EntryPoint\",\"urlTemplate\":\"https:\\\/\\\/revistaoeste.com\\\/esporte\\\/?s={search_term_string}\"},\"query-input\":{\"@type\":\"PropertyValueSpecification\",\"valueRequired\":true,\"valueName\":\"search_term_string\"}}],\"inLanguage\":\"pt-BR\"},{\"@type\":\"Organization\",\"@id\":\"https:\\\/\\\/revistaoeste.com\\\/esporte\\\/#organization\",\"name\":\"Oeste Esporte\",\"url\":\"https:\\\/\\\/revistaoeste.com\\\/esporte\\\/\",\"logo\":{\"@type\":\"ImageObject\",\"inLanguage\":\"pt-BR\",\"@id\":\"https:\\\/\\\/revistaoeste.com\\\/esporte\\\/#\\\/schema\\\/logo\\\/image\\\/\",\"url\":\"https:\\\/\\\/revistaoeste.com\\\/esporte\\\/wp-content\\\/uploads\\\/2026\\\/03\\\/avatar.jpg\",\"contentUrl\":\"https:\\\/\\\/revistaoeste.com\\\/esporte\\\/wp-content\\\/uploads\\\/2026\\\/03\\\/avatar.jpg\",\"width\":500,\"height\":500,\"caption\":\"Oeste Esporte\"},\"image\":{\"@id\":\"https:\\\/\\\/revistaoeste.com\\\/esporte\\\/#\\\/schema\\\/logo\\\/image\\\/\"},\"sameAs\":[\"https:\\\/\\\/www.facebook.com\\\/oesterevista\\\/\",\"https:\\\/\\\/x.com\\\/revistaoeste\",\"https:\\\/\\\/www.youtube.com\\\/@OesteEsporte\",\"https:\\\/\\\/www.instagram.com\\\/revistaoeste\\\/\"]},{\"@type\":\"Person\",\"@id\":\"https:\\\/\\\/revistaoeste.com\\\/esporte\\\/#\\\/schema\\\/person\\\/6622e4d5d99a35adf0de88128e8d66a9\",\"name\":\"Oeste Esporte\",\"image\":{\"@type\":\"ImageObject\",\"inLanguage\":\"pt-BR\",\"@id\":\"https:\\\/\\\/secure.gravatar.com\\\/avatar\\\/8a2c5501fe5eb922c6c1838ad6a759fe758ecb18b48e36083e67f353c16e08ac?s=96&d=mm&r=g\",\"url\":\"https:\\\/\\\/secure.gravatar.com\\\/avatar\\\/8a2c5501fe5eb922c6c1838ad6a759fe758ecb18b48e36083e67f353c16e08ac?s=96&d=mm&r=g\",\"contentUrl\":\"https:\\\/\\\/secure.gravatar.com\\\/avatar\\\/8a2c5501fe5eb922c6c1838ad6a759fe758ecb18b48e36083e67f353c16e08ac?s=96&d=mm&r=g\",\"caption\":\"Oeste Esporte\"},\"url\":\"https:\\\/\\\/revistaoeste.com\\\/esporte\\\/author\\\/felipebellirevistaoeste-com\\\/\"}]}<\/script>\n<!-- \/ Yoast SEO plugin. -->","yoast_head_json":{"title":"Carlo Ancelotti prepara reformula\u00e7\u00e3o na Sele\u00e7\u00e3o Brasileira","description":"Com contrato garantido at\u00e9 a Copa de 2030, o treinador italiano seguir\u00e1 no comando da equipe, mas iniciar\u00e1 um amplo processo de reformula\u00e7\u00e3o visando o pr\u00f3ximo ciclo","robots":{"index":"index","follow":"follow","max-snippet":"max-snippet:-1","max-image-preview":"max-image-preview:large","max-video-preview":"max-video-preview:-1"},"canonical":"https:\/\/revistaoeste.com\/esporte\/carlo-ancelotti-prepara-reformulacao-na-selecao-depois-de-eliminacao-na-copa-de-2026\/","og_locale":"pt_BR","og_type":"article","og_title":"Carlo Ancelotti prepara reformula\u00e7\u00e3o na Sele\u00e7\u00e3o Brasileira","og_description":"Com contrato garantido at\u00e9 a Copa de 2030, o treinador italiano seguir\u00e1 no comando da equipe, mas iniciar\u00e1 um amplo processo de reformula\u00e7\u00e3o visando o pr\u00f3ximo ciclo","og_url":"https:\/\/revistaoeste.com\/esporte\/carlo-ancelotti-prepara-reformulacao-na-selecao-depois-de-eliminacao-na-copa-de-2026\/","og_site_name":"Oeste Esporte","article_publisher":"https:\/\/www.facebook.com\/oesterevista\/","article_published_time":"2026-07-06T16:30:00+00:00","og_image":[{"width":640,"height":439,"url":"https:\/\/revistaoeste.com\/esporte\/wp-content\/uploads\/2026\/06\/Ance.jpg","type":"image\/jpeg"}],"author":"Oeste Esporte","twitter_card":"summary_large_image","twitter_creator":"@revistaoeste","twitter_site":"@revistaoeste","twitter_misc":{"Escrito por":"Oeste Esporte","Est. tempo de leitura":"4 minutos"},"schema":{"@context":"https:\/\/schema.org","@graph":[{"@type":"Article","@id":"https:\/\/revistaoeste.com\/esporte\/carlo-ancelotti-prepara-reformulacao-na-selecao-depois-de-eliminacao-na-copa-de-2026\/#article","isPartOf":{"@id":"https:\/\/revistaoeste.com\/esporte\/carlo-ancelotti-prepara-reformulacao-na-selecao-depois-de-eliminacao-na-copa-de-2026\/"},"author":{"name":"Oeste Esporte","@id":"https:\/\/revistaoeste.com\/esporte\/#\/schema\/person\/6622e4d5d99a35adf0de88128e8d66a9"},"headline":"Carlo Ancelotti prepara reformula\u00e7\u00e3o na Sele\u00e7\u00e3o depois de elimina\u00e7\u00e3o na Copa de 2026","datePublished":"2026-07-06T16:30:00+00:00","mainEntityOfPage":{"@id":"https:\/\/revistaoeste.com\/esporte\/carlo-ancelotti-prepara-reformulacao-na-selecao-depois-de-eliminacao-na-copa-de-2026\/"},"wordCount":589,"commentCount":0,"publisher":{"@id":"https:\/\/revistaoeste.com\/esporte\/#organization"},"image":{"@id":"https:\/\/revistaoeste.com\/esporte\/carlo-ancelotti-prepara-reformulacao-na-selecao-depois-de-eliminacao-na-copa-de-2026\/#primaryimage"},"thumbnailUrl":"https:\/\/revistaoeste.com\/esporte\/wp-content\/uploads\/2026\/06\/Ance.jpg","keywords":["2026","Brasil","Copa do Mundo","Copa do Mundo 2026","FIFA","futebol","sele\u00e7\u00e3o","sele\u00e7\u00e3o brasileira"],"articleSection":["Sele\u00e7\u00e3o Brasileira","\u00daltimas Not\u00edcias"],"inLanguage":"pt-BR","potentialAction":[{"@type":"CommentAction","name":"Comment","target":["https:\/\/revistaoeste.com\/esporte\/carlo-ancelotti-prepara-reformulacao-na-selecao-depois-de-eliminacao-na-copa-de-2026\/#respond"]}]},{"@type":"WebPage","@id":"https:\/\/revistaoeste.com\/esporte\/carlo-ancelotti-prepara-reformulacao-na-selecao-depois-de-eliminacao-na-copa-de-2026\/","url":"https:\/\/revistaoeste.com\/esporte\/carlo-ancelotti-prepara-reformulacao-na-selecao-depois-de-eliminacao-na-copa-de-2026\/","name":"Carlo Ancelotti prepara reformula\u00e7\u00e3o na Sele\u00e7\u00e3o Brasileira","isPartOf":{"@id":"https:\/\/revistaoeste.com\/esporte\/#website"},"primaryImageOfPage":{"@id":"https:\/\/revistaoeste.com\/esporte\/carlo-ancelotti-prepara-reformulacao-na-selecao-depois-de-eliminacao-na-copa-de-2026\/#primaryimage"},"image":{"@id":"https:\/\/revistaoeste.com\/esporte\/carlo-ancelotti-prepara-reformulacao-na-selecao-depois-de-eliminacao-na-copa-de-2026\/#primaryimage"},"thumbnailUrl":"https:\/\/revistaoeste.com\/esporte\/wp-content\/uploads\/2026\/06\/Ance.jpg","datePublished":"2026-07-06T16:30:00+00:00","description":"Com contrato garantido at\u00e9 a Copa de 2030, o treinador italiano seguir\u00e1 no comando da equipe, mas iniciar\u00e1 um amplo processo de reformula\u00e7\u00e3o visando o pr\u00f3ximo ciclo","breadcrumb":{"@id":"https:\/\/revistaoeste.com\/esporte\/carlo-ancelotti-prepara-reformulacao-na-selecao-depois-de-eliminacao-na-copa-de-2026\/#breadcrumb"},"inLanguage":"pt-BR","potentialAction":[{"@type":"ReadAction","target":["https:\/\/revistaoeste.com\/esporte\/carlo-ancelotti-prepara-reformulacao-na-selecao-depois-de-eliminacao-na-copa-de-2026\/"]}]},{"@type":"ImageObject","inLanguage":"pt-BR","@id":"https:\/\/revistaoeste.com\/esporte\/carlo-ancelotti-prepara-reformulacao-na-selecao-depois-de-eliminacao-na-copa-de-2026\/#primaryimage","url":"https:\/\/revistaoeste.com\/esporte\/wp-content\/uploads\/2026\/06\/Ance.jpg","contentUrl":"https:\/\/revistaoeste.com\/esporte\/wp-content\/uploads\/2026\/06\/Ance.jpg","width":640,"height":439,"caption":"Carlo Ancelotti assumiu a Sele\u00e7\u00e3o Brasileira em maio de 2025 | Foto: Rafael Ribeiro\/CBF"},{"@type":"BreadcrumbList","@id":"https:\/\/revistaoeste.com\/esporte\/carlo-ancelotti-prepara-reformulacao-na-selecao-depois-de-eliminacao-na-copa-de-2026\/#breadcrumb","itemListElement":[{"@type":"ListItem","position":1,"name":"In\u00edcio","item":"https:\/\/revistaoeste.com\/esporte\/"},{"@type":"ListItem","position":2,"name":"Carlo Ancelotti prepara reformula\u00e7\u00e3o na Sele\u00e7\u00e3o depois de elimina\u00e7\u00e3o na Copa de 2026"}]},{"@type":"WebSite","@id":"https:\/\/revistaoeste.com\/esporte\/#website","url":"https:\/\/revistaoeste.com\/esporte\/","name":"Oeste Esporte","description":"Copa sem Firula","publisher":{"@id":"https:\/\/revistaoeste.com\/esporte\/#organization"},"potentialAction":[{"@type":"SearchAction","target":{"@type":"EntryPoint","urlTemplate":"https:\/\/revistaoeste.com\/esporte\/?s={search_term_string}"},"query-input":{"@type":"PropertyValueSpecification","valueRequired":true,"valueName":"search_term_string"}}],"inLanguage":"pt-BR"},{"@type":"Organization","@id":"https:\/\/revistaoeste.com\/esporte\/#organization","name":"Oeste Esporte","url":"https:\/\/revistaoeste.com\/esporte\/","logo":{"@type":"ImageObject","inLanguage":"pt-BR","@id":"https:\/\/revistaoeste.com\/esporte\/#\/schema\/logo\/image\/","url":"https:\/\/revistaoeste.com\/esporte\/wp-content\/uploads\/2026\/03\/avatar.jpg","contentUrl":"https:\/\/revistaoeste.com\/esporte\/wp-content\/uploads\/2026\/03\/avatar.jpg","width":500,"height":500,"caption":"Oeste Esporte"},"image":{"@id":"https:\/\/revistaoeste.com\/esporte\/#\/schema\/logo\/image\/"},"sameAs":["https:\/\/www.facebook.com\/oesterevista\/","https:\/\/x.com\/revistaoeste","https:\/\/www.youtube.com\/@OesteEsporte","https:\/\/www.instagram.com\/revistaoeste\/"]},{"@type":"Person","@id":"https:\/\/revistaoeste.com\/esporte\/#\/schema\/person\/6622e4d5d99a35adf0de88128e8d66a9","name":"Oeste Esporte","image":{"@type":"ImageObject","inLanguage":"pt-BR","@id":"https:\/\/secure.gravatar.com\/avatar\/8a2c5501fe5eb922c6c1838ad6a759fe758ecb18b48e36083e67f353c16e08ac?s=96&d=mm&r=g","url":"https:\/\/secure.gravatar.com\/avatar\/8a2c5501fe5eb922c6c1838ad6a759fe758ecb18b48e36083e67f353c16e08ac?s=96&d=mm&r=g","contentUrl":"https:\/\/secure.gravatar.com\/avatar\/8a2c5501fe5eb922c6c1838ad6a759fe758ecb18b48e36083e67f353c16e08ac?s=96&d=mm&r=g","caption":"Oeste Esporte"},"url":"https:\/\/revistaoeste.com\/esporte\/author\/felipebellirevistaoeste-com\/"}]}},"_links":{"self":[{"href":"https:\/\/revistaoeste.com\/esporte\/wp-json\/wp\/v2\/posts\/10392","targetHints":{"allow":["GET"]}}],"collection":[{"href":"https:\/\/revistaoeste.com\/esporte\/wp-json\/wp\/v2\/posts"}],"about":[{"href":"https:\/\/revistaoeste.com\/esporte\/wp-json\/wp\/v2\/types\/post"}],"author":[{"embeddable":true,"href":"https:\/\/revistaoeste.com\/esporte\/wp-json\/wp\/v2\/users\/5"}],"replies":[{"embeddable":true,"href":"https:\/\/revistaoeste.com\/esporte\/wp-json\/wp\/v2\/comments?post=10392"}],"version-history":[{"count":1,"href":"https:\/\/revistaoeste.com\/esporte\/wp-json\/wp\/v2\/posts\/10392\/revisions"}],"predecessor-version":[{"id":10398,"href":"https:\/\/revistaoeste.com\/esporte\/wp-json\/wp\/v2\/posts\/10392\/revisions\/10398"}],"wp:featuredmedia":[{"embeddable":true,"href":"https:\/\/revistaoeste.com\/esporte\/wp-json\/wp\/v2\/media\/3254"}],"wp:attachment":[{"href":"https:\/\/revistaoeste.com\/esporte\/wp-json\/wp\/v2\/media?parent=10392"}],"wp:term":[{"taxonomy":"category","embeddable":true,"href":"https:\/\/revistaoeste.com\/esporte\/wp-json\/wp\/v2\/categories?post=10392"},{"taxonomy":"post_tag","embeddable":true,"href":"https:\/\/revistaoeste.com\/esporte\/wp-json\/wp\/v2\/tags?post=10392"}],"curies":[{"name":"wp","href":"https:\/\/api.w.org\/{rel}","templated":true}]}}