{"id":10469,"date":"2026-07-06T20:00:00","date_gmt":"2026-07-06T23:00:00","guid":{"rendered":"https:\/\/revistaoeste.com\/esporte\/?p=10469"},"modified":"2026-07-06T19:37:47","modified_gmt":"2026-07-06T22:37:47","slug":"belgica-e-estados-unidos-duelam-por-vaga-nas-quartas-da-copa-do-mundo","status":"publish","type":"post","link":"https:\/\/revistaoeste.com\/esporte\/belgica-e-estados-unidos-duelam-por-vaga-nas-quartas-da-copa-do-mundo\/","title":{"rendered":"B\u00e9lgica e Estados Unidos duelam por vaga nas quartas da Copa do Mundo"},"content":{"rendered":"\n<p class=\"wp-block-paragraph\">B\u00e9lgica e Estados Unidos se enfrentam nesta segunda-feira, 6, \u00e0s 21h (de Bras\u00edlia), no Lumen Field, em Seattle, pelas oitavas de final da Copa do Mundo de 2026. Em jogo est\u00e1 uma vaga entre os oito melhores do Mundial. Quem avan\u00e7ar enfrentar\u00e1 o vencedor do cl\u00e1ssico entre Portugal e Espanha nas quartas de final.<\/p>\n\n\n\n<p class=\"wp-block-paragraph\"><strong>+ Leia mais not\u00edcias de&nbsp;<a href=\"https:\/\/revistaoeste.com\/esporte\/\">Oeste Esporte<\/a><\/strong><\/p>\n\n\n\n<p class=\"wp-block-paragraph\">A partida marca o reencontro entre as sele\u00e7\u00f5es em uma Copa do Mundo 12 anos ap\u00f3s o duelo das oitavas de final de 2014, no Brasil. Na ocasi\u00e3o, a B\u00e9lgica venceu os norte-americanos por 2 a 1 na prorroga\u00e7\u00e3o, em um jogo que ficou marcado pela atua\u00e7\u00e3o hist\u00f3rica do goleiro Tim Howard, que estabeleceu o recorde de defesas em uma \u00fanica partida de Mundial. Agora, os Estados Unidos tentam dar o troco jogando em casa, diante de sua torcida em Seattle.<\/p>\n\n\n\n<p class=\"wp-block-paragraph\">Os norte-americanos chegam embalados depois de eliminarem a B\u00f3snia e Herzegovina por 2 a 0 nos 16 avos de final. A equipe comandada por Mauricio Pochettino faz uma campanha consistente e sonha em alcan\u00e7ar as quartas de final pela primeira vez desde a Copa do Mundo de 2002. Al\u00e9m do fator casa, os Estados Unidos ganharam um importante refor\u00e7o com a libera\u00e7\u00e3o do atacante Folarin Balogun, que teve sua suspens\u00e3o suspensa pela Fifa e poder\u00e1 atuar diante dos belgas.<\/p>\n\n\n\n<p class=\"wp-block-paragraph\">A B\u00e9lgica, por sua vez, chega motivada ap\u00f3s eliminar Senegal em um confronto decidido apenas na prorroga\u00e7\u00e3o. A gera\u00e7\u00e3o liderada por Kevin De Bruyne, Thibaut Courtois e J\u00e9r\u00e9my Doku busca recolocar os Diabos Vermelhos entre os protagonistas do futebol mundial depois da elimina\u00e7\u00e3o ainda na fase de grupos da Copa de 2022.<\/p>\n\n\n\n<h2 class=\"wp-block-heading\">Momento da B\u00e9lgica<\/h2>\n\n\n\n<p class=\"wp-block-paragraph\">A sele\u00e7\u00e3o comandada por Rudi Garcia mostrou for\u00e7a mental para superar Senegal no mata-mata e aposta na experi\u00eancia de jogadores como Courtois e De Bruyne para controlar a partida. A velocidade de J\u00e9r\u00e9my Doku pelos lados e a qualidade t\u00e9cnica do meio-campo s\u00e3o apontadas como as principais armas belgas para buscar a classifica\u00e7\u00e3o.<\/p>\n\n\n\n<h2 class=\"wp-block-heading\">Momento dos Estados Unidos<\/h2>\n\n\n\n<p class=\"wp-block-paragraph\">Vivendo um grande momento diante de sua torcida, os Estados Unidos apostam na intensidade da equipe montada por Mauricio Pochettino. Christian Pulisic continua sendo o principal nome do time, enquanto Balogun retorna como op\u00e7\u00e3o importante para o ataque ap\u00f3s a decis\u00e3o da Fifa que o liberou para atuar. A expectativa \u00e9 de um Lumen Field lotado empurrando os anfitri\u00f5es em busca de uma vaga hist\u00f3rica nas quartas de final.<\/p>\n\n\n\n<h2 class=\"wp-block-heading\">Ficha da partida<\/h2>\n\n\n\n<p class=\"wp-block-paragraph\"><strong>Jogo:<\/strong> B\u00e9lgica x Estados Unidos<\/p>\n\n\n\n<p class=\"wp-block-paragraph\"><strong>Competi\u00e7\u00e3o:<\/strong> Copa do Mundo de 2026 \u2013 Oitavas de final<\/p>\n\n\n\n<p class=\"wp-block-paragraph\"><strong>Data:<\/strong> Segunda-feira, 6 de julho de 2026<\/p>\n\n\n\n<p class=\"wp-block-paragraph\"><strong>Hor\u00e1rio:<\/strong> 21h (de Bras\u00edlia)<\/p>\n\n\n\n<p class=\"wp-block-paragraph\"><strong>Local:<\/strong> Lumen Field, Seattle (Estados Unidos)<\/p>\n\n\n\n<p class=\"wp-block-paragraph\"><strong>Transmiss\u00e3o:<\/strong> Caz\u00e9TV.<\/p>\n\n\n\n<h2 class=\"wp-block-heading\">Escala\u00e7\u00e3o da B\u00e9lgica<\/h2>\n\n\n\n<p class=\"wp-block-paragraph\"><strong>1<\/strong> \u2013 Thibaut Courtois<br><strong>21<\/strong> \u2013 Timothy Castagne<br><strong>25<\/strong> \u2013 Nathan Ngoy<br><strong>4<\/strong> \u2013 Brandon Mechele<br><strong>5<\/strong> \u2013 Maxim De Cuyper<br><strong>24<\/strong> \u2013 Amadou Onana<br><strong>8<\/strong> \u2013 Youri Tielemans<br><strong>14<\/strong> \u2013 Dodi Lukebakio<br><strong>23<\/strong> \u2013 Nicolas Raskin<br><strong>10<\/strong> \u2013 Leandro Trossard<br><strong>17<\/strong> \u2013 Charles De Ketelaere<\/p>\n\n\n\n<p class=\"wp-block-paragraph\"><strong>T\u00e9cnico:<\/strong> Rudi Garcia<\/p>\n\n\n\n<h2 class=\"wp-block-heading\">Escala\u00e7\u00e3o dos Estados Unidos<\/h2>\n\n\n\n<p class=\"wp-block-paragraph\"><strong>24<\/strong> \u2013 Matt Freese<br><strong>16<\/strong> \u2013 Alex Freeman<br><strong>3<\/strong> \u2013 Chris Richards<br><strong>13<\/strong> \u2013 Tim Ream<br><strong>5<\/strong> \u2013 Antonee Robinson<br><strong>17<\/strong> \u2013 Malik Tillman<br><strong>4<\/strong> \u2013 Tyler Adams (C)<br><strong>2<\/strong> \u2013 Sergi\u00f1o Dest<br><strong>8<\/strong> \u2013 Weston McKennie<br><strong>10<\/strong> \u2013 Christian Pulisic<br><strong>20<\/strong> \u2013 Folarin Balogun<\/p>\n\n\n\n<p class=\"wp-block-paragraph\"><strong>T\u00e9cnico:<\/strong> Mauricio Pochettino<\/p>\n","protected":false},"excerpt":{"rendered":"<p>B\u00e9lgica e Estados Unidos se enfrentam nesta segunda-feira, 6, \u00e0s 21h (de Bras\u00edlia), no Lumen Field, em Seattle, pelas oitavas de final&hellip;<\/p>\n","protected":false},"author":5,"featured_media":1903,"comment_status":"open","ping_status":"open","sticky":false,"template":"","format":"standard","meta":{"footnotes":""},"categories":[8],"tags":[110,2415,23,75,138,44,29],"class_list":["post-10469","post","type-post","status-publish","format-standard","has-post-thumbnail","hentry","category-ultimas-noticias","tag-110","tag-belgica-2","tag-copa-do-mundo","tag-copa-do-mundo-2026","tag-estados-unidos","tag-fifa","tag-futebol"],"yoast_head":"<!-- This site is optimized with the Yoast SEO plugin v28.0 - https:\/\/yoast.com\/product\/yoast-seo-wordpress\/ -->\n<title>B\u00e9lgica e Estados Unidos duelam por vaga nas quartas da Copa<\/title>\n<meta name=\"description\" content=\"B\u00e9lgica e Estados Unidos se enfrentam nesta segunda-feira, 6, \u00e0s 21h (de Bras\u00edlia), no Lumen Field, em Seattle, pelas oitavas de final da Copa do Mundo de 2026.\" \/>\n<meta name=\"robots\" content=\"index, follow, max-snippet:-1, max-image-preview:large, max-video-preview:-1\" \/>\n<link rel=\"canonical\" href=\"https:\/\/revistaoeste.com\/esporte\/belgica-e-estados-unidos-duelam-por-vaga-nas-quartas-da-copa-do-mundo\/\" \/>\n<meta property=\"og:locale\" content=\"pt_BR\" \/>\n<meta property=\"og:type\" content=\"article\" \/>\n<meta property=\"og:title\" content=\"B\u00e9lgica e Estados Unidos duelam por vaga nas quartas da Copa\" \/>\n<meta property=\"og:description\" content=\"B\u00e9lgica e Estados Unidos se enfrentam nesta segunda-feira, 6, \u00e0s 21h (de Bras\u00edlia), no Lumen Field, em Seattle, pelas oitavas de final da Copa do Mundo de 2026.\" \/>\n<meta property=\"og:url\" content=\"https:\/\/revistaoeste.com\/esporte\/belgica-e-estados-unidos-duelam-por-vaga-nas-quartas-da-copa-do-mundo\/\" \/>\n<meta property=\"og:site_name\" content=\"Oeste Esporte\" \/>\n<meta property=\"article:publisher\" content=\"https:\/\/www.facebook.com\/oesterevista\/\" \/>\n<meta property=\"article:published_time\" content=\"2026-07-06T23:00:00+00:00\" \/>\n<meta property=\"og:image\" content=\"https:\/\/revistaoeste.com\/esporte\/wp-content\/uploads\/2026\/05\/USMNT.jpg\" \/>\n\t<meta property=\"og:image:width\" content=\"640\" \/>\n\t<meta property=\"og:image:height\" content=\"416\" \/>\n\t<meta property=\"og:image:type\" content=\"image\/jpeg\" \/>\n<meta name=\"author\" content=\"Oeste Esporte\" \/>\n<meta name=\"twitter:card\" content=\"summary_large_image\" \/>\n<meta name=\"twitter:creator\" content=\"@revistaoeste\" \/>\n<meta name=\"twitter:site\" content=\"@revistaoeste\" \/>\n<meta name=\"twitter:label1\" content=\"Escrito por\" \/>\n\t<meta name=\"twitter:data1\" content=\"Oeste Esporte\" \/>\n\t<meta name=\"twitter:label2\" content=\"Est. tempo de leitura\" \/>\n\t<meta name=\"twitter:data2\" content=\"4 minutos\" \/>\n<script type=\"application\/ld+json\" class=\"yoast-schema-graph\">{\"@context\":\"https:\\\/\\\/schema.org\",\"@graph\":[{\"@type\":\"Article\",\"@id\":\"https:\\\/\\\/revistaoeste.com\\\/esporte\\\/belgica-e-estados-unidos-duelam-por-vaga-nas-quartas-da-copa-do-mundo\\\/#article\",\"isPartOf\":{\"@id\":\"https:\\\/\\\/revistaoeste.com\\\/esporte\\\/belgica-e-estados-unidos-duelam-por-vaga-nas-quartas-da-copa-do-mundo\\\/\"},\"author\":{\"name\":\"Oeste Esporte\",\"@id\":\"https:\\\/\\\/www.revistaoeste.com\\\/esporte\\\/#\\\/schema\\\/person\\\/6622e4d5d99a35adf0de88128e8d66a9\"},\"headline\":\"B\u00e9lgica e Estados Unidos duelam por vaga nas quartas da Copa do Mundo\",\"datePublished\":\"2026-07-06T23:00:00+00:00\",\"mainEntityOfPage\":{\"@id\":\"https:\\\/\\\/revistaoeste.com\\\/esporte\\\/belgica-e-estados-unidos-duelam-por-vaga-nas-quartas-da-copa-do-mundo\\\/\"},\"wordCount\":548,\"commentCount\":0,\"publisher\":{\"@id\":\"https:\\\/\\\/www.revistaoeste.com\\\/esporte\\\/#organization\"},\"image\":{\"@id\":\"https:\\\/\\\/revistaoeste.com\\\/esporte\\\/belgica-e-estados-unidos-duelam-por-vaga-nas-quartas-da-copa-do-mundo\\\/#primaryimage\"},\"thumbnailUrl\":\"https:\\\/\\\/revistaoeste.com\\\/esporte\\\/wp-content\\\/uploads\\\/2026\\\/05\\\/USMNT.jpg\",\"keywords\":[\"2026\",\"belgica\",\"Copa do Mundo\",\"Copa do Mundo 2026\",\"Estados Unidos\",\"FIFA\",\"futebol\"],\"articleSection\":[\"\u00daltimas Not\u00edcias\"],\"inLanguage\":\"pt-BR\",\"potentialAction\":[{\"@type\":\"CommentAction\",\"name\":\"Comment\",\"target\":[\"https:\\\/\\\/revistaoeste.com\\\/esporte\\\/belgica-e-estados-unidos-duelam-por-vaga-nas-quartas-da-copa-do-mundo\\\/#respond\"]}]},{\"@type\":\"WebPage\",\"@id\":\"https:\\\/\\\/revistaoeste.com\\\/esporte\\\/belgica-e-estados-unidos-duelam-por-vaga-nas-quartas-da-copa-do-mundo\\\/\",\"url\":\"https:\\\/\\\/revistaoeste.com\\\/esporte\\\/belgica-e-estados-unidos-duelam-por-vaga-nas-quartas-da-copa-do-mundo\\\/\",\"name\":\"B\u00e9lgica e Estados Unidos duelam por vaga nas quartas da Copa\",\"isPartOf\":{\"@id\":\"https:\\\/\\\/www.revistaoeste.com\\\/esporte\\\/#website\"},\"primaryImageOfPage\":{\"@id\":\"https:\\\/\\\/revistaoeste.com\\\/esporte\\\/belgica-e-estados-unidos-duelam-por-vaga-nas-quartas-da-copa-do-mundo\\\/#primaryimage\"},\"image\":{\"@id\":\"https:\\\/\\\/revistaoeste.com\\\/esporte\\\/belgica-e-estados-unidos-duelam-por-vaga-nas-quartas-da-copa-do-mundo\\\/#primaryimage\"},\"thumbnailUrl\":\"https:\\\/\\\/revistaoeste.com\\\/esporte\\\/wp-content\\\/uploads\\\/2026\\\/05\\\/USMNT.jpg\",\"datePublished\":\"2026-07-06T23:00:00+00:00\",\"description\":\"B\u00e9lgica e Estados Unidos se enfrentam nesta segunda-feira, 6, \u00e0s 21h (de Bras\u00edlia), no Lumen Field, em Seattle, pelas oitavas de final da Copa do Mundo de 2026.\",\"breadcrumb\":{\"@id\":\"https:\\\/\\\/revistaoeste.com\\\/esporte\\\/belgica-e-estados-unidos-duelam-por-vaga-nas-quartas-da-copa-do-mundo\\\/#breadcrumb\"},\"inLanguage\":\"pt-BR\",\"potentialAction\":[{\"@type\":\"ReadAction\",\"target\":[\"https:\\\/\\\/revistaoeste.com\\\/esporte\\\/belgica-e-estados-unidos-duelam-por-vaga-nas-quartas-da-copa-do-mundo\\\/\"]}]},{\"@type\":\"ImageObject\",\"inLanguage\":\"pt-BR\",\"@id\":\"https:\\\/\\\/revistaoeste.com\\\/esporte\\\/belgica-e-estados-unidos-duelam-por-vaga-nas-quartas-da-copa-do-mundo\\\/#primaryimage\",\"url\":\"https:\\\/\\\/revistaoeste.com\\\/esporte\\\/wp-content\\\/uploads\\\/2026\\\/05\\\/USMNT.jpg\",\"contentUrl\":\"https:\\\/\\\/revistaoeste.com\\\/esporte\\\/wp-content\\\/uploads\\\/2026\\\/05\\\/USMNT.jpg\",\"width\":640,\"height\":416,\"caption\":\"Estados Unidos sediar\u00e1 sua segunda Copa e busca o pimeiro t\u00edtulo | Foto: Reprodu\u00e7\u00e3o\\\/ USMNT\"},{\"@type\":\"BreadcrumbList\",\"@id\":\"https:\\\/\\\/revistaoeste.com\\\/esporte\\\/belgica-e-estados-unidos-duelam-por-vaga-nas-quartas-da-copa-do-mundo\\\/#breadcrumb\",\"itemListElement\":[{\"@type\":\"ListItem\",\"position\":1,\"name\":\"In\u00edcio\",\"item\":\"https:\\\/\\\/www.revistaoeste.com\\\/esporte\\\/\"},{\"@type\":\"ListItem\",\"position\":2,\"name\":\"B\u00e9lgica e Estados Unidos duelam por vaga nas quartas da Copa do Mundo\"}]},{\"@type\":\"WebSite\",\"@id\":\"https:\\\/\\\/www.revistaoeste.com\\\/esporte\\\/#website\",\"url\":\"https:\\\/\\\/www.revistaoeste.com\\\/esporte\\\/\",\"name\":\"Oeste Esporte\",\"description\":\"Copa sem Firula\",\"publisher\":{\"@id\":\"https:\\\/\\\/www.revistaoeste.com\\\/esporte\\\/#organization\"},\"potentialAction\":[{\"@type\":\"SearchAction\",\"target\":{\"@type\":\"EntryPoint\",\"urlTemplate\":\"https:\\\/\\\/www.revistaoeste.com\\\/esporte\\\/?s={search_term_string}\"},\"query-input\":{\"@type\":\"PropertyValueSpecification\",\"valueRequired\":true,\"valueName\":\"search_term_string\"}}],\"inLanguage\":\"pt-BR\"},{\"@type\":\"Organization\",\"@id\":\"https:\\\/\\\/www.revistaoeste.com\\\/esporte\\\/#organization\",\"name\":\"Oeste Esporte\",\"url\":\"https:\\\/\\\/www.revistaoeste.com\\\/esporte\\\/\",\"logo\":{\"@type\":\"ImageObject\",\"inLanguage\":\"pt-BR\",\"@id\":\"https:\\\/\\\/www.revistaoeste.com\\\/esporte\\\/#\\\/schema\\\/logo\\\/image\\\/\",\"url\":\"https:\\\/\\\/revistaoeste.com\\\/esporte\\\/wp-content\\\/uploads\\\/2026\\\/03\\\/avatar.jpg\",\"contentUrl\":\"https:\\\/\\\/revistaoeste.com\\\/esporte\\\/wp-content\\\/uploads\\\/2026\\\/03\\\/avatar.jpg\",\"width\":500,\"height\":500,\"caption\":\"Oeste Esporte\"},\"image\":{\"@id\":\"https:\\\/\\\/www.revistaoeste.com\\\/esporte\\\/#\\\/schema\\\/logo\\\/image\\\/\"},\"sameAs\":[\"https:\\\/\\\/www.facebook.com\\\/oesterevista\\\/\",\"https:\\\/\\\/x.com\\\/revistaoeste\",\"https:\\\/\\\/www.youtube.com\\\/@OesteEsporte\",\"https:\\\/\\\/www.instagram.com\\\/revistaoeste\\\/\"]},{\"@type\":\"Person\",\"@id\":\"https:\\\/\\\/www.revistaoeste.com\\\/esporte\\\/#\\\/schema\\\/person\\\/6622e4d5d99a35adf0de88128e8d66a9\",\"name\":\"Oeste Esporte\",\"image\":{\"@type\":\"ImageObject\",\"inLanguage\":\"pt-BR\",\"@id\":\"https:\\\/\\\/secure.gravatar.com\\\/avatar\\\/8a2c5501fe5eb922c6c1838ad6a759fe758ecb18b48e36083e67f353c16e08ac?s=96&d=mm&r=g\",\"url\":\"https:\\\/\\\/secure.gravatar.com\\\/avatar\\\/8a2c5501fe5eb922c6c1838ad6a759fe758ecb18b48e36083e67f353c16e08ac?s=96&d=mm&r=g\",\"contentUrl\":\"https:\\\/\\\/secure.gravatar.com\\\/avatar\\\/8a2c5501fe5eb922c6c1838ad6a759fe758ecb18b48e36083e67f353c16e08ac?s=96&d=mm&r=g\",\"caption\":\"Oeste Esporte\"},\"url\":\"https:\\\/\\\/revistaoeste.com\\\/esporte\\\/author\\\/felipebellirevistaoeste-com\\\/\"}]}<\/script>\n<!-- \/ Yoast SEO plugin. -->","yoast_head_json":{"title":"B\u00e9lgica e Estados Unidos duelam por vaga nas quartas da Copa","description":"B\u00e9lgica e Estados Unidos se enfrentam nesta segunda-feira, 6, \u00e0s 21h (de Bras\u00edlia), no Lumen Field, em Seattle, pelas oitavas de final da Copa do Mundo de 2026.","robots":{"index":"index","follow":"follow","max-snippet":"max-snippet:-1","max-image-preview":"max-image-preview:large","max-video-preview":"max-video-preview:-1"},"canonical":"https:\/\/revistaoeste.com\/esporte\/belgica-e-estados-unidos-duelam-por-vaga-nas-quartas-da-copa-do-mundo\/","og_locale":"pt_BR","og_type":"article","og_title":"B\u00e9lgica e Estados Unidos duelam por vaga nas quartas da Copa","og_description":"B\u00e9lgica e Estados Unidos se enfrentam nesta segunda-feira, 6, \u00e0s 21h (de Bras\u00edlia), no Lumen Field, em Seattle, pelas oitavas de final da Copa do Mundo de 2026.","og_url":"https:\/\/revistaoeste.com\/esporte\/belgica-e-estados-unidos-duelam-por-vaga-nas-quartas-da-copa-do-mundo\/","og_site_name":"Oeste Esporte","article_publisher":"https:\/\/www.facebook.com\/oesterevista\/","article_published_time":"2026-07-06T23:00:00+00:00","og_image":[{"width":640,"height":416,"url":"https:\/\/revistaoeste.com\/esporte\/wp-content\/uploads\/2026\/05\/USMNT.jpg","type":"image\/jpeg"}],"author":"Oeste Esporte","twitter_card":"summary_large_image","twitter_creator":"@revistaoeste","twitter_site":"@revistaoeste","twitter_misc":{"Escrito por":"Oeste Esporte","Est. tempo de leitura":"4 minutos"},"schema":{"@context":"https:\/\/schema.org","@graph":[{"@type":"Article","@id":"https:\/\/revistaoeste.com\/esporte\/belgica-e-estados-unidos-duelam-por-vaga-nas-quartas-da-copa-do-mundo\/#article","isPartOf":{"@id":"https:\/\/revistaoeste.com\/esporte\/belgica-e-estados-unidos-duelam-por-vaga-nas-quartas-da-copa-do-mundo\/"},"author":{"name":"Oeste Esporte","@id":"https:\/\/www.revistaoeste.com\/esporte\/#\/schema\/person\/6622e4d5d99a35adf0de88128e8d66a9"},"headline":"B\u00e9lgica e Estados Unidos duelam por vaga nas quartas da Copa do Mundo","datePublished":"2026-07-06T23:00:00+00:00","mainEntityOfPage":{"@id":"https:\/\/revistaoeste.com\/esporte\/belgica-e-estados-unidos-duelam-por-vaga-nas-quartas-da-copa-do-mundo\/"},"wordCount":548,"commentCount":0,"publisher":{"@id":"https:\/\/www.revistaoeste.com\/esporte\/#organization"},"image":{"@id":"https:\/\/revistaoeste.com\/esporte\/belgica-e-estados-unidos-duelam-por-vaga-nas-quartas-da-copa-do-mundo\/#primaryimage"},"thumbnailUrl":"https:\/\/revistaoeste.com\/esporte\/wp-content\/uploads\/2026\/05\/USMNT.jpg","keywords":["2026","belgica","Copa do Mundo","Copa do Mundo 2026","Estados Unidos","FIFA","futebol"],"articleSection":["\u00daltimas Not\u00edcias"],"inLanguage":"pt-BR","potentialAction":[{"@type":"CommentAction","name":"Comment","target":["https:\/\/revistaoeste.com\/esporte\/belgica-e-estados-unidos-duelam-por-vaga-nas-quartas-da-copa-do-mundo\/#respond"]}]},{"@type":"WebPage","@id":"https:\/\/revistaoeste.com\/esporte\/belgica-e-estados-unidos-duelam-por-vaga-nas-quartas-da-copa-do-mundo\/","url":"https:\/\/revistaoeste.com\/esporte\/belgica-e-estados-unidos-duelam-por-vaga-nas-quartas-da-copa-do-mundo\/","name":"B\u00e9lgica e Estados Unidos duelam por vaga nas quartas da Copa","isPartOf":{"@id":"https:\/\/www.revistaoeste.com\/esporte\/#website"},"primaryImageOfPage":{"@id":"https:\/\/revistaoeste.com\/esporte\/belgica-e-estados-unidos-duelam-por-vaga-nas-quartas-da-copa-do-mundo\/#primaryimage"},"image":{"@id":"https:\/\/revistaoeste.com\/esporte\/belgica-e-estados-unidos-duelam-por-vaga-nas-quartas-da-copa-do-mundo\/#primaryimage"},"thumbnailUrl":"https:\/\/revistaoeste.com\/esporte\/wp-content\/uploads\/2026\/05\/USMNT.jpg","datePublished":"2026-07-06T23:00:00+00:00","description":"B\u00e9lgica e Estados Unidos se enfrentam nesta segunda-feira, 6, \u00e0s 21h (de Bras\u00edlia), no Lumen Field, em Seattle, pelas oitavas de final da Copa do Mundo de 2026.","breadcrumb":{"@id":"https:\/\/revistaoeste.com\/esporte\/belgica-e-estados-unidos-duelam-por-vaga-nas-quartas-da-copa-do-mundo\/#breadcrumb"},"inLanguage":"pt-BR","potentialAction":[{"@type":"ReadAction","target":["https:\/\/revistaoeste.com\/esporte\/belgica-e-estados-unidos-duelam-por-vaga-nas-quartas-da-copa-do-mundo\/"]}]},{"@type":"ImageObject","inLanguage":"pt-BR","@id":"https:\/\/revistaoeste.com\/esporte\/belgica-e-estados-unidos-duelam-por-vaga-nas-quartas-da-copa-do-mundo\/#primaryimage","url":"https:\/\/revistaoeste.com\/esporte\/wp-content\/uploads\/2026\/05\/USMNT.jpg","contentUrl":"https:\/\/revistaoeste.com\/esporte\/wp-content\/uploads\/2026\/05\/USMNT.jpg","width":640,"height":416,"caption":"Estados Unidos sediar\u00e1 sua segunda Copa e busca o pimeiro t\u00edtulo | Foto: Reprodu\u00e7\u00e3o\/ USMNT"},{"@type":"BreadcrumbList","@id":"https:\/\/revistaoeste.com\/esporte\/belgica-e-estados-unidos-duelam-por-vaga-nas-quartas-da-copa-do-mundo\/#breadcrumb","itemListElement":[{"@type":"ListItem","position":1,"name":"In\u00edcio","item":"https:\/\/www.revistaoeste.com\/esporte\/"},{"@type":"ListItem","position":2,"name":"B\u00e9lgica e Estados Unidos duelam por vaga nas quartas da Copa do Mundo"}]},{"@type":"WebSite","@id":"https:\/\/www.revistaoeste.com\/esporte\/#website","url":"https:\/\/www.revistaoeste.com\/esporte\/","name":"Oeste Esporte","description":"Copa sem Firula","publisher":{"@id":"https:\/\/www.revistaoeste.com\/esporte\/#organization"},"potentialAction":[{"@type":"SearchAction","target":{"@type":"EntryPoint","urlTemplate":"https:\/\/www.revistaoeste.com\/esporte\/?s={search_term_string}"},"query-input":{"@type":"PropertyValueSpecification","valueRequired":true,"valueName":"search_term_string"}}],"inLanguage":"pt-BR"},{"@type":"Organization","@id":"https:\/\/www.revistaoeste.com\/esporte\/#organization","name":"Oeste Esporte","url":"https:\/\/www.revistaoeste.com\/esporte\/","logo":{"@type":"ImageObject","inLanguage":"pt-BR","@id":"https:\/\/www.revistaoeste.com\/esporte\/#\/schema\/logo\/image\/","url":"https:\/\/revistaoeste.com\/esporte\/wp-content\/uploads\/2026\/03\/avatar.jpg","contentUrl":"https:\/\/revistaoeste.com\/esporte\/wp-content\/uploads\/2026\/03\/avatar.jpg","width":500,"height":500,"caption":"Oeste Esporte"},"image":{"@id":"https:\/\/www.revistaoeste.com\/esporte\/#\/schema\/logo\/image\/"},"sameAs":["https:\/\/www.facebook.com\/oesterevista\/","https:\/\/x.com\/revistaoeste","https:\/\/www.youtube.com\/@OesteEsporte","https:\/\/www.instagram.com\/revistaoeste\/"]},{"@type":"Person","@id":"https:\/\/www.revistaoeste.com\/esporte\/#\/schema\/person\/6622e4d5d99a35adf0de88128e8d66a9","name":"Oeste Esporte","image":{"@type":"ImageObject","inLanguage":"pt-BR","@id":"https:\/\/secure.gravatar.com\/avatar\/8a2c5501fe5eb922c6c1838ad6a759fe758ecb18b48e36083e67f353c16e08ac?s=96&d=mm&r=g","url":"https:\/\/secure.gravatar.com\/avatar\/8a2c5501fe5eb922c6c1838ad6a759fe758ecb18b48e36083e67f353c16e08ac?s=96&d=mm&r=g","contentUrl":"https:\/\/secure.gravatar.com\/avatar\/8a2c5501fe5eb922c6c1838ad6a759fe758ecb18b48e36083e67f353c16e08ac?s=96&d=mm&r=g","caption":"Oeste Esporte"},"url":"https:\/\/revistaoeste.com\/esporte\/author\/felipebellirevistaoeste-com\/"}]}},"_links":{"self":[{"href":"https:\/\/revistaoeste.com\/esporte\/wp-json\/wp\/v2\/posts\/10469","targetHints":{"allow":["GET"]}}],"collection":[{"href":"https:\/\/revistaoeste.com\/esporte\/wp-json\/wp\/v2\/posts"}],"about":[{"href":"https:\/\/revistaoeste.com\/esporte\/wp-json\/wp\/v2\/types\/post"}],"author":[{"embeddable":true,"href":"https:\/\/revistaoeste.com\/esporte\/wp-json\/wp\/v2\/users\/5"}],"replies":[{"embeddable":true,"href":"https:\/\/revistaoeste.com\/esporte\/wp-json\/wp\/v2\/comments?post=10469"}],"version-history":[{"count":4,"href":"https:\/\/revistaoeste.com\/esporte\/wp-json\/wp\/v2\/posts\/10469\/revisions"}],"predecessor-version":[{"id":10508,"href":"https:\/\/revistaoeste.com\/esporte\/wp-json\/wp\/v2\/posts\/10469\/revisions\/10508"}],"wp:featuredmedia":[{"embeddable":true,"href":"https:\/\/revistaoeste.com\/esporte\/wp-json\/wp\/v2\/media\/1903"}],"wp:attachment":[{"href":"https:\/\/revistaoeste.com\/esporte\/wp-json\/wp\/v2\/media?parent=10469"}],"wp:term":[{"taxonomy":"category","embeddable":true,"href":"https:\/\/revistaoeste.com\/esporte\/wp-json\/wp\/v2\/categories?post=10469"},{"taxonomy":"post_tag","embeddable":true,"href":"https:\/\/revistaoeste.com\/esporte\/wp-json\/wp\/v2\/tags?post=10469"}],"curies":[{"name":"wp","href":"https:\/\/api.w.org\/{rel}","templated":true}]}}