{"id":10759,"date":"2026-07-08T15:00:00","date_gmt":"2026-07-08T18:00:00","guid":{"rendered":"https:\/\/revistaoeste.com\/esporte\/?p=10759"},"modified":"2026-07-08T13:23:19","modified_gmt":"2026-07-08T16:23:19","slug":"minutos-finais-castigam-a-africa-todas-as-selecoes-da-caf-cairam-no-fim-dos-jogos","status":"publish","type":"post","link":"https:\/\/revistaoeste.com\/esporte\/minutos-finais-castigam-a-africa-todas-as-selecoes-da-caf-cairam-no-fim-dos-jogos\/","title":{"rendered":"Minutos finais castigam a \u00c1frica: todas as sele\u00e7\u00f5es da CAF ca\u00edram no fim dos jogos"},"content":{"rendered":"\n<p class=\"wp-block-paragraph\"><strong>Felipe Belli, Oeste Esporte<br><\/strong><br>A Copa do Mundo de 2026 terminou de forma cruel para os representantes africanos. Um levantamento curioso mostra que todas as seis sele\u00e7\u00f5es da CAF eliminadas no mata-mata sofreram o gol decisivo nos minutos finais das partidas, muitas delas j\u00e1 nos acr\u00e9scimos ou na prorroga\u00e7\u00e3o.<br><br><strong>+ Leia mais not\u00edcias de&nbsp;<a href=\"https:\/\/revistaoeste.com\/esporte\/\">Oeste Esporte<\/a><\/strong><\/p>\n\n\n\n<p class=\"wp-block-paragraph\">O dado evidencia o quanto o continente esteve pr\u00f3ximo de seguir fazendo hist\u00f3ria no Mundial. Em vez de derrotas tranquilas, as elimina\u00e7\u00f5es aconteceram nos instantes derradeiros, transformando campanhas promissoras em despedidas dolorosas.<\/p>\n\n\n\n<h2 class=\"wp-block-heading\">Os gols que eliminaram as sele\u00e7\u00f5es africanas<\/h2>\n\n\n\n<ul class=\"wp-block-list\">\n<li><strong>\u00c1frica do Sul<\/strong> \u2013 eliminada aos <strong>91 minutos<\/strong><\/li>\n\n\n\n<li><strong>Costa do Marfim<\/strong> \u2013 eliminada aos <strong>86 minutos<\/strong><\/li>\n\n\n\n<li><strong>Rep\u00fablica Democr\u00e1tica do Congo<\/strong> \u2013 eliminada aos <strong>86 minutos<\/strong><\/li>\n\n\n\n<li><strong>Senegal<\/strong> \u2013 eliminado aos <strong>125 minutos<\/strong>, nos acr\u00e9scimos da prorroga\u00e7\u00e3o<\/li>\n\n\n\n<li><strong>Cabo Verde<\/strong> \u2013 eliminado aos <strong>111 minutos<\/strong>, na prorroga\u00e7\u00e3o<\/li>\n\n\n\n<li><strong>Egito<\/strong> \u2013 eliminado aos <strong>92 minutos<\/strong><\/li>\n<\/ul>\n\n\n\n<p class=\"wp-block-paragraph\">A elimina\u00e7\u00e3o mais dram\u00e1tica foi a de Senegal, que viu o sonho das quartas de final acabar aos 125 minutos, praticamente no \u00faltimo lance da prorroga\u00e7\u00e3o. J\u00e1 Cabo Verde, uma das grandes surpresas da competi\u00e7\u00e3o, resistiu at\u00e9 os 111 minutos antes de sofrer o gol da elimina\u00e7\u00e3o.<\/p>\n\n\n\n<p class=\"wp-block-paragraph\">O caso do Egito tamb\u00e9m entrou para a hist\u00f3ria da Copa. A sele\u00e7\u00e3o africana vencia a Argentina por 2 a 0 nas oitavas de final, mas sofreu uma virada incr\u00edvel. Depois de descontar, os argentinos empataram e marcaram o gol da classifica\u00e7\u00e3o aos 92 minutos, encerrando uma das partidas mais emocionantes do torneio.<\/p>\n\n\n\n<p class=\"wp-block-paragraph\">A \u00c1frica do Sul tamb\u00e9m ficou muito perto da classifica\u00e7\u00e3o, mas sofreu o gol decisivo aos 91 minutos. J\u00e1 Costa do Marfim e Rep\u00fablica Democr\u00e1tica do Congo acabaram eliminadas aos 86 minutos, quando a disputa caminhava para seus momentos finais.<\/p>\n\n\n\n<p class=\"wp-block-paragraph\">Apesar das elimina\u00e7\u00f5es, o futebol africano protagonizou uma de suas melhores campanhas coletivas em Copas do Mundo. Marrocos, Egito, Cabo Verde, Senegal, \u00c1frica do Sul, Costa do Marfim e Rep\u00fablica Democr\u00e1tica do Congo mostraram competitividade diante das principais pot\u00eancias do futebol mundial, com v\u00e1rias classifica\u00e7\u00f5es para o mata-mata e confrontos decididos apenas nos detalhes.<\/p>\n\n\n\n<p class=\"wp-block-paragraph\">As derrotas nos minutos finais refor\u00e7am um cen\u00e1rio curioso: em vez de serem dominadas pelos advers\u00e1rios, as sele\u00e7\u00f5es africanas estiveram muito pr\u00f3ximas de seguir adiante. Em praticamente todos os casos, a elimina\u00e7\u00e3o aconteceu quando a classifica\u00e7\u00e3o parecia ao alcance, aumentando a sensa\u00e7\u00e3o de que a Copa de 2026 pode ter sido uma oportunidade hist\u00f3rica para o continente alcan\u00e7ar voos ainda maiores.<\/p>\n\n\n\n<p class=\"wp-block-paragraph\"><\/p>\n","protected":false},"excerpt":{"rendered":"<p>Felipe Belli, Oeste EsporteA Copa do Mundo de 2026 terminou de forma cruel para os representantes africanos. Um levantamento curioso mostra que&hellip;<\/p>\n","protected":false},"author":5,"featured_media":9929,"comment_status":"open","ping_status":"open","sticky":false,"template":"","format":"standard","meta":{"footnotes":""},"categories":[8],"tags":[110,753,23,75,44,29,3492],"class_list":["post-10759","post","type-post","status-publish","format-standard","has-post-thumbnail","hentry","category-ultimas-noticias","tag-110","tag-caf","tag-copa-do-mundo","tag-copa-do-mundo-2026","tag-fifa","tag-futebol","tag-selecoes-africanas-2"],"yoast_head":"<!-- This site is optimized with the Yoast SEO plugin v28.0 - https:\/\/yoast.com\/product\/yoast-seo-wordpress\/ -->\n<title>Todas as sele\u00e7\u00f5es Africanas na Copa ca\u00edram nos minutos finais<\/title>\n<meta name=\"description\" content=\"Um levantamento mostra que todas as seis sele\u00e7\u00f5es da CAF eliminadas no mata-mata sofreram o gol decisivo nos minutos finais das partidas\" \/>\n<meta name=\"robots\" content=\"index, follow, max-snippet:-1, max-image-preview:large, max-video-preview:-1\" \/>\n<link rel=\"canonical\" href=\"https:\/\/revistaoeste.com\/esporte\/minutos-finais-castigam-a-africa-todas-as-selecoes-da-caf-cairam-no-fim-dos-jogos\/\" \/>\n<meta property=\"og:locale\" content=\"pt_BR\" \/>\n<meta property=\"og:type\" content=\"article\" \/>\n<meta property=\"og:title\" content=\"Todas as sele\u00e7\u00f5es Africanas na Copa ca\u00edram nos minutos finais\" \/>\n<meta property=\"og:description\" content=\"Um levantamento mostra que todas as seis sele\u00e7\u00f5es da CAF eliminadas no mata-mata sofreram o gol decisivo nos minutos finais das partidas\" \/>\n<meta property=\"og:url\" content=\"https:\/\/revistaoeste.com\/esporte\/minutos-finais-castigam-a-africa-todas-as-selecoes-da-caf-cairam-no-fim-dos-jogos\/\" \/>\n<meta property=\"og:site_name\" content=\"Oeste Esporte\" \/>\n<meta property=\"article:publisher\" content=\"https:\/\/www.facebook.com\/oesterevista\/\" \/>\n<meta property=\"article:published_time\" content=\"2026-07-08T18:00:00+00:00\" \/>\n<meta property=\"og:image\" content=\"https:\/\/revistaoeste.com\/esporte\/wp-content\/uploads\/2026\/07\/senegal-eliminacao.png\" \/>\n\t<meta property=\"og:image:width\" content=\"640\" \/>\n\t<meta property=\"og:image:height\" content=\"449\" \/>\n\t<meta property=\"og:image:type\" content=\"image\/png\" \/>\n<meta name=\"author\" content=\"Oeste Esporte\" \/>\n<meta name=\"twitter:card\" content=\"summary_large_image\" \/>\n<meta name=\"twitter:creator\" content=\"@revistaoeste\" \/>\n<meta name=\"twitter:site\" content=\"@revistaoeste\" \/>\n<meta name=\"twitter:label1\" content=\"Escrito por\" \/>\n\t<meta name=\"twitter:data1\" content=\"Oeste Esporte\" \/>\n\t<meta name=\"twitter:label2\" content=\"Est. tempo de leitura\" \/>\n\t<meta name=\"twitter:data2\" content=\"3 minutos\" \/>\n<script type=\"application\/ld+json\" class=\"yoast-schema-graph\">{\"@context\":\"https:\\\/\\\/schema.org\",\"@graph\":[{\"@type\":\"Article\",\"@id\":\"https:\\\/\\\/revistaoeste.com\\\/esporte\\\/minutos-finais-castigam-a-africa-todas-as-selecoes-da-caf-cairam-no-fim-dos-jogos\\\/#article\",\"isPartOf\":{\"@id\":\"https:\\\/\\\/revistaoeste.com\\\/esporte\\\/minutos-finais-castigam-a-africa-todas-as-selecoes-da-caf-cairam-no-fim-dos-jogos\\\/\"},\"author\":{\"name\":\"Oeste Esporte\",\"@id\":\"https:\\\/\\\/revistaoeste.com\\\/esporte\\\/#\\\/schema\\\/person\\\/6622e4d5d99a35adf0de88128e8d66a9\"},\"headline\":\"Minutos finais castigam a \u00c1frica: todas as sele\u00e7\u00f5es da CAF ca\u00edram no fim dos jogos\",\"datePublished\":\"2026-07-08T18:00:00+00:00\",\"mainEntityOfPage\":{\"@id\":\"https:\\\/\\\/revistaoeste.com\\\/esporte\\\/minutos-finais-castigam-a-africa-todas-as-selecoes-da-caf-cairam-no-fim-dos-jogos\\\/\"},\"wordCount\":439,\"commentCount\":0,\"publisher\":{\"@id\":\"https:\\\/\\\/revistaoeste.com\\\/esporte\\\/#organization\"},\"image\":{\"@id\":\"https:\\\/\\\/revistaoeste.com\\\/esporte\\\/minutos-finais-castigam-a-africa-todas-as-selecoes-da-caf-cairam-no-fim-dos-jogos\\\/#primaryimage\"},\"thumbnailUrl\":\"https:\\\/\\\/revistaoeste.com\\\/esporte\\\/wp-content\\\/uploads\\\/2026\\\/07\\\/senegal-eliminacao.png\",\"keywords\":[\"2026\",\"CAF\",\"Copa do Mundo\",\"Copa do Mundo 2026\",\"FIFA\",\"futebol\",\"sele\u00e7oes africanas\"],\"articleSection\":[\"\u00daltimas Not\u00edcias\"],\"inLanguage\":\"pt-BR\",\"potentialAction\":[{\"@type\":\"CommentAction\",\"name\":\"Comment\",\"target\":[\"https:\\\/\\\/revistaoeste.com\\\/esporte\\\/minutos-finais-castigam-a-africa-todas-as-selecoes-da-caf-cairam-no-fim-dos-jogos\\\/#respond\"]}]},{\"@type\":\"WebPage\",\"@id\":\"https:\\\/\\\/revistaoeste.com\\\/esporte\\\/minutos-finais-castigam-a-africa-todas-as-selecoes-da-caf-cairam-no-fim-dos-jogos\\\/\",\"url\":\"https:\\\/\\\/revistaoeste.com\\\/esporte\\\/minutos-finais-castigam-a-africa-todas-as-selecoes-da-caf-cairam-no-fim-dos-jogos\\\/\",\"name\":\"Todas as sele\u00e7\u00f5es Africanas na Copa ca\u00edram nos minutos finais\",\"isPartOf\":{\"@id\":\"https:\\\/\\\/revistaoeste.com\\\/esporte\\\/#website\"},\"primaryImageOfPage\":{\"@id\":\"https:\\\/\\\/revistaoeste.com\\\/esporte\\\/minutos-finais-castigam-a-africa-todas-as-selecoes-da-caf-cairam-no-fim-dos-jogos\\\/#primaryimage\"},\"image\":{\"@id\":\"https:\\\/\\\/revistaoeste.com\\\/esporte\\\/minutos-finais-castigam-a-africa-todas-as-selecoes-da-caf-cairam-no-fim-dos-jogos\\\/#primaryimage\"},\"thumbnailUrl\":\"https:\\\/\\\/revistaoeste.com\\\/esporte\\\/wp-content\\\/uploads\\\/2026\\\/07\\\/senegal-eliminacao.png\",\"datePublished\":\"2026-07-08T18:00:00+00:00\",\"description\":\"Um levantamento mostra que todas as seis sele\u00e7\u00f5es da CAF eliminadas no mata-mata sofreram o gol decisivo nos minutos finais das partidas\",\"breadcrumb\":{\"@id\":\"https:\\\/\\\/revistaoeste.com\\\/esporte\\\/minutos-finais-castigam-a-africa-todas-as-selecoes-da-caf-cairam-no-fim-dos-jogos\\\/#breadcrumb\"},\"inLanguage\":\"pt-BR\",\"potentialAction\":[{\"@type\":\"ReadAction\",\"target\":[\"https:\\\/\\\/revistaoeste.com\\\/esporte\\\/minutos-finais-castigam-a-africa-todas-as-selecoes-da-caf-cairam-no-fim-dos-jogos\\\/\"]}]},{\"@type\":\"ImageObject\",\"inLanguage\":\"pt-BR\",\"@id\":\"https:\\\/\\\/revistaoeste.com\\\/esporte\\\/minutos-finais-castigam-a-africa-todas-as-selecoes-da-caf-cairam-no-fim-dos-jogos\\\/#primaryimage\",\"url\":\"https:\\\/\\\/revistaoeste.com\\\/esporte\\\/wp-content\\\/uploads\\\/2026\\\/07\\\/senegal-eliminacao.png\",\"contentUrl\":\"https:\\\/\\\/revistaoeste.com\\\/esporte\\\/wp-content\\\/uploads\\\/2026\\\/07\\\/senegal-eliminacao.png\",\"width\":640,\"height\":449,\"caption\":\"elimina\u00e7\u00e3o de Senegal aconeceu com gols nos minutos finais | Foto: Reprodu\u00e7\u00e3o\\\/BRFootball\"},{\"@type\":\"BreadcrumbList\",\"@id\":\"https:\\\/\\\/revistaoeste.com\\\/esporte\\\/minutos-finais-castigam-a-africa-todas-as-selecoes-da-caf-cairam-no-fim-dos-jogos\\\/#breadcrumb\",\"itemListElement\":[{\"@type\":\"ListItem\",\"position\":1,\"name\":\"In\u00edcio\",\"item\":\"https:\\\/\\\/revistaoeste.com\\\/esporte\\\/\"},{\"@type\":\"ListItem\",\"position\":2,\"name\":\"Minutos finais castigam a \u00c1frica: todas as sele\u00e7\u00f5es da CAF ca\u00edram no fim dos jogos\"}]},{\"@type\":\"WebSite\",\"@id\":\"https:\\\/\\\/revistaoeste.com\\\/esporte\\\/#website\",\"url\":\"https:\\\/\\\/revistaoeste.com\\\/esporte\\\/\",\"name\":\"Oeste Esporte\",\"description\":\"Copa sem Firula\",\"publisher\":{\"@id\":\"https:\\\/\\\/revistaoeste.com\\\/esporte\\\/#organization\"},\"potentialAction\":[{\"@type\":\"SearchAction\",\"target\":{\"@type\":\"EntryPoint\",\"urlTemplate\":\"https:\\\/\\\/revistaoeste.com\\\/esporte\\\/?s={search_term_string}\"},\"query-input\":{\"@type\":\"PropertyValueSpecification\",\"valueRequired\":true,\"valueName\":\"search_term_string\"}}],\"inLanguage\":\"pt-BR\"},{\"@type\":\"Organization\",\"@id\":\"https:\\\/\\\/revistaoeste.com\\\/esporte\\\/#organization\",\"name\":\"Oeste Esporte\",\"url\":\"https:\\\/\\\/revistaoeste.com\\\/esporte\\\/\",\"logo\":{\"@type\":\"ImageObject\",\"inLanguage\":\"pt-BR\",\"@id\":\"https:\\\/\\\/revistaoeste.com\\\/esporte\\\/#\\\/schema\\\/logo\\\/image\\\/\",\"url\":\"https:\\\/\\\/revistaoeste.com\\\/esporte\\\/wp-content\\\/uploads\\\/2026\\\/03\\\/avatar.jpg\",\"contentUrl\":\"https:\\\/\\\/revistaoeste.com\\\/esporte\\\/wp-content\\\/uploads\\\/2026\\\/03\\\/avatar.jpg\",\"width\":500,\"height\":500,\"caption\":\"Oeste Esporte\"},\"image\":{\"@id\":\"https:\\\/\\\/revistaoeste.com\\\/esporte\\\/#\\\/schema\\\/logo\\\/image\\\/\"},\"sameAs\":[\"https:\\\/\\\/www.facebook.com\\\/oesterevista\\\/\",\"https:\\\/\\\/x.com\\\/revistaoeste\",\"https:\\\/\\\/www.youtube.com\\\/@OesteEsporte\",\"https:\\\/\\\/www.instagram.com\\\/revistaoeste\\\/\"]},{\"@type\":\"Person\",\"@id\":\"https:\\\/\\\/revistaoeste.com\\\/esporte\\\/#\\\/schema\\\/person\\\/6622e4d5d99a35adf0de88128e8d66a9\",\"name\":\"Oeste Esporte\",\"image\":{\"@type\":\"ImageObject\",\"inLanguage\":\"pt-BR\",\"@id\":\"https:\\\/\\\/secure.gravatar.com\\\/avatar\\\/8a2c5501fe5eb922c6c1838ad6a759fe758ecb18b48e36083e67f353c16e08ac?s=96&d=mm&r=g\",\"url\":\"https:\\\/\\\/secure.gravatar.com\\\/avatar\\\/8a2c5501fe5eb922c6c1838ad6a759fe758ecb18b48e36083e67f353c16e08ac?s=96&d=mm&r=g\",\"contentUrl\":\"https:\\\/\\\/secure.gravatar.com\\\/avatar\\\/8a2c5501fe5eb922c6c1838ad6a759fe758ecb18b48e36083e67f353c16e08ac?s=96&d=mm&r=g\",\"caption\":\"Oeste Esporte\"},\"url\":\"https:\\\/\\\/revistaoeste.com\\\/esporte\\\/author\\\/felipebellirevistaoeste-com\\\/\"}]}<\/script>\n<!-- \/ Yoast SEO plugin. -->","yoast_head_json":{"title":"Todas as sele\u00e7\u00f5es Africanas na Copa ca\u00edram nos minutos finais","description":"Um levantamento mostra que todas as seis sele\u00e7\u00f5es da CAF eliminadas no mata-mata sofreram o gol decisivo nos minutos finais das partidas","robots":{"index":"index","follow":"follow","max-snippet":"max-snippet:-1","max-image-preview":"max-image-preview:large","max-video-preview":"max-video-preview:-1"},"canonical":"https:\/\/revistaoeste.com\/esporte\/minutos-finais-castigam-a-africa-todas-as-selecoes-da-caf-cairam-no-fim-dos-jogos\/","og_locale":"pt_BR","og_type":"article","og_title":"Todas as sele\u00e7\u00f5es Africanas na Copa ca\u00edram nos minutos finais","og_description":"Um levantamento mostra que todas as seis sele\u00e7\u00f5es da CAF eliminadas no mata-mata sofreram o gol decisivo nos minutos finais das partidas","og_url":"https:\/\/revistaoeste.com\/esporte\/minutos-finais-castigam-a-africa-todas-as-selecoes-da-caf-cairam-no-fim-dos-jogos\/","og_site_name":"Oeste Esporte","article_publisher":"https:\/\/www.facebook.com\/oesterevista\/","article_published_time":"2026-07-08T18:00:00+00:00","og_image":[{"width":640,"height":449,"url":"https:\/\/revistaoeste.com\/esporte\/wp-content\/uploads\/2026\/07\/senegal-eliminacao.png","type":"image\/png"}],"author":"Oeste Esporte","twitter_card":"summary_large_image","twitter_creator":"@revistaoeste","twitter_site":"@revistaoeste","twitter_misc":{"Escrito por":"Oeste Esporte","Est. tempo de leitura":"3 minutos"},"schema":{"@context":"https:\/\/schema.org","@graph":[{"@type":"Article","@id":"https:\/\/revistaoeste.com\/esporte\/minutos-finais-castigam-a-africa-todas-as-selecoes-da-caf-cairam-no-fim-dos-jogos\/#article","isPartOf":{"@id":"https:\/\/revistaoeste.com\/esporte\/minutos-finais-castigam-a-africa-todas-as-selecoes-da-caf-cairam-no-fim-dos-jogos\/"},"author":{"name":"Oeste Esporte","@id":"https:\/\/revistaoeste.com\/esporte\/#\/schema\/person\/6622e4d5d99a35adf0de88128e8d66a9"},"headline":"Minutos finais castigam a \u00c1frica: todas as sele\u00e7\u00f5es da CAF ca\u00edram no fim dos jogos","datePublished":"2026-07-08T18:00:00+00:00","mainEntityOfPage":{"@id":"https:\/\/revistaoeste.com\/esporte\/minutos-finais-castigam-a-africa-todas-as-selecoes-da-caf-cairam-no-fim-dos-jogos\/"},"wordCount":439,"commentCount":0,"publisher":{"@id":"https:\/\/revistaoeste.com\/esporte\/#organization"},"image":{"@id":"https:\/\/revistaoeste.com\/esporte\/minutos-finais-castigam-a-africa-todas-as-selecoes-da-caf-cairam-no-fim-dos-jogos\/#primaryimage"},"thumbnailUrl":"https:\/\/revistaoeste.com\/esporte\/wp-content\/uploads\/2026\/07\/senegal-eliminacao.png","keywords":["2026","CAF","Copa do Mundo","Copa do Mundo 2026","FIFA","futebol","sele\u00e7oes africanas"],"articleSection":["\u00daltimas Not\u00edcias"],"inLanguage":"pt-BR","potentialAction":[{"@type":"CommentAction","name":"Comment","target":["https:\/\/revistaoeste.com\/esporte\/minutos-finais-castigam-a-africa-todas-as-selecoes-da-caf-cairam-no-fim-dos-jogos\/#respond"]}]},{"@type":"WebPage","@id":"https:\/\/revistaoeste.com\/esporte\/minutos-finais-castigam-a-africa-todas-as-selecoes-da-caf-cairam-no-fim-dos-jogos\/","url":"https:\/\/revistaoeste.com\/esporte\/minutos-finais-castigam-a-africa-todas-as-selecoes-da-caf-cairam-no-fim-dos-jogos\/","name":"Todas as sele\u00e7\u00f5es Africanas na Copa ca\u00edram nos minutos finais","isPartOf":{"@id":"https:\/\/revistaoeste.com\/esporte\/#website"},"primaryImageOfPage":{"@id":"https:\/\/revistaoeste.com\/esporte\/minutos-finais-castigam-a-africa-todas-as-selecoes-da-caf-cairam-no-fim-dos-jogos\/#primaryimage"},"image":{"@id":"https:\/\/revistaoeste.com\/esporte\/minutos-finais-castigam-a-africa-todas-as-selecoes-da-caf-cairam-no-fim-dos-jogos\/#primaryimage"},"thumbnailUrl":"https:\/\/revistaoeste.com\/esporte\/wp-content\/uploads\/2026\/07\/senegal-eliminacao.png","datePublished":"2026-07-08T18:00:00+00:00","description":"Um levantamento mostra que todas as seis sele\u00e7\u00f5es da CAF eliminadas no mata-mata sofreram o gol decisivo nos minutos finais das partidas","breadcrumb":{"@id":"https:\/\/revistaoeste.com\/esporte\/minutos-finais-castigam-a-africa-todas-as-selecoes-da-caf-cairam-no-fim-dos-jogos\/#breadcrumb"},"inLanguage":"pt-BR","potentialAction":[{"@type":"ReadAction","target":["https:\/\/revistaoeste.com\/esporte\/minutos-finais-castigam-a-africa-todas-as-selecoes-da-caf-cairam-no-fim-dos-jogos\/"]}]},{"@type":"ImageObject","inLanguage":"pt-BR","@id":"https:\/\/revistaoeste.com\/esporte\/minutos-finais-castigam-a-africa-todas-as-selecoes-da-caf-cairam-no-fim-dos-jogos\/#primaryimage","url":"https:\/\/revistaoeste.com\/esporte\/wp-content\/uploads\/2026\/07\/senegal-eliminacao.png","contentUrl":"https:\/\/revistaoeste.com\/esporte\/wp-content\/uploads\/2026\/07\/senegal-eliminacao.png","width":640,"height":449,"caption":"elimina\u00e7\u00e3o de Senegal aconeceu com gols nos minutos finais | Foto: Reprodu\u00e7\u00e3o\/BRFootball"},{"@type":"BreadcrumbList","@id":"https:\/\/revistaoeste.com\/esporte\/minutos-finais-castigam-a-africa-todas-as-selecoes-da-caf-cairam-no-fim-dos-jogos\/#breadcrumb","itemListElement":[{"@type":"ListItem","position":1,"name":"In\u00edcio","item":"https:\/\/revistaoeste.com\/esporte\/"},{"@type":"ListItem","position":2,"name":"Minutos finais castigam a \u00c1frica: todas as sele\u00e7\u00f5es da CAF ca\u00edram no fim dos jogos"}]},{"@type":"WebSite","@id":"https:\/\/revistaoeste.com\/esporte\/#website","url":"https:\/\/revistaoeste.com\/esporte\/","name":"Oeste Esporte","description":"Copa sem Firula","publisher":{"@id":"https:\/\/revistaoeste.com\/esporte\/#organization"},"potentialAction":[{"@type":"SearchAction","target":{"@type":"EntryPoint","urlTemplate":"https:\/\/revistaoeste.com\/esporte\/?s={search_term_string}"},"query-input":{"@type":"PropertyValueSpecification","valueRequired":true,"valueName":"search_term_string"}}],"inLanguage":"pt-BR"},{"@type":"Organization","@id":"https:\/\/revistaoeste.com\/esporte\/#organization","name":"Oeste Esporte","url":"https:\/\/revistaoeste.com\/esporte\/","logo":{"@type":"ImageObject","inLanguage":"pt-BR","@id":"https:\/\/revistaoeste.com\/esporte\/#\/schema\/logo\/image\/","url":"https:\/\/revistaoeste.com\/esporte\/wp-content\/uploads\/2026\/03\/avatar.jpg","contentUrl":"https:\/\/revistaoeste.com\/esporte\/wp-content\/uploads\/2026\/03\/avatar.jpg","width":500,"height":500,"caption":"Oeste Esporte"},"image":{"@id":"https:\/\/revistaoeste.com\/esporte\/#\/schema\/logo\/image\/"},"sameAs":["https:\/\/www.facebook.com\/oesterevista\/","https:\/\/x.com\/revistaoeste","https:\/\/www.youtube.com\/@OesteEsporte","https:\/\/www.instagram.com\/revistaoeste\/"]},{"@type":"Person","@id":"https:\/\/revistaoeste.com\/esporte\/#\/schema\/person\/6622e4d5d99a35adf0de88128e8d66a9","name":"Oeste Esporte","image":{"@type":"ImageObject","inLanguage":"pt-BR","@id":"https:\/\/secure.gravatar.com\/avatar\/8a2c5501fe5eb922c6c1838ad6a759fe758ecb18b48e36083e67f353c16e08ac?s=96&d=mm&r=g","url":"https:\/\/secure.gravatar.com\/avatar\/8a2c5501fe5eb922c6c1838ad6a759fe758ecb18b48e36083e67f353c16e08ac?s=96&d=mm&r=g","contentUrl":"https:\/\/secure.gravatar.com\/avatar\/8a2c5501fe5eb922c6c1838ad6a759fe758ecb18b48e36083e67f353c16e08ac?s=96&d=mm&r=g","caption":"Oeste Esporte"},"url":"https:\/\/revistaoeste.com\/esporte\/author\/felipebellirevistaoeste-com\/"}]}},"_links":{"self":[{"href":"https:\/\/revistaoeste.com\/esporte\/wp-json\/wp\/v2\/posts\/10759","targetHints":{"allow":["GET"]}}],"collection":[{"href":"https:\/\/revistaoeste.com\/esporte\/wp-json\/wp\/v2\/posts"}],"about":[{"href":"https:\/\/revistaoeste.com\/esporte\/wp-json\/wp\/v2\/types\/post"}],"author":[{"embeddable":true,"href":"https:\/\/revistaoeste.com\/esporte\/wp-json\/wp\/v2\/users\/5"}],"replies":[{"embeddable":true,"href":"https:\/\/revistaoeste.com\/esporte\/wp-json\/wp\/v2\/comments?post=10759"}],"version-history":[{"count":1,"href":"https:\/\/revistaoeste.com\/esporte\/wp-json\/wp\/v2\/posts\/10759\/revisions"}],"predecessor-version":[{"id":10760,"href":"https:\/\/revistaoeste.com\/esporte\/wp-json\/wp\/v2\/posts\/10759\/revisions\/10760"}],"wp:featuredmedia":[{"embeddable":true,"href":"https:\/\/revistaoeste.com\/esporte\/wp-json\/wp\/v2\/media\/9929"}],"wp:attachment":[{"href":"https:\/\/revistaoeste.com\/esporte\/wp-json\/wp\/v2\/media?parent=10759"}],"wp:term":[{"taxonomy":"category","embeddable":true,"href":"https:\/\/revistaoeste.com\/esporte\/wp-json\/wp\/v2\/categories?post=10759"},{"taxonomy":"post_tag","embeddable":true,"href":"https:\/\/revistaoeste.com\/esporte\/wp-json\/wp\/v2\/tags?post=10759"}],"curies":[{"name":"wp","href":"https:\/\/api.w.org\/{rel}","templated":true}]}}