{"id":11657,"date":"2026-07-14T18:04:02","date_gmt":"2026-07-14T21:04:02","guid":{"rendered":"https:\/\/revistaoeste.com\/esporte\/?p=11657"},"modified":"2026-07-14T18:59:56","modified_gmt":"2026-07-14T21:59:56","slug":"espanha-vence-a-franca-e-esta-na-final-da-copa-do-mundo-de-2026","status":"publish","type":"post","link":"https:\/\/revistaoeste.com\/esporte\/espanha-vence-a-franca-e-esta-na-final-da-copa-do-mundo-de-2026\/","title":{"rendered":"Espanha vence a Fran\u00e7a e est\u00e1 na final da Copa do Mundo de 2026"},"content":{"rendered":"\n<p class=\"wp-block-paragraph\">A Espanha \u00e9 a primeira finalista da Copa do Mundo de 2026. Nesta ter\u00e7a-feira,14, a sele\u00e7\u00e3o comandada por Luis de la Fuente derrotou a Fran\u00e7a por 2 a 0, no AT&amp;T Stadium, em Arlington, no Texas, e garantiu presen\u00e7a na decis\u00e3o do Mundial. Mikel Oyarzabal e Pedro Porro marcaram os gols da classifica\u00e7\u00e3o espanhola.<\/p>\n\n\n\n<p class=\"wp-block-paragraph\"><strong>+ Leia mais not\u00edcias de&nbsp;<a href=\"https:\/\/revistaoeste.com\/esporte\/\">Oeste Esporte<\/a><\/strong><\/p>\n\n\n\n<p class=\"wp-block-paragraph\">O confronto come\u00e7ou equilibrado, mas a Espanha passou a controlar as a\u00e7\u00f5es com a posse de bola e abriu o placar aos 22 minutos do primeiro tempo. Lamine Yamal foi derrubado por Lucas Digne dentro da \u00e1rea, e o \u00e1rbitro marcou p\u00eanalti. Na cobran\u00e7a, Mikel Oyarzabal bateu com categoria para vencer Mike Maignan e colocar La Roja em vantagem. A Fran\u00e7a tentou responder com Mbapp\u00e9 e Demb\u00e9l\u00e9, mas encontrou dificuldades para superar a defesa espanhola.<\/p>\n\n\n\n<p class=\"wp-block-paragraph\">Na etapa final, a equipe espanhola seguiu melhor e ampliou aos 13 minutos. Depois de uma bela troca de passes iniciada por Dani Olmo, Pedro Porro apareceu na \u00e1rea e finalizou no canto para fazer 2 a 0, encaminhando a classifica\u00e7\u00e3o para a decis\u00e3o da Copa do Mundo.<\/p>\n\n\n\n<p class=\"wp-block-paragraph\">Mesmo em desvantagem, a Fran\u00e7a tentou pressionar nos minutos finais. Didier Deschamps promoveu mudan\u00e7as na equipe, mas os franceses seguiram sem criatividade diante da s\u00f3lida atua\u00e7\u00e3o defensiva da Espanha. Unai Sim\u00f3n fez boas interven\u00e7\u00f5es quando exigido, e a defesa formada por Cubars\u00ed e Laporte controlou as investidas de Mbapp\u00e9 e companhia.<\/p>\n\n\n\n<p class=\"wp-block-paragraph\">Com a vit\u00f3ria, a Espanha volta \u00e0 final da Copa do Mundo pela primeira vez desde 2010 e agora aguarda o vencedor de Argentina e Inglaterra, que se enfrentam nesta quarta-feira, 15, para conhecer seu advers\u00e1rio na grande decis\u00e3o. J\u00e1 a Fran\u00e7a disputar\u00e1 a partida pelo terceiro lugar.<\/p>\n\n\n\n<h2 class=\"wp-block-heading\">Ficha t\u00e9cnica<\/h2>\n\n\n\n<p class=\"wp-block-paragraph\"><strong>Espanha 2 x 0 Fran\u00e7a<\/strong><br><br>Copa do Mundo de 2026 \u2013 Semifinal<\/p>\n\n\n\n<p class=\"wp-block-paragraph\"><strong>Data:<\/strong> 14 de julho de 2026<br><strong>Local: <\/strong>AT&amp;T Stadium, Arlington (Estados Unidos)<br><strong>\u00c1rbitro:<\/strong> Iv\u00e1n Barton (El Salvador)<br><strong>Cart\u00f5es amarelos:<\/strong> Rabiot e Mbapp\u00e9 (Fran\u00e7a), Cucurella (Espanha)<br><strong>Cart\u00f5es vermelhos<\/strong>: N\u00e3o houve<br><strong>Gols<\/strong>: Oyarzabal 22&#8217;\/1\u00baT e Pedro Porro 13&#8217;\/2\u00baT (Espanha)<\/p>\n\n\n\n<p class=\"wp-block-paragraph\"><strong>FRAN\u00c7A:<\/strong> Maignan; Kound\u00e9, Upamecano, Saliba (Lacroix; les\u00e3o) e Digne (Theo Hernandez); Rabiot (Kon\u00e9), Tchouam\u00e9ni e Olise (Cherki); Barcola (Dou\u00e9), Demb\u00e9l\u00e9 e Mbapp\u00e9.<strong> T\u00e9cnico:<\/strong> Didier Deschamps<\/p>\n\n\n\n<p class=\"wp-block-paragraph\"><strong>ESPANHA<\/strong>: Unai Sim\u00f3n; Pedro Porro (Llorente), Cubars\u00ed, Laporte e Cucurella; Rodri, Fabi\u00e1n Ruiz (Pedri) e Dani Olmo (Merino); Lamine Yamal, Alex Baena (Nico Williams) e Oyarzabal (Ferr\u00e1n Torres). <strong>T\u00e9cnico:<\/strong> Luis de la Fuente<\/p>\n\n\n\n<p class=\"wp-block-paragraph\"><\/p>\n","protected":false},"excerpt":{"rendered":"<p>A Espanha \u00e9 a primeira finalista da Copa do Mundo de 2026. Nesta ter\u00e7a-feira,14, a sele\u00e7\u00e3o comandada por Luis de la Fuente&hellip;<\/p>\n","protected":false},"author":5,"featured_media":11662,"comment_status":"open","ping_status":"open","sticky":false,"template":"","format":"standard","meta":{"footnotes":""},"categories":[8],"tags":[110,23,35,44,145,29],"class_list":["post-11657","post","type-post","status-publish","format-standard","has-post-thumbnail","hentry","category-ultimas-noticias","tag-110","tag-copa-do-mundo","tag-espanha","tag-fifa","tag-franca","tag-futebol"],"yoast_head":"<!-- This site is optimized with the Yoast SEO plugin v28.0 - https:\/\/yoast.com\/product\/yoast-seo-wordpress\/ -->\n<title>Espanha vence a Fran\u00e7a e est\u00e1 na final da Copa de 2026<\/title>\n<meta name=\"description\" content=\"A Espanha derrotou a Fran\u00e7a por 2 a 0, no AT&amp;T Stadium, e garantiu presen\u00e7a na decis\u00e3o do Mundial. Mikel Oyarzabal e Pedro Porro marcaram os gols da classifica\u00e7\u00e3o espanhola.\" \/>\n<meta name=\"robots\" content=\"index, follow, max-snippet:-1, max-image-preview:large, max-video-preview:-1\" \/>\n<link rel=\"canonical\" href=\"https:\/\/revistaoeste.com\/esporte\/espanha-vence-a-franca-e-esta-na-final-da-copa-do-mundo-de-2026\/\" \/>\n<meta property=\"og:locale\" content=\"pt_BR\" \/>\n<meta property=\"og:type\" content=\"article\" \/>\n<meta property=\"og:title\" content=\"Espanha vence a Fran\u00e7a e est\u00e1 na final da Copa de 2026\" \/>\n<meta property=\"og:description\" content=\"A Espanha derrotou a Fran\u00e7a por 2 a 0, no AT&amp;T Stadium, e garantiu presen\u00e7a na decis\u00e3o do Mundial. Mikel Oyarzabal e Pedro Porro marcaram os gols da classifica\u00e7\u00e3o espanhola.\" \/>\n<meta property=\"og:url\" content=\"https:\/\/revistaoeste.com\/esporte\/espanha-vence-a-franca-e-esta-na-final-da-copa-do-mundo-de-2026\/\" \/>\n<meta property=\"og:site_name\" content=\"Oeste Esporte\" \/>\n<meta property=\"article:publisher\" content=\"https:\/\/www.facebook.com\/oesterevista\/\" \/>\n<meta property=\"article:published_time\" content=\"2026-07-14T21:04:02+00:00\" \/>\n<meta property=\"article:modified_time\" content=\"2026-07-14T21:59:56+00:00\" \/>\n<meta property=\"og:image\" content=\"https:\/\/revistaoeste.com\/esporte\/wp-content\/uploads\/2026\/07\/gol-pedro-porro.png\" \/>\n\t<meta property=\"og:image:width\" content=\"640\" \/>\n\t<meta property=\"og:image:height\" content=\"426\" \/>\n\t<meta property=\"og:image:type\" content=\"image\/png\" \/>\n<meta name=\"author\" content=\"Oeste Esporte\" \/>\n<meta name=\"twitter:card\" content=\"summary_large_image\" \/>\n<meta name=\"twitter:creator\" content=\"@revistaoeste\" \/>\n<meta name=\"twitter:site\" content=\"@revistaoeste\" \/>\n<meta name=\"twitter:label1\" content=\"Escrito por\" \/>\n\t<meta name=\"twitter:data1\" content=\"Oeste Esporte\" \/>\n\t<meta name=\"twitter:label2\" content=\"Est. tempo de leitura\" \/>\n\t<meta name=\"twitter:data2\" content=\"3 minutos\" \/>\n<script type=\"application\/ld+json\" class=\"yoast-schema-graph\">{\"@context\":\"https:\\\/\\\/schema.org\",\"@graph\":[{\"@type\":\"Article\",\"@id\":\"https:\\\/\\\/revistaoeste.com\\\/esporte\\\/espanha-vence-a-franca-e-esta-na-final-da-copa-do-mundo-de-2026\\\/#article\",\"isPartOf\":{\"@id\":\"https:\\\/\\\/revistaoeste.com\\\/esporte\\\/espanha-vence-a-franca-e-esta-na-final-da-copa-do-mundo-de-2026\\\/\"},\"author\":{\"name\":\"Oeste Esporte\",\"@id\":\"https:\\\/\\\/revistaoeste.com\\\/esporte\\\/#\\\/schema\\\/person\\\/6622e4d5d99a35adf0de88128e8d66a9\"},\"headline\":\"Espanha vence a Fran\u00e7a e est\u00e1 na final da Copa do Mundo de 2026\",\"datePublished\":\"2026-07-14T21:04:02+00:00\",\"dateModified\":\"2026-07-14T21:59:56+00:00\",\"mainEntityOfPage\":{\"@id\":\"https:\\\/\\\/revistaoeste.com\\\/esporte\\\/espanha-vence-a-franca-e-esta-na-final-da-copa-do-mundo-de-2026\\\/\"},\"wordCount\":434,\"commentCount\":0,\"publisher\":{\"@id\":\"https:\\\/\\\/revistaoeste.com\\\/esporte\\\/#organization\"},\"image\":{\"@id\":\"https:\\\/\\\/revistaoeste.com\\\/esporte\\\/espanha-vence-a-franca-e-esta-na-final-da-copa-do-mundo-de-2026\\\/#primaryimage\"},\"thumbnailUrl\":\"https:\\\/\\\/revistaoeste.com\\\/esporte\\\/wp-content\\\/uploads\\\/2026\\\/07\\\/gol-pedro-porro.png\",\"keywords\":[\"2026\",\"Copa do Mundo\",\"Espanha\",\"FIFA\",\"Fran\u00e7a\",\"futebol\"],\"articleSection\":[\"\u00daltimas Not\u00edcias\"],\"inLanguage\":\"pt-BR\",\"potentialAction\":[{\"@type\":\"CommentAction\",\"name\":\"Comment\",\"target\":[\"https:\\\/\\\/revistaoeste.com\\\/esporte\\\/espanha-vence-a-franca-e-esta-na-final-da-copa-do-mundo-de-2026\\\/#respond\"]}]},{\"@type\":\"WebPage\",\"@id\":\"https:\\\/\\\/revistaoeste.com\\\/esporte\\\/espanha-vence-a-franca-e-esta-na-final-da-copa-do-mundo-de-2026\\\/\",\"url\":\"https:\\\/\\\/revistaoeste.com\\\/esporte\\\/espanha-vence-a-franca-e-esta-na-final-da-copa-do-mundo-de-2026\\\/\",\"name\":\"Espanha vence a Fran\u00e7a e est\u00e1 na final da Copa de 2026\",\"isPartOf\":{\"@id\":\"https:\\\/\\\/revistaoeste.com\\\/esporte\\\/#website\"},\"primaryImageOfPage\":{\"@id\":\"https:\\\/\\\/revistaoeste.com\\\/esporte\\\/espanha-vence-a-franca-e-esta-na-final-da-copa-do-mundo-de-2026\\\/#primaryimage\"},\"image\":{\"@id\":\"https:\\\/\\\/revistaoeste.com\\\/esporte\\\/espanha-vence-a-franca-e-esta-na-final-da-copa-do-mundo-de-2026\\\/#primaryimage\"},\"thumbnailUrl\":\"https:\\\/\\\/revistaoeste.com\\\/esporte\\\/wp-content\\\/uploads\\\/2026\\\/07\\\/gol-pedro-porro.png\",\"datePublished\":\"2026-07-14T21:04:02+00:00\",\"dateModified\":\"2026-07-14T21:59:56+00:00\",\"description\":\"A Espanha derrotou a Fran\u00e7a por 2 a 0, no AT&T Stadium, e garantiu presen\u00e7a na decis\u00e3o do Mundial. Mikel Oyarzabal e Pedro Porro marcaram os gols da classifica\u00e7\u00e3o espanhola.\",\"breadcrumb\":{\"@id\":\"https:\\\/\\\/revistaoeste.com\\\/esporte\\\/espanha-vence-a-franca-e-esta-na-final-da-copa-do-mundo-de-2026\\\/#breadcrumb\"},\"inLanguage\":\"pt-BR\",\"potentialAction\":[{\"@type\":\"ReadAction\",\"target\":[\"https:\\\/\\\/revistaoeste.com\\\/esporte\\\/espanha-vence-a-franca-e-esta-na-final-da-copa-do-mundo-de-2026\\\/\"]}]},{\"@type\":\"ImageObject\",\"inLanguage\":\"pt-BR\",\"@id\":\"https:\\\/\\\/revistaoeste.com\\\/esporte\\\/espanha-vence-a-franca-e-esta-na-final-da-copa-do-mundo-de-2026\\\/#primaryimage\",\"url\":\"https:\\\/\\\/revistaoeste.com\\\/esporte\\\/wp-content\\\/uploads\\\/2026\\\/07\\\/gol-pedro-porro.png\",\"contentUrl\":\"https:\\\/\\\/revistaoeste.com\\\/esporte\\\/wp-content\\\/uploads\\\/2026\\\/07\\\/gol-pedro-porro.png\",\"width\":640,\"height\":426,\"caption\":\"Gol de Pedro Porro que garantiu a Espanha na final da Copa | Foto: Reprodu\u00e7\u00e3o\\\/SEF\"},{\"@type\":\"BreadcrumbList\",\"@id\":\"https:\\\/\\\/revistaoeste.com\\\/esporte\\\/espanha-vence-a-franca-e-esta-na-final-da-copa-do-mundo-de-2026\\\/#breadcrumb\",\"itemListElement\":[{\"@type\":\"ListItem\",\"position\":1,\"name\":\"In\u00edcio\",\"item\":\"https:\\\/\\\/revistaoeste.com\\\/esporte\\\/\"},{\"@type\":\"ListItem\",\"position\":2,\"name\":\"Espanha vence a Fran\u00e7a e est\u00e1 na final da Copa do Mundo de 2026\"}]},{\"@type\":\"WebSite\",\"@id\":\"https:\\\/\\\/revistaoeste.com\\\/esporte\\\/#website\",\"url\":\"https:\\\/\\\/revistaoeste.com\\\/esporte\\\/\",\"name\":\"Oeste Esporte\",\"description\":\"Copa sem Firula\",\"publisher\":{\"@id\":\"https:\\\/\\\/revistaoeste.com\\\/esporte\\\/#organization\"},\"potentialAction\":[{\"@type\":\"SearchAction\",\"target\":{\"@type\":\"EntryPoint\",\"urlTemplate\":\"https:\\\/\\\/revistaoeste.com\\\/esporte\\\/?s={search_term_string}\"},\"query-input\":{\"@type\":\"PropertyValueSpecification\",\"valueRequired\":true,\"valueName\":\"search_term_string\"}}],\"inLanguage\":\"pt-BR\"},{\"@type\":\"Organization\",\"@id\":\"https:\\\/\\\/revistaoeste.com\\\/esporte\\\/#organization\",\"name\":\"Oeste Esporte\",\"url\":\"https:\\\/\\\/revistaoeste.com\\\/esporte\\\/\",\"logo\":{\"@type\":\"ImageObject\",\"inLanguage\":\"pt-BR\",\"@id\":\"https:\\\/\\\/revistaoeste.com\\\/esporte\\\/#\\\/schema\\\/logo\\\/image\\\/\",\"url\":\"https:\\\/\\\/revistaoeste.com\\\/esporte\\\/wp-content\\\/uploads\\\/2026\\\/03\\\/avatar.jpg\",\"contentUrl\":\"https:\\\/\\\/revistaoeste.com\\\/esporte\\\/wp-content\\\/uploads\\\/2026\\\/03\\\/avatar.jpg\",\"width\":500,\"height\":500,\"caption\":\"Oeste Esporte\"},\"image\":{\"@id\":\"https:\\\/\\\/revistaoeste.com\\\/esporte\\\/#\\\/schema\\\/logo\\\/image\\\/\"},\"sameAs\":[\"https:\\\/\\\/www.facebook.com\\\/oesterevista\\\/\",\"https:\\\/\\\/x.com\\\/revistaoeste\",\"https:\\\/\\\/www.youtube.com\\\/@OesteEsporte\",\"https:\\\/\\\/www.instagram.com\\\/revistaoeste\\\/\"]},{\"@type\":\"Person\",\"@id\":\"https:\\\/\\\/revistaoeste.com\\\/esporte\\\/#\\\/schema\\\/person\\\/6622e4d5d99a35adf0de88128e8d66a9\",\"name\":\"Oeste Esporte\",\"image\":{\"@type\":\"ImageObject\",\"inLanguage\":\"pt-BR\",\"@id\":\"https:\\\/\\\/secure.gravatar.com\\\/avatar\\\/8a2c5501fe5eb922c6c1838ad6a759fe758ecb18b48e36083e67f353c16e08ac?s=96&d=mm&r=g\",\"url\":\"https:\\\/\\\/secure.gravatar.com\\\/avatar\\\/8a2c5501fe5eb922c6c1838ad6a759fe758ecb18b48e36083e67f353c16e08ac?s=96&d=mm&r=g\",\"contentUrl\":\"https:\\\/\\\/secure.gravatar.com\\\/avatar\\\/8a2c5501fe5eb922c6c1838ad6a759fe758ecb18b48e36083e67f353c16e08ac?s=96&d=mm&r=g\",\"caption\":\"Oeste Esporte\"},\"url\":\"https:\\\/\\\/revistaoeste.com\\\/esporte\\\/author\\\/felipebellirevistaoeste-com\\\/\"}]}<\/script>\n<!-- \/ Yoast SEO plugin. -->","yoast_head_json":{"title":"Espanha vence a Fran\u00e7a e est\u00e1 na final da Copa de 2026","description":"A Espanha derrotou a Fran\u00e7a por 2 a 0, no AT&T Stadium, e garantiu presen\u00e7a na decis\u00e3o do Mundial. Mikel Oyarzabal e Pedro Porro marcaram os gols da classifica\u00e7\u00e3o espanhola.","robots":{"index":"index","follow":"follow","max-snippet":"max-snippet:-1","max-image-preview":"max-image-preview:large","max-video-preview":"max-video-preview:-1"},"canonical":"https:\/\/revistaoeste.com\/esporte\/espanha-vence-a-franca-e-esta-na-final-da-copa-do-mundo-de-2026\/","og_locale":"pt_BR","og_type":"article","og_title":"Espanha vence a Fran\u00e7a e est\u00e1 na final da Copa de 2026","og_description":"A Espanha derrotou a Fran\u00e7a por 2 a 0, no AT&T Stadium, e garantiu presen\u00e7a na decis\u00e3o do Mundial. Mikel Oyarzabal e Pedro Porro marcaram os gols da classifica\u00e7\u00e3o espanhola.","og_url":"https:\/\/revistaoeste.com\/esporte\/espanha-vence-a-franca-e-esta-na-final-da-copa-do-mundo-de-2026\/","og_site_name":"Oeste Esporte","article_publisher":"https:\/\/www.facebook.com\/oesterevista\/","article_published_time":"2026-07-14T21:04:02+00:00","article_modified_time":"2026-07-14T21:59:56+00:00","og_image":[{"width":640,"height":426,"url":"https:\/\/revistaoeste.com\/esporte\/wp-content\/uploads\/2026\/07\/gol-pedro-porro.png","type":"image\/png"}],"author":"Oeste Esporte","twitter_card":"summary_large_image","twitter_creator":"@revistaoeste","twitter_site":"@revistaoeste","twitter_misc":{"Escrito por":"Oeste Esporte","Est. tempo de leitura":"3 minutos"},"schema":{"@context":"https:\/\/schema.org","@graph":[{"@type":"Article","@id":"https:\/\/revistaoeste.com\/esporte\/espanha-vence-a-franca-e-esta-na-final-da-copa-do-mundo-de-2026\/#article","isPartOf":{"@id":"https:\/\/revistaoeste.com\/esporte\/espanha-vence-a-franca-e-esta-na-final-da-copa-do-mundo-de-2026\/"},"author":{"name":"Oeste Esporte","@id":"https:\/\/revistaoeste.com\/esporte\/#\/schema\/person\/6622e4d5d99a35adf0de88128e8d66a9"},"headline":"Espanha vence a Fran\u00e7a e est\u00e1 na final da Copa do Mundo de 2026","datePublished":"2026-07-14T21:04:02+00:00","dateModified":"2026-07-14T21:59:56+00:00","mainEntityOfPage":{"@id":"https:\/\/revistaoeste.com\/esporte\/espanha-vence-a-franca-e-esta-na-final-da-copa-do-mundo-de-2026\/"},"wordCount":434,"commentCount":0,"publisher":{"@id":"https:\/\/revistaoeste.com\/esporte\/#organization"},"image":{"@id":"https:\/\/revistaoeste.com\/esporte\/espanha-vence-a-franca-e-esta-na-final-da-copa-do-mundo-de-2026\/#primaryimage"},"thumbnailUrl":"https:\/\/revistaoeste.com\/esporte\/wp-content\/uploads\/2026\/07\/gol-pedro-porro.png","keywords":["2026","Copa do Mundo","Espanha","FIFA","Fran\u00e7a","futebol"],"articleSection":["\u00daltimas Not\u00edcias"],"inLanguage":"pt-BR","potentialAction":[{"@type":"CommentAction","name":"Comment","target":["https:\/\/revistaoeste.com\/esporte\/espanha-vence-a-franca-e-esta-na-final-da-copa-do-mundo-de-2026\/#respond"]}]},{"@type":"WebPage","@id":"https:\/\/revistaoeste.com\/esporte\/espanha-vence-a-franca-e-esta-na-final-da-copa-do-mundo-de-2026\/","url":"https:\/\/revistaoeste.com\/esporte\/espanha-vence-a-franca-e-esta-na-final-da-copa-do-mundo-de-2026\/","name":"Espanha vence a Fran\u00e7a e est\u00e1 na final da Copa de 2026","isPartOf":{"@id":"https:\/\/revistaoeste.com\/esporte\/#website"},"primaryImageOfPage":{"@id":"https:\/\/revistaoeste.com\/esporte\/espanha-vence-a-franca-e-esta-na-final-da-copa-do-mundo-de-2026\/#primaryimage"},"image":{"@id":"https:\/\/revistaoeste.com\/esporte\/espanha-vence-a-franca-e-esta-na-final-da-copa-do-mundo-de-2026\/#primaryimage"},"thumbnailUrl":"https:\/\/revistaoeste.com\/esporte\/wp-content\/uploads\/2026\/07\/gol-pedro-porro.png","datePublished":"2026-07-14T21:04:02+00:00","dateModified":"2026-07-14T21:59:56+00:00","description":"A Espanha derrotou a Fran\u00e7a por 2 a 0, no AT&T Stadium, e garantiu presen\u00e7a na decis\u00e3o do Mundial. Mikel Oyarzabal e Pedro Porro marcaram os gols da classifica\u00e7\u00e3o espanhola.","breadcrumb":{"@id":"https:\/\/revistaoeste.com\/esporte\/espanha-vence-a-franca-e-esta-na-final-da-copa-do-mundo-de-2026\/#breadcrumb"},"inLanguage":"pt-BR","potentialAction":[{"@type":"ReadAction","target":["https:\/\/revistaoeste.com\/esporte\/espanha-vence-a-franca-e-esta-na-final-da-copa-do-mundo-de-2026\/"]}]},{"@type":"ImageObject","inLanguage":"pt-BR","@id":"https:\/\/revistaoeste.com\/esporte\/espanha-vence-a-franca-e-esta-na-final-da-copa-do-mundo-de-2026\/#primaryimage","url":"https:\/\/revistaoeste.com\/esporte\/wp-content\/uploads\/2026\/07\/gol-pedro-porro.png","contentUrl":"https:\/\/revistaoeste.com\/esporte\/wp-content\/uploads\/2026\/07\/gol-pedro-porro.png","width":640,"height":426,"caption":"Gol de Pedro Porro que garantiu a Espanha na final da Copa | Foto: Reprodu\u00e7\u00e3o\/SEF"},{"@type":"BreadcrumbList","@id":"https:\/\/revistaoeste.com\/esporte\/espanha-vence-a-franca-e-esta-na-final-da-copa-do-mundo-de-2026\/#breadcrumb","itemListElement":[{"@type":"ListItem","position":1,"name":"In\u00edcio","item":"https:\/\/revistaoeste.com\/esporte\/"},{"@type":"ListItem","position":2,"name":"Espanha vence a Fran\u00e7a e est\u00e1 na final da Copa do Mundo de 2026"}]},{"@type":"WebSite","@id":"https:\/\/revistaoeste.com\/esporte\/#website","url":"https:\/\/revistaoeste.com\/esporte\/","name":"Oeste Esporte","description":"Copa sem Firula","publisher":{"@id":"https:\/\/revistaoeste.com\/esporte\/#organization"},"potentialAction":[{"@type":"SearchAction","target":{"@type":"EntryPoint","urlTemplate":"https:\/\/revistaoeste.com\/esporte\/?s={search_term_string}"},"query-input":{"@type":"PropertyValueSpecification","valueRequired":true,"valueName":"search_term_string"}}],"inLanguage":"pt-BR"},{"@type":"Organization","@id":"https:\/\/revistaoeste.com\/esporte\/#organization","name":"Oeste Esporte","url":"https:\/\/revistaoeste.com\/esporte\/","logo":{"@type":"ImageObject","inLanguage":"pt-BR","@id":"https:\/\/revistaoeste.com\/esporte\/#\/schema\/logo\/image\/","url":"https:\/\/revistaoeste.com\/esporte\/wp-content\/uploads\/2026\/03\/avatar.jpg","contentUrl":"https:\/\/revistaoeste.com\/esporte\/wp-content\/uploads\/2026\/03\/avatar.jpg","width":500,"height":500,"caption":"Oeste Esporte"},"image":{"@id":"https:\/\/revistaoeste.com\/esporte\/#\/schema\/logo\/image\/"},"sameAs":["https:\/\/www.facebook.com\/oesterevista\/","https:\/\/x.com\/revistaoeste","https:\/\/www.youtube.com\/@OesteEsporte","https:\/\/www.instagram.com\/revistaoeste\/"]},{"@type":"Person","@id":"https:\/\/revistaoeste.com\/esporte\/#\/schema\/person\/6622e4d5d99a35adf0de88128e8d66a9","name":"Oeste Esporte","image":{"@type":"ImageObject","inLanguage":"pt-BR","@id":"https:\/\/secure.gravatar.com\/avatar\/8a2c5501fe5eb922c6c1838ad6a759fe758ecb18b48e36083e67f353c16e08ac?s=96&d=mm&r=g","url":"https:\/\/secure.gravatar.com\/avatar\/8a2c5501fe5eb922c6c1838ad6a759fe758ecb18b48e36083e67f353c16e08ac?s=96&d=mm&r=g","contentUrl":"https:\/\/secure.gravatar.com\/avatar\/8a2c5501fe5eb922c6c1838ad6a759fe758ecb18b48e36083e67f353c16e08ac?s=96&d=mm&r=g","caption":"Oeste Esporte"},"url":"https:\/\/revistaoeste.com\/esporte\/author\/felipebellirevistaoeste-com\/"}]}},"_links":{"self":[{"href":"https:\/\/revistaoeste.com\/esporte\/wp-json\/wp\/v2\/posts\/11657","targetHints":{"allow":["GET"]}}],"collection":[{"href":"https:\/\/revistaoeste.com\/esporte\/wp-json\/wp\/v2\/posts"}],"about":[{"href":"https:\/\/revistaoeste.com\/esporte\/wp-json\/wp\/v2\/types\/post"}],"author":[{"embeddable":true,"href":"https:\/\/revistaoeste.com\/esporte\/wp-json\/wp\/v2\/users\/5"}],"replies":[{"embeddable":true,"href":"https:\/\/revistaoeste.com\/esporte\/wp-json\/wp\/v2\/comments?post=11657"}],"version-history":[{"count":3,"href":"https:\/\/revistaoeste.com\/esporte\/wp-json\/wp\/v2\/posts\/11657\/revisions"}],"predecessor-version":[{"id":11675,"href":"https:\/\/revistaoeste.com\/esporte\/wp-json\/wp\/v2\/posts\/11657\/revisions\/11675"}],"wp:featuredmedia":[{"embeddable":true,"href":"https:\/\/revistaoeste.com\/esporte\/wp-json\/wp\/v2\/media\/11662"}],"wp:attachment":[{"href":"https:\/\/revistaoeste.com\/esporte\/wp-json\/wp\/v2\/media?parent=11657"}],"wp:term":[{"taxonomy":"category","embeddable":true,"href":"https:\/\/revistaoeste.com\/esporte\/wp-json\/wp\/v2\/categories?post=11657"},{"taxonomy":"post_tag","embeddable":true,"href":"https:\/\/revistaoeste.com\/esporte\/wp-json\/wp\/v2\/tags?post=11657"}],"curies":[{"name":"wp","href":"https:\/\/api.w.org\/{rel}","templated":true}]}}