{"id":11737,"date":"2026-07-15T16:00:00","date_gmt":"2026-07-15T19:00:00","guid":{"rendered":"https:\/\/revistaoeste.com\/esporte\/?p=11737"},"modified":"2026-07-15T12:53:41","modified_gmt":"2026-07-15T15:53:41","slug":"gigante-frances-despenca-para-a-sexta-divisao-por-crise-financeira","status":"publish","type":"post","link":"https:\/\/revistaoeste.com\/esporte\/gigante-frances-despenca-para-a-sexta-divisao-por-crise-financeira\/","title":{"rendered":"Gigante franc\u00eas despenca para a sexta divis\u00e3o por crise financeira"},"content":{"rendered":"\n<p class=\"wp-block-paragraph\"><strong>Felipe Belli, Oeste Esporte<br><\/strong><br>Um dos clubes mais tradicionais da Fran\u00e7a vive o momento mais delicado de sua hist\u00f3ria. O Girondins de Bordeaux foi oficialmente rebaixado para a sexta divis\u00e3o do futebol franc\u00eas depois que a comiss\u00e3o de recursos da Dire\u00e7\u00e3o Nacional de Controle e Gest\u00e3o (DNCG), \u00f3rg\u00e3o respons\u00e1vel por fiscalizar as finan\u00e7as dos clubes, manteve a decis\u00e3o de excluir a equipe das competi\u00e7\u00f5es nacionais por problemas financeiros.<\/p>\n\n\n\n<p class=\"wp-block-paragraph\"><strong>+ Leia mais not\u00edcias de&nbsp;<a href=\"https:\/\/revistaoeste.com\/esporte\/\">Oeste Esporte<\/a><\/strong><\/p>\n\n\n\n<p class=\"wp-block-paragraph\">Hexacampe\u00e3o franc\u00eas e dono de uma rica hist\u00f3ria no futebol europeu, o Bordeaux n\u00e3o conseguiu apresentar as garantias financeiras exigidas pela DNCG para disputar a temporada 2026\/27. Com a decis\u00e3o, o clube perde o status nacional e, na melhor das hip\u00f3teses, passar\u00e1 a disputar a R\u00e9gional 1, equivalente \u00e0 sexta divis\u00e3o do futebol franc\u00eas.<\/p>\n\n\n\n<p class=\"wp-block-paragraph\">A queda representa mais um cap\u00edtulo da crise que se arrasta h\u00e1 anos. Depois de conquistar seu \u00faltimo t\u00edtulo da Ligue 1 em 2009, o Bordeaux entrou em um longo per\u00edodo de dificuldades esportivas e financeiras. Em 2022, caiu para a segunda divis\u00e3o. Dois anos depois, perdeu o status de clube profissional e foi rebaixado administrativamente para a quarta divis\u00e3o em raz\u00e3o de problemas financeiros. Agora, a situa\u00e7\u00e3o se agravou ainda mais.<\/p>\n\n\n\n<p class=\"wp-block-paragraph\">O principal entrave foi a incapacidade do propriet\u00e1rio G\u00e9rard L\u00f3pez de apresentar um plano financeiro capaz de garantir a sustentabilidade do clube. O Bordeaux chegou a negociar uma poss\u00edvel venda para um grupo de investidores, mas as tratativas n\u00e3o avan\u00e7aram a tempo de evitar a puni\u00e7\u00e3o imposta pela DNCG.<\/p>\n\n\n\n<p class=\"wp-block-paragraph\">Fundado em 1881, o Bordeaux \u00e9 um dos clubes mais vitoriosos da Fran\u00e7a. Al\u00e9m dos seis t\u00edtulos do Campeonato Franc\u00eas, conquistou quatro Copas da Fran\u00e7a, tr\u00eas Copas da Liga e revelou ou contou com grandes nomes do futebol, como Zin\u00e9dine Zidane, Alain Giresse, Christophe Dugarry, Bixente Lizarazu, Pauleta e Yoann Gourcuff. Em 1996, tamb\u00e9m foi vice-campe\u00e3o da Copa da Uefa, com Zidane liderando a equipe.<\/p>\n\n\n\n<p class=\"wp-block-paragraph\">Agora, o desafio ser\u00e1 reconstruir praticamente do zero uma das camisas mais tradicionais do futebol franc\u00eas. Sem calend\u00e1rio nacional e longe do profissionalismo, o Bordeaux tentar\u00e1 reorganizar suas finan\u00e7as para iniciar uma longa caminhada em busca de retornar \u00e0s principais divis\u00f5es do pa\u00eds.<\/p>\n","protected":false},"excerpt":{"rendered":"<p>Felipe Belli, Oeste EsporteUm dos clubes mais tradicionais da Fran\u00e7a vive o momento mais delicado de sua hist\u00f3ria. O Girondins de Bordeaux&hellip;<\/p>\n","protected":false},"author":5,"featured_media":11738,"comment_status":"open","ping_status":"open","sticky":false,"template":"","format":"standard","meta":{"footnotes":""},"categories":[8],"tags":[110,3737,44,145,29,3738],"class_list":["post-11737","post","type-post","status-publish","format-standard","has-post-thumbnail","hentry","category-ultimas-noticias","tag-110","tag-bordeaux","tag-fifa","tag-franca","tag-futebol","tag-ligue-1"],"yoast_head":"<!-- This site is optimized with the Yoast SEO plugin v28.0 - https:\/\/yoast.com\/product\/yoast-seo-wordpress\/ -->\n<title>Gigante franc\u00eas despenca para a sexta divis\u00e3o por crise financeira<\/title>\n<meta name=\"description\" content=\"O Girondins de Bordeaux foi oficialmente rebaixado para a sexta divis\u00e3o do futebol franc\u00eas depois que a comiss\u00e3o de recursos da DNCG\" \/>\n<meta name=\"robots\" content=\"index, follow, max-snippet:-1, max-image-preview:large, max-video-preview:-1\" \/>\n<link rel=\"canonical\" href=\"https:\/\/revistaoeste.com\/esporte\/gigante-frances-despenca-para-a-sexta-divisao-por-crise-financeira\/\" \/>\n<meta property=\"og:locale\" content=\"pt_BR\" \/>\n<meta property=\"og:type\" content=\"article\" \/>\n<meta property=\"og:title\" content=\"Gigante franc\u00eas despenca para a sexta divis\u00e3o por crise financeira\" \/>\n<meta property=\"og:description\" content=\"O Girondins de Bordeaux foi oficialmente rebaixado para a sexta divis\u00e3o do futebol franc\u00eas depois que a comiss\u00e3o de recursos da DNCG\" \/>\n<meta property=\"og:url\" content=\"https:\/\/revistaoeste.com\/esporte\/gigante-frances-despenca-para-a-sexta-divisao-por-crise-financeira\/\" \/>\n<meta property=\"og:site_name\" content=\"Oeste Esporte\" \/>\n<meta property=\"article:publisher\" content=\"https:\/\/www.facebook.com\/oesterevista\/\" \/>\n<meta property=\"article:published_time\" content=\"2026-07-15T19:00:00+00:00\" \/>\n<meta property=\"og:image\" content=\"https:\/\/revistaoeste.com\/esporte\/wp-content\/uploads\/2026\/07\/bordeaux.png\" \/>\n\t<meta property=\"og:image:width\" content=\"640\" \/>\n\t<meta property=\"og:image:height\" content=\"426\" \/>\n\t<meta property=\"og:image:type\" content=\"image\/png\" \/>\n<meta name=\"author\" content=\"Oeste Esporte\" \/>\n<meta name=\"twitter:card\" content=\"summary_large_image\" \/>\n<meta name=\"twitter:creator\" content=\"@revistaoeste\" \/>\n<meta name=\"twitter:site\" content=\"@revistaoeste\" \/>\n<meta name=\"twitter:label1\" content=\"Escrito por\" \/>\n\t<meta name=\"twitter:data1\" content=\"Oeste Esporte\" \/>\n\t<meta name=\"twitter:label2\" content=\"Est. tempo de leitura\" \/>\n\t<meta name=\"twitter:data2\" content=\"3 minutos\" \/>\n<script type=\"application\/ld+json\" class=\"yoast-schema-graph\">{\"@context\":\"https:\\\/\\\/schema.org\",\"@graph\":[{\"@type\":\"Article\",\"@id\":\"https:\\\/\\\/revistaoeste.com\\\/esporte\\\/gigante-frances-despenca-para-a-sexta-divisao-por-crise-financeira\\\/#article\",\"isPartOf\":{\"@id\":\"https:\\\/\\\/revistaoeste.com\\\/esporte\\\/gigante-frances-despenca-para-a-sexta-divisao-por-crise-financeira\\\/\"},\"author\":{\"name\":\"Oeste Esporte\",\"@id\":\"https:\\\/\\\/revistaoeste.com\\\/esporte\\\/#\\\/schema\\\/person\\\/6622e4d5d99a35adf0de88128e8d66a9\"},\"headline\":\"Gigante franc\u00eas despenca para a sexta divis\u00e3o por crise financeira\",\"datePublished\":\"2026-07-15T19:00:00+00:00\",\"mainEntityOfPage\":{\"@id\":\"https:\\\/\\\/revistaoeste.com\\\/esporte\\\/gigante-frances-despenca-para-a-sexta-divisao-por-crise-financeira\\\/\"},\"wordCount\":411,\"commentCount\":0,\"publisher\":{\"@id\":\"https:\\\/\\\/revistaoeste.com\\\/esporte\\\/#organization\"},\"image\":{\"@id\":\"https:\\\/\\\/revistaoeste.com\\\/esporte\\\/gigante-frances-despenca-para-a-sexta-divisao-por-crise-financeira\\\/#primaryimage\"},\"thumbnailUrl\":\"https:\\\/\\\/revistaoeste.com\\\/esporte\\\/wp-content\\\/uploads\\\/2026\\\/07\\\/bordeaux.png\",\"keywords\":[\"2026\",\"Bordeaux\",\"FIFA\",\"Fran\u00e7a\",\"futebol\",\"ligue 1\"],\"articleSection\":[\"\u00daltimas Not\u00edcias\"],\"inLanguage\":\"pt-BR\",\"potentialAction\":[{\"@type\":\"CommentAction\",\"name\":\"Comment\",\"target\":[\"https:\\\/\\\/revistaoeste.com\\\/esporte\\\/gigante-frances-despenca-para-a-sexta-divisao-por-crise-financeira\\\/#respond\"]}]},{\"@type\":\"WebPage\",\"@id\":\"https:\\\/\\\/revistaoeste.com\\\/esporte\\\/gigante-frances-despenca-para-a-sexta-divisao-por-crise-financeira\\\/\",\"url\":\"https:\\\/\\\/revistaoeste.com\\\/esporte\\\/gigante-frances-despenca-para-a-sexta-divisao-por-crise-financeira\\\/\",\"name\":\"Gigante franc\u00eas despenca para a sexta divis\u00e3o por crise financeira\",\"isPartOf\":{\"@id\":\"https:\\\/\\\/revistaoeste.com\\\/esporte\\\/#website\"},\"primaryImageOfPage\":{\"@id\":\"https:\\\/\\\/revistaoeste.com\\\/esporte\\\/gigante-frances-despenca-para-a-sexta-divisao-por-crise-financeira\\\/#primaryimage\"},\"image\":{\"@id\":\"https:\\\/\\\/revistaoeste.com\\\/esporte\\\/gigante-frances-despenca-para-a-sexta-divisao-por-crise-financeira\\\/#primaryimage\"},\"thumbnailUrl\":\"https:\\\/\\\/revistaoeste.com\\\/esporte\\\/wp-content\\\/uploads\\\/2026\\\/07\\\/bordeaux.png\",\"datePublished\":\"2026-07-15T19:00:00+00:00\",\"description\":\"O Girondins de Bordeaux foi oficialmente rebaixado para a sexta divis\u00e3o do futebol franc\u00eas depois que a comiss\u00e3o de recursos da DNCG\",\"breadcrumb\":{\"@id\":\"https:\\\/\\\/revistaoeste.com\\\/esporte\\\/gigante-frances-despenca-para-a-sexta-divisao-por-crise-financeira\\\/#breadcrumb\"},\"inLanguage\":\"pt-BR\",\"potentialAction\":[{\"@type\":\"ReadAction\",\"target\":[\"https:\\\/\\\/revistaoeste.com\\\/esporte\\\/gigante-frances-despenca-para-a-sexta-divisao-por-crise-financeira\\\/\"]}]},{\"@type\":\"ImageObject\",\"inLanguage\":\"pt-BR\",\"@id\":\"https:\\\/\\\/revistaoeste.com\\\/esporte\\\/gigante-frances-despenca-para-a-sexta-divisao-por-crise-financeira\\\/#primaryimage\",\"url\":\"https:\\\/\\\/revistaoeste.com\\\/esporte\\\/wp-content\\\/uploads\\\/2026\\\/07\\\/bordeaux.png\",\"contentUrl\":\"https:\\\/\\\/revistaoeste.com\\\/esporte\\\/wp-content\\\/uploads\\\/2026\\\/07\\\/bordeaux.png\",\"width\":640,\"height\":426,\"caption\":\"Bordeaux \u00e9 hexa campe\u00e3o franc\u00eas | Foto: Reprodu\u00e7\u00e3o\\\/Girondins\"},{\"@type\":\"BreadcrumbList\",\"@id\":\"https:\\\/\\\/revistaoeste.com\\\/esporte\\\/gigante-frances-despenca-para-a-sexta-divisao-por-crise-financeira\\\/#breadcrumb\",\"itemListElement\":[{\"@type\":\"ListItem\",\"position\":1,\"name\":\"In\u00edcio\",\"item\":\"https:\\\/\\\/revistaoeste.com\\\/esporte\\\/\"},{\"@type\":\"ListItem\",\"position\":2,\"name\":\"Gigante franc\u00eas despenca para a sexta divis\u00e3o por crise financeira\"}]},{\"@type\":\"WebSite\",\"@id\":\"https:\\\/\\\/revistaoeste.com\\\/esporte\\\/#website\",\"url\":\"https:\\\/\\\/revistaoeste.com\\\/esporte\\\/\",\"name\":\"Oeste Esporte\",\"description\":\"Copa sem Firula\",\"publisher\":{\"@id\":\"https:\\\/\\\/revistaoeste.com\\\/esporte\\\/#organization\"},\"potentialAction\":[{\"@type\":\"SearchAction\",\"target\":{\"@type\":\"EntryPoint\",\"urlTemplate\":\"https:\\\/\\\/revistaoeste.com\\\/esporte\\\/?s={search_term_string}\"},\"query-input\":{\"@type\":\"PropertyValueSpecification\",\"valueRequired\":true,\"valueName\":\"search_term_string\"}}],\"inLanguage\":\"pt-BR\"},{\"@type\":\"Organization\",\"@id\":\"https:\\\/\\\/revistaoeste.com\\\/esporte\\\/#organization\",\"name\":\"Oeste Esporte\",\"url\":\"https:\\\/\\\/revistaoeste.com\\\/esporte\\\/\",\"logo\":{\"@type\":\"ImageObject\",\"inLanguage\":\"pt-BR\",\"@id\":\"https:\\\/\\\/revistaoeste.com\\\/esporte\\\/#\\\/schema\\\/logo\\\/image\\\/\",\"url\":\"https:\\\/\\\/revistaoeste.com\\\/esporte\\\/wp-content\\\/uploads\\\/2026\\\/03\\\/avatar.jpg\",\"contentUrl\":\"https:\\\/\\\/revistaoeste.com\\\/esporte\\\/wp-content\\\/uploads\\\/2026\\\/03\\\/avatar.jpg\",\"width\":500,\"height\":500,\"caption\":\"Oeste Esporte\"},\"image\":{\"@id\":\"https:\\\/\\\/revistaoeste.com\\\/esporte\\\/#\\\/schema\\\/logo\\\/image\\\/\"},\"sameAs\":[\"https:\\\/\\\/www.facebook.com\\\/oesterevista\\\/\",\"https:\\\/\\\/x.com\\\/revistaoeste\",\"https:\\\/\\\/www.youtube.com\\\/@OesteEsporte\",\"https:\\\/\\\/www.instagram.com\\\/revistaoeste\\\/\"]},{\"@type\":\"Person\",\"@id\":\"https:\\\/\\\/revistaoeste.com\\\/esporte\\\/#\\\/schema\\\/person\\\/6622e4d5d99a35adf0de88128e8d66a9\",\"name\":\"Oeste Esporte\",\"image\":{\"@type\":\"ImageObject\",\"inLanguage\":\"pt-BR\",\"@id\":\"https:\\\/\\\/secure.gravatar.com\\\/avatar\\\/8a2c5501fe5eb922c6c1838ad6a759fe758ecb18b48e36083e67f353c16e08ac?s=96&d=mm&r=g\",\"url\":\"https:\\\/\\\/secure.gravatar.com\\\/avatar\\\/8a2c5501fe5eb922c6c1838ad6a759fe758ecb18b48e36083e67f353c16e08ac?s=96&d=mm&r=g\",\"contentUrl\":\"https:\\\/\\\/secure.gravatar.com\\\/avatar\\\/8a2c5501fe5eb922c6c1838ad6a759fe758ecb18b48e36083e67f353c16e08ac?s=96&d=mm&r=g\",\"caption\":\"Oeste Esporte\"},\"url\":\"https:\\\/\\\/revistaoeste.com\\\/esporte\\\/author\\\/felipebellirevistaoeste-com\\\/\"}]}<\/script>\n<!-- \/ Yoast SEO plugin. -->","yoast_head_json":{"title":"Gigante franc\u00eas despenca para a sexta divis\u00e3o por crise financeira","description":"O Girondins de Bordeaux foi oficialmente rebaixado para a sexta divis\u00e3o do futebol franc\u00eas depois que a comiss\u00e3o de recursos da DNCG","robots":{"index":"index","follow":"follow","max-snippet":"max-snippet:-1","max-image-preview":"max-image-preview:large","max-video-preview":"max-video-preview:-1"},"canonical":"https:\/\/revistaoeste.com\/esporte\/gigante-frances-despenca-para-a-sexta-divisao-por-crise-financeira\/","og_locale":"pt_BR","og_type":"article","og_title":"Gigante franc\u00eas despenca para a sexta divis\u00e3o por crise financeira","og_description":"O Girondins de Bordeaux foi oficialmente rebaixado para a sexta divis\u00e3o do futebol franc\u00eas depois que a comiss\u00e3o de recursos da DNCG","og_url":"https:\/\/revistaoeste.com\/esporte\/gigante-frances-despenca-para-a-sexta-divisao-por-crise-financeira\/","og_site_name":"Oeste Esporte","article_publisher":"https:\/\/www.facebook.com\/oesterevista\/","article_published_time":"2026-07-15T19:00:00+00:00","og_image":[{"width":640,"height":426,"url":"https:\/\/revistaoeste.com\/esporte\/wp-content\/uploads\/2026\/07\/bordeaux.png","type":"image\/png"}],"author":"Oeste Esporte","twitter_card":"summary_large_image","twitter_creator":"@revistaoeste","twitter_site":"@revistaoeste","twitter_misc":{"Escrito por":"Oeste Esporte","Est. tempo de leitura":"3 minutos"},"schema":{"@context":"https:\/\/schema.org","@graph":[{"@type":"Article","@id":"https:\/\/revistaoeste.com\/esporte\/gigante-frances-despenca-para-a-sexta-divisao-por-crise-financeira\/#article","isPartOf":{"@id":"https:\/\/revistaoeste.com\/esporte\/gigante-frances-despenca-para-a-sexta-divisao-por-crise-financeira\/"},"author":{"name":"Oeste Esporte","@id":"https:\/\/revistaoeste.com\/esporte\/#\/schema\/person\/6622e4d5d99a35adf0de88128e8d66a9"},"headline":"Gigante franc\u00eas despenca para a sexta divis\u00e3o por crise financeira","datePublished":"2026-07-15T19:00:00+00:00","mainEntityOfPage":{"@id":"https:\/\/revistaoeste.com\/esporte\/gigante-frances-despenca-para-a-sexta-divisao-por-crise-financeira\/"},"wordCount":411,"commentCount":0,"publisher":{"@id":"https:\/\/revistaoeste.com\/esporte\/#organization"},"image":{"@id":"https:\/\/revistaoeste.com\/esporte\/gigante-frances-despenca-para-a-sexta-divisao-por-crise-financeira\/#primaryimage"},"thumbnailUrl":"https:\/\/revistaoeste.com\/esporte\/wp-content\/uploads\/2026\/07\/bordeaux.png","keywords":["2026","Bordeaux","FIFA","Fran\u00e7a","futebol","ligue 1"],"articleSection":["\u00daltimas Not\u00edcias"],"inLanguage":"pt-BR","potentialAction":[{"@type":"CommentAction","name":"Comment","target":["https:\/\/revistaoeste.com\/esporte\/gigante-frances-despenca-para-a-sexta-divisao-por-crise-financeira\/#respond"]}]},{"@type":"WebPage","@id":"https:\/\/revistaoeste.com\/esporte\/gigante-frances-despenca-para-a-sexta-divisao-por-crise-financeira\/","url":"https:\/\/revistaoeste.com\/esporte\/gigante-frances-despenca-para-a-sexta-divisao-por-crise-financeira\/","name":"Gigante franc\u00eas despenca para a sexta divis\u00e3o por crise financeira","isPartOf":{"@id":"https:\/\/revistaoeste.com\/esporte\/#website"},"primaryImageOfPage":{"@id":"https:\/\/revistaoeste.com\/esporte\/gigante-frances-despenca-para-a-sexta-divisao-por-crise-financeira\/#primaryimage"},"image":{"@id":"https:\/\/revistaoeste.com\/esporte\/gigante-frances-despenca-para-a-sexta-divisao-por-crise-financeira\/#primaryimage"},"thumbnailUrl":"https:\/\/revistaoeste.com\/esporte\/wp-content\/uploads\/2026\/07\/bordeaux.png","datePublished":"2026-07-15T19:00:00+00:00","description":"O Girondins de Bordeaux foi oficialmente rebaixado para a sexta divis\u00e3o do futebol franc\u00eas depois que a comiss\u00e3o de recursos da DNCG","breadcrumb":{"@id":"https:\/\/revistaoeste.com\/esporte\/gigante-frances-despenca-para-a-sexta-divisao-por-crise-financeira\/#breadcrumb"},"inLanguage":"pt-BR","potentialAction":[{"@type":"ReadAction","target":["https:\/\/revistaoeste.com\/esporte\/gigante-frances-despenca-para-a-sexta-divisao-por-crise-financeira\/"]}]},{"@type":"ImageObject","inLanguage":"pt-BR","@id":"https:\/\/revistaoeste.com\/esporte\/gigante-frances-despenca-para-a-sexta-divisao-por-crise-financeira\/#primaryimage","url":"https:\/\/revistaoeste.com\/esporte\/wp-content\/uploads\/2026\/07\/bordeaux.png","contentUrl":"https:\/\/revistaoeste.com\/esporte\/wp-content\/uploads\/2026\/07\/bordeaux.png","width":640,"height":426,"caption":"Bordeaux \u00e9 hexa campe\u00e3o franc\u00eas | Foto: Reprodu\u00e7\u00e3o\/Girondins"},{"@type":"BreadcrumbList","@id":"https:\/\/revistaoeste.com\/esporte\/gigante-frances-despenca-para-a-sexta-divisao-por-crise-financeira\/#breadcrumb","itemListElement":[{"@type":"ListItem","position":1,"name":"In\u00edcio","item":"https:\/\/revistaoeste.com\/esporte\/"},{"@type":"ListItem","position":2,"name":"Gigante franc\u00eas despenca para a sexta divis\u00e3o por crise financeira"}]},{"@type":"WebSite","@id":"https:\/\/revistaoeste.com\/esporte\/#website","url":"https:\/\/revistaoeste.com\/esporte\/","name":"Oeste Esporte","description":"Copa sem Firula","publisher":{"@id":"https:\/\/revistaoeste.com\/esporte\/#organization"},"potentialAction":[{"@type":"SearchAction","target":{"@type":"EntryPoint","urlTemplate":"https:\/\/revistaoeste.com\/esporte\/?s={search_term_string}"},"query-input":{"@type":"PropertyValueSpecification","valueRequired":true,"valueName":"search_term_string"}}],"inLanguage":"pt-BR"},{"@type":"Organization","@id":"https:\/\/revistaoeste.com\/esporte\/#organization","name":"Oeste Esporte","url":"https:\/\/revistaoeste.com\/esporte\/","logo":{"@type":"ImageObject","inLanguage":"pt-BR","@id":"https:\/\/revistaoeste.com\/esporte\/#\/schema\/logo\/image\/","url":"https:\/\/revistaoeste.com\/esporte\/wp-content\/uploads\/2026\/03\/avatar.jpg","contentUrl":"https:\/\/revistaoeste.com\/esporte\/wp-content\/uploads\/2026\/03\/avatar.jpg","width":500,"height":500,"caption":"Oeste Esporte"},"image":{"@id":"https:\/\/revistaoeste.com\/esporte\/#\/schema\/logo\/image\/"},"sameAs":["https:\/\/www.facebook.com\/oesterevista\/","https:\/\/x.com\/revistaoeste","https:\/\/www.youtube.com\/@OesteEsporte","https:\/\/www.instagram.com\/revistaoeste\/"]},{"@type":"Person","@id":"https:\/\/revistaoeste.com\/esporte\/#\/schema\/person\/6622e4d5d99a35adf0de88128e8d66a9","name":"Oeste Esporte","image":{"@type":"ImageObject","inLanguage":"pt-BR","@id":"https:\/\/secure.gravatar.com\/avatar\/8a2c5501fe5eb922c6c1838ad6a759fe758ecb18b48e36083e67f353c16e08ac?s=96&d=mm&r=g","url":"https:\/\/secure.gravatar.com\/avatar\/8a2c5501fe5eb922c6c1838ad6a759fe758ecb18b48e36083e67f353c16e08ac?s=96&d=mm&r=g","contentUrl":"https:\/\/secure.gravatar.com\/avatar\/8a2c5501fe5eb922c6c1838ad6a759fe758ecb18b48e36083e67f353c16e08ac?s=96&d=mm&r=g","caption":"Oeste Esporte"},"url":"https:\/\/revistaoeste.com\/esporte\/author\/felipebellirevistaoeste-com\/"}]}},"_links":{"self":[{"href":"https:\/\/revistaoeste.com\/esporte\/wp-json\/wp\/v2\/posts\/11737","targetHints":{"allow":["GET"]}}],"collection":[{"href":"https:\/\/revistaoeste.com\/esporte\/wp-json\/wp\/v2\/posts"}],"about":[{"href":"https:\/\/revistaoeste.com\/esporte\/wp-json\/wp\/v2\/types\/post"}],"author":[{"embeddable":true,"href":"https:\/\/revistaoeste.com\/esporte\/wp-json\/wp\/v2\/users\/5"}],"replies":[{"embeddable":true,"href":"https:\/\/revistaoeste.com\/esporte\/wp-json\/wp\/v2\/comments?post=11737"}],"version-history":[{"count":1,"href":"https:\/\/revistaoeste.com\/esporte\/wp-json\/wp\/v2\/posts\/11737\/revisions"}],"predecessor-version":[{"id":11739,"href":"https:\/\/revistaoeste.com\/esporte\/wp-json\/wp\/v2\/posts\/11737\/revisions\/11739"}],"wp:featuredmedia":[{"embeddable":true,"href":"https:\/\/revistaoeste.com\/esporte\/wp-json\/wp\/v2\/media\/11738"}],"wp:attachment":[{"href":"https:\/\/revistaoeste.com\/esporte\/wp-json\/wp\/v2\/media?parent=11737"}],"wp:term":[{"taxonomy":"category","embeddable":true,"href":"https:\/\/revistaoeste.com\/esporte\/wp-json\/wp\/v2\/categories?post=11737"},{"taxonomy":"post_tag","embeddable":true,"href":"https:\/\/revistaoeste.com\/esporte\/wp-json\/wp\/v2\/tags?post=11737"}],"curies":[{"name":"wp","href":"https:\/\/api.w.org\/{rel}","templated":true}]}}