{"id":11774,"date":"2026-07-15T21:00:00","date_gmt":"2026-07-16T00:00:00","guid":{"rendered":"https:\/\/revistaoeste.com\/esporte\/?p=11774"},"modified":"2026-07-15T16:57:38","modified_gmt":"2026-07-15T19:57:38","slug":"rodri-pode-se-juntar-a-grupo-seleto-na-final-da-copa-do-mundo","status":"publish","type":"post","link":"https:\/\/revistaoeste.com\/esporte\/rodri-pode-se-juntar-a-grupo-seleto-na-final-da-copa-do-mundo\/","title":{"rendered":"Rodri pode se juntar a grupo seleto na final da Copa do Mundo"},"content":{"rendered":"\n<p class=\"wp-block-paragraph\">A final da Copa do Mundo de 2026 pode representar mais do que o segundo t\u00edtulo mundial da Espanha. Caso conquiste a ta\u00e7a no pr\u00f3ximo domingo, diante de Inglaterra ou Argentina, o volante Rodri entrar\u00e1 para um dos grupos mais exclusivos da hist\u00f3ria do futebol.<\/p>\n\n\n\n<p class=\"wp-block-paragraph\"><strong>+ Leia mais not\u00edcias de&nbsp;<a href=\"https:\/\/revistaoeste.com\/esporte\/\">Oeste Esporte<\/a><\/strong><\/p>\n\n\n\n<p class=\"wp-block-paragraph\">Atual vencedor da Bola de Ouro e campe\u00e3o da Liga dos Campe\u00f5es, o meio-campista espanhol precisa apenas do t\u00edtulo mundial para completar a chamada &#8220;tr\u00edplice coroa&#8221; do futebol: vencer a Copa do Mundo, a Liga dos Campe\u00f5es e conquistar a Bola de Ouro ao longo da carreira.<\/p>\n\n\n\n<p class=\"wp-block-paragraph\">At\u00e9 hoje, apenas 10 jogadores alcan\u00e7aram esse feito.<\/p>\n\n\n\n<p class=\"wp-block-paragraph\">Rodri chega \u00e0 decis\u00e3o como um dos principais nomes da sele\u00e7\u00e3o espanhola, mesmo depois de conviver com problemas f\u00edsicos antes do in\u00edcio da Copa. Titular absoluto da equipe comandada por Luis de la Fuente, o volante ajudou a Espanha a eliminar a Fran\u00e7a por 2 a 0 na semifinal e agora est\u00e1 a um jogo de escrever seu nome entre as maiores lendas do esporte.<\/p>\n\n\n\n<h3 class=\"wp-block-heading\">Os jogadores que conquistaram a &#8220;tr\u00edplice coroa&#8221;<\/h3>\n\n\n\n<ul class=\"wp-block-list\">\n<li><strong>Bobby Charlton<\/strong> (Inglaterra) \u2013 Copa do Mundo de 1966, Bola de Ouro de 1966 e Copa dos Campe\u00f5es de 1968.<\/li>\n\n\n\n<li><strong>Gerd M\u00fcller<\/strong> (Alemanha Ocidental) \u2013 Bola de Ouro de 1970, Copa do Mundo de 1974 e Liga dos Campe\u00f5es pelo Bayern de Munique.<\/li>\n\n\n\n<li><strong>Franz Beckenbauer<\/strong> (Alemanha Ocidental) \u2013 Bola de Ouro de 1972, Copa do Mundo de 1974 e Liga dos Campe\u00f5es pelo Bayern.<\/li>\n\n\n\n<li><strong>Paolo Rossi<\/strong> (It\u00e1lia) \u2013 Copa do Mundo e Bola de Ouro de 1982, al\u00e9m da Liga dos Campe\u00f5es de 1985 com a Juventus.<\/li>\n\n\n\n<li><strong>Zinedine Zidane<\/strong> (Fran\u00e7a) \u2013 Copa do Mundo e Bola de Ouro de 1998 e Liga dos Campe\u00f5es de 2002 pelo Real Madrid.<\/li>\n\n\n\n<li><strong>Rivaldo<\/strong> (Brasil) \u2013 Bola de Ouro de 1999, campe\u00e3o mundial em 2002 e vencedor da Liga dos Campe\u00f5es com o Milan em 2003.<\/li>\n\n\n\n<li><strong>Ronaldinho Ga\u00facho<\/strong> (Brasil) \u2013 campe\u00e3o mundial em 2002, Bola de Ouro de 2005 e campe\u00e3o da Liga dos Campe\u00f5es em 2006.<\/li>\n\n\n\n<li><strong>Kak\u00e1<\/strong> (Brasil) \u2013 campe\u00e3o mundial em 2002, Liga dos Campe\u00f5es e Bola de Ouro em 2007.<\/li>\n\n\n\n<li><strong>Lionel Messi<\/strong> (Argentina) \u2013 campe\u00e3o da Copa do Mundo de 2022, oito vezes vencedor da Bola de Ouro e tetracampe\u00e3o da Liga dos Campe\u00f5es.<\/li>\n\n\n\n<li><strong>Ousmane Demb\u00e9l\u00e9<\/strong> (Fran\u00e7a) \u2013 campe\u00e3o mundial em 2018, vencedor da Liga dos Campe\u00f5es e da Bola de Ouro de 2025.<\/li>\n<\/ul>\n\n\n\n<p class=\"wp-block-paragraph\">Se levantar a ta\u00e7a da Copa do Mundo, Rodri ser\u00e1 o 11\u00ba jogador da hist\u00f3ria a reunir os tr\u00eas maiores t\u00edtulos poss\u00edveis para um atleta de futebol: o principal trof\u00e9u de sele\u00e7\u00f5es, a maior competi\u00e7\u00e3o de clubes da Europa e o pr\u00eamio individual mais prestigiado do esporte.<br><br>A decis\u00e3o acontece no pr\u00f3ximo domingo, em Nova Jersey, quando a Espanha buscar\u00e1 o bicampeonato mundial<\/p>\n\n\n\n<p class=\"wp-block-paragraph\"><\/p>\n","protected":false},"excerpt":{"rendered":"<p>A final da Copa do Mundo de 2026 pode representar mais do que o segundo t\u00edtulo mundial da Espanha. Caso conquiste a&hellip;<\/p>\n","protected":false},"author":1,"featured_media":11779,"comment_status":"open","ping_status":"open","sticky":false,"template":"","format":"standard","meta":{"footnotes":""},"categories":[18,8],"tags":[3223,23,29,304,1232],"class_list":["post-11774","post","type-post","status-publish","format-standard","has-post-thumbnail","hentry","category-final","category-ultimas-noticias","tag-conquista","tag-copa-do-mundo","tag-futebol","tag-historia","tag-rodri"],"yoast_head":"<!-- This site is optimized with the Yoast SEO plugin v28.0 - https:\/\/yoast.com\/product\/yoast-seo-wordpress\/ -->\n<title>Rodri pode se juntar a grupo seleto na final da Copa do Mundo<\/title>\n<meta name=\"description\" content=\"Rodri tem a chance de se tornar um dos 10 jogadores a conquistar um feito lend\u00e1rio na final da Copa do Mundo.\" \/>\n<meta name=\"robots\" content=\"index, follow, max-snippet:-1, max-image-preview:large, max-video-preview:-1\" \/>\n<link rel=\"canonical\" href=\"https:\/\/revistaoeste.com\/esporte\/rodri-pode-se-juntar-a-grupo-seleto-na-final-da-copa-do-mundo\/\" \/>\n<meta property=\"og:locale\" content=\"pt_BR\" \/>\n<meta property=\"og:type\" content=\"article\" \/>\n<meta property=\"og:title\" content=\"Rodri pode se juntar a grupo seleto na final da Copa do Mundo\" \/>\n<meta property=\"og:description\" content=\"Rodri tem a chance de se tornar um dos 10 jogadores a conquistar um feito lend\u00e1rio na final da Copa do Mundo.\" \/>\n<meta property=\"og:url\" content=\"https:\/\/revistaoeste.com\/esporte\/rodri-pode-se-juntar-a-grupo-seleto-na-final-da-copa-do-mundo\/\" \/>\n<meta property=\"og:site_name\" content=\"Oeste Esporte\" \/>\n<meta property=\"article:publisher\" content=\"https:\/\/www.facebook.com\/oesterevista\/\" \/>\n<meta property=\"article:published_time\" content=\"2026-07-16T00:00:00+00:00\" \/>\n<meta property=\"og:image\" content=\"https:\/\/revistaoeste.com\/esporte\/wp-content\/uploads\/2026\/07\/Rodri.png\" \/>\n\t<meta property=\"og:image:width\" content=\"640\" \/>\n\t<meta property=\"og:image:height\" content=\"427\" \/>\n\t<meta property=\"og:image:type\" content=\"image\/png\" \/>\n<meta name=\"author\" content=\"Oeste Esporte\" \/>\n<meta name=\"twitter:card\" content=\"summary_large_image\" \/>\n<meta name=\"twitter:creator\" content=\"@revistaoeste\" \/>\n<meta name=\"twitter:site\" content=\"@revistaoeste\" \/>\n<meta name=\"twitter:label1\" content=\"Escrito por\" \/>\n\t<meta name=\"twitter:data1\" content=\"Oeste Esporte\" \/>\n\t<meta name=\"twitter:label2\" content=\"Est. tempo de leitura\" \/>\n\t<meta name=\"twitter:data2\" content=\"3 minutos\" \/>\n<script type=\"application\/ld+json\" class=\"yoast-schema-graph\">{\"@context\":\"https:\\\/\\\/schema.org\",\"@graph\":[{\"@type\":\"Article\",\"@id\":\"https:\\\/\\\/revistaoeste.com\\\/esporte\\\/rodri-pode-se-juntar-a-grupo-seleto-na-final-da-copa-do-mundo\\\/#article\",\"isPartOf\":{\"@id\":\"https:\\\/\\\/revistaoeste.com\\\/esporte\\\/rodri-pode-se-juntar-a-grupo-seleto-na-final-da-copa-do-mundo\\\/\"},\"author\":{\"name\":\"Oeste Esporte\",\"@id\":\"https:\\\/\\\/revistaoeste.com\\\/esporte\\\/#\\\/schema\\\/person\\\/8bac624bec4650bf2ec23768fd7ac65d\"},\"headline\":\"Rodri pode se juntar a grupo seleto na final da Copa do Mundo\",\"datePublished\":\"2026-07-16T00:00:00+00:00\",\"mainEntityOfPage\":{\"@id\":\"https:\\\/\\\/revistaoeste.com\\\/esporte\\\/rodri-pode-se-juntar-a-grupo-seleto-na-final-da-copa-do-mundo\\\/\"},\"wordCount\":482,\"commentCount\":0,\"publisher\":{\"@id\":\"https:\\\/\\\/revistaoeste.com\\\/esporte\\\/#organization\"},\"image\":{\"@id\":\"https:\\\/\\\/revistaoeste.com\\\/esporte\\\/rodri-pode-se-juntar-a-grupo-seleto-na-final-da-copa-do-mundo\\\/#primaryimage\"},\"thumbnailUrl\":\"https:\\\/\\\/revistaoeste.com\\\/esporte\\\/wp-content\\\/uploads\\\/2026\\\/07\\\/Rodri.png\",\"keywords\":[\"conquista\",\"Copa do Mundo\",\"futebol\",\"hist\u00f3ria\",\"Rodri\"],\"articleSection\":[\"Final\",\"\u00daltimas Not\u00edcias\"],\"inLanguage\":\"pt-BR\",\"potentialAction\":[{\"@type\":\"CommentAction\",\"name\":\"Comment\",\"target\":[\"https:\\\/\\\/revistaoeste.com\\\/esporte\\\/rodri-pode-se-juntar-a-grupo-seleto-na-final-da-copa-do-mundo\\\/#respond\"]}]},{\"@type\":\"WebPage\",\"@id\":\"https:\\\/\\\/revistaoeste.com\\\/esporte\\\/rodri-pode-se-juntar-a-grupo-seleto-na-final-da-copa-do-mundo\\\/\",\"url\":\"https:\\\/\\\/revistaoeste.com\\\/esporte\\\/rodri-pode-se-juntar-a-grupo-seleto-na-final-da-copa-do-mundo\\\/\",\"name\":\"Rodri pode se juntar a grupo seleto na final da Copa do Mundo\",\"isPartOf\":{\"@id\":\"https:\\\/\\\/revistaoeste.com\\\/esporte\\\/#website\"},\"primaryImageOfPage\":{\"@id\":\"https:\\\/\\\/revistaoeste.com\\\/esporte\\\/rodri-pode-se-juntar-a-grupo-seleto-na-final-da-copa-do-mundo\\\/#primaryimage\"},\"image\":{\"@id\":\"https:\\\/\\\/revistaoeste.com\\\/esporte\\\/rodri-pode-se-juntar-a-grupo-seleto-na-final-da-copa-do-mundo\\\/#primaryimage\"},\"thumbnailUrl\":\"https:\\\/\\\/revistaoeste.com\\\/esporte\\\/wp-content\\\/uploads\\\/2026\\\/07\\\/Rodri.png\",\"datePublished\":\"2026-07-16T00:00:00+00:00\",\"description\":\"Rodri tem a chance de se tornar um dos 10 jogadores a conquistar um feito lend\u00e1rio na final da Copa do Mundo.\",\"breadcrumb\":{\"@id\":\"https:\\\/\\\/revistaoeste.com\\\/esporte\\\/rodri-pode-se-juntar-a-grupo-seleto-na-final-da-copa-do-mundo\\\/#breadcrumb\"},\"inLanguage\":\"pt-BR\",\"potentialAction\":[{\"@type\":\"ReadAction\",\"target\":[\"https:\\\/\\\/revistaoeste.com\\\/esporte\\\/rodri-pode-se-juntar-a-grupo-seleto-na-final-da-copa-do-mundo\\\/\"]}]},{\"@type\":\"ImageObject\",\"inLanguage\":\"pt-BR\",\"@id\":\"https:\\\/\\\/revistaoeste.com\\\/esporte\\\/rodri-pode-se-juntar-a-grupo-seleto-na-final-da-copa-do-mundo\\\/#primaryimage\",\"url\":\"https:\\\/\\\/revistaoeste.com\\\/esporte\\\/wp-content\\\/uploads\\\/2026\\\/07\\\/Rodri.png\",\"contentUrl\":\"https:\\\/\\\/revistaoeste.com\\\/esporte\\\/wp-content\\\/uploads\\\/2026\\\/07\\\/Rodri.png\",\"width\":640,\"height\":427,\"caption\":\"Rodri vencedor da bola de ouro em 2024 | Foto: Reprodu\u00e7\u00e3o\\\/SEF\"},{\"@type\":\"BreadcrumbList\",\"@id\":\"https:\\\/\\\/revistaoeste.com\\\/esporte\\\/rodri-pode-se-juntar-a-grupo-seleto-na-final-da-copa-do-mundo\\\/#breadcrumb\",\"itemListElement\":[{\"@type\":\"ListItem\",\"position\":1,\"name\":\"In\u00edcio\",\"item\":\"https:\\\/\\\/revistaoeste.com\\\/esporte\\\/\"},{\"@type\":\"ListItem\",\"position\":2,\"name\":\"Rodri pode se juntar a grupo seleto na final da Copa do Mundo\"}]},{\"@type\":\"WebSite\",\"@id\":\"https:\\\/\\\/revistaoeste.com\\\/esporte\\\/#website\",\"url\":\"https:\\\/\\\/revistaoeste.com\\\/esporte\\\/\",\"name\":\"Oeste Esporte\",\"description\":\"Copa sem Firula\",\"publisher\":{\"@id\":\"https:\\\/\\\/revistaoeste.com\\\/esporte\\\/#organization\"},\"potentialAction\":[{\"@type\":\"SearchAction\",\"target\":{\"@type\":\"EntryPoint\",\"urlTemplate\":\"https:\\\/\\\/revistaoeste.com\\\/esporte\\\/?s={search_term_string}\"},\"query-input\":{\"@type\":\"PropertyValueSpecification\",\"valueRequired\":true,\"valueName\":\"search_term_string\"}}],\"inLanguage\":\"pt-BR\"},{\"@type\":\"Organization\",\"@id\":\"https:\\\/\\\/revistaoeste.com\\\/esporte\\\/#organization\",\"name\":\"Oeste Esporte\",\"url\":\"https:\\\/\\\/revistaoeste.com\\\/esporte\\\/\",\"logo\":{\"@type\":\"ImageObject\",\"inLanguage\":\"pt-BR\",\"@id\":\"https:\\\/\\\/revistaoeste.com\\\/esporte\\\/#\\\/schema\\\/logo\\\/image\\\/\",\"url\":\"https:\\\/\\\/revistaoeste.com\\\/esporte\\\/wp-content\\\/uploads\\\/2026\\\/03\\\/avatar.jpg\",\"contentUrl\":\"https:\\\/\\\/revistaoeste.com\\\/esporte\\\/wp-content\\\/uploads\\\/2026\\\/03\\\/avatar.jpg\",\"width\":500,\"height\":500,\"caption\":\"Oeste Esporte\"},\"image\":{\"@id\":\"https:\\\/\\\/revistaoeste.com\\\/esporte\\\/#\\\/schema\\\/logo\\\/image\\\/\"},\"sameAs\":[\"https:\\\/\\\/www.facebook.com\\\/oesterevista\\\/\",\"https:\\\/\\\/x.com\\\/revistaoeste\",\"https:\\\/\\\/www.youtube.com\\\/@OesteEsporte\",\"https:\\\/\\\/www.instagram.com\\\/revistaoeste\\\/\"]},{\"@type\":\"Person\",\"@id\":\"https:\\\/\\\/revistaoeste.com\\\/esporte\\\/#\\\/schema\\\/person\\\/8bac624bec4650bf2ec23768fd7ac65d\",\"name\":\"Oeste Esporte\",\"image\":{\"@type\":\"ImageObject\",\"inLanguage\":\"pt-BR\",\"@id\":\"https:\\\/\\\/secure.gravatar.com\\\/avatar\\\/2987d05a660a8ffcae47b35d35518c167ec44856a592ec112d72c02da5110150?s=96&d=mm&r=g\",\"url\":\"https:\\\/\\\/secure.gravatar.com\\\/avatar\\\/2987d05a660a8ffcae47b35d35518c167ec44856a592ec112d72c02da5110150?s=96&d=mm&r=g\",\"contentUrl\":\"https:\\\/\\\/secure.gravatar.com\\\/avatar\\\/2987d05a660a8ffcae47b35d35518c167ec44856a592ec112d72c02da5110150?s=96&d=mm&r=g\",\"caption\":\"Oeste Esporte\"},\"sameAs\":[\"https:\\\/\\\/revistaoeste.com\\\/esporte\"],\"url\":\"https:\\\/\\\/revistaoeste.com\\\/esporte\\\/author\\\/vanessa\\\/\"}]}<\/script>\n<!-- \/ Yoast SEO plugin. -->","yoast_head_json":{"title":"Rodri pode se juntar a grupo seleto na final da Copa do Mundo","description":"Rodri tem a chance de se tornar um dos 10 jogadores a conquistar um feito lend\u00e1rio na final da Copa do Mundo.","robots":{"index":"index","follow":"follow","max-snippet":"max-snippet:-1","max-image-preview":"max-image-preview:large","max-video-preview":"max-video-preview:-1"},"canonical":"https:\/\/revistaoeste.com\/esporte\/rodri-pode-se-juntar-a-grupo-seleto-na-final-da-copa-do-mundo\/","og_locale":"pt_BR","og_type":"article","og_title":"Rodri pode se juntar a grupo seleto na final da Copa do Mundo","og_description":"Rodri tem a chance de se tornar um dos 10 jogadores a conquistar um feito lend\u00e1rio na final da Copa do Mundo.","og_url":"https:\/\/revistaoeste.com\/esporte\/rodri-pode-se-juntar-a-grupo-seleto-na-final-da-copa-do-mundo\/","og_site_name":"Oeste Esporte","article_publisher":"https:\/\/www.facebook.com\/oesterevista\/","article_published_time":"2026-07-16T00:00:00+00:00","og_image":[{"width":640,"height":427,"url":"https:\/\/revistaoeste.com\/esporte\/wp-content\/uploads\/2026\/07\/Rodri.png","type":"image\/png"}],"author":"Oeste Esporte","twitter_card":"summary_large_image","twitter_creator":"@revistaoeste","twitter_site":"@revistaoeste","twitter_misc":{"Escrito por":"Oeste Esporte","Est. tempo de leitura":"3 minutos"},"schema":{"@context":"https:\/\/schema.org","@graph":[{"@type":"Article","@id":"https:\/\/revistaoeste.com\/esporte\/rodri-pode-se-juntar-a-grupo-seleto-na-final-da-copa-do-mundo\/#article","isPartOf":{"@id":"https:\/\/revistaoeste.com\/esporte\/rodri-pode-se-juntar-a-grupo-seleto-na-final-da-copa-do-mundo\/"},"author":{"name":"Oeste Esporte","@id":"https:\/\/revistaoeste.com\/esporte\/#\/schema\/person\/8bac624bec4650bf2ec23768fd7ac65d"},"headline":"Rodri pode se juntar a grupo seleto na final da Copa do Mundo","datePublished":"2026-07-16T00:00:00+00:00","mainEntityOfPage":{"@id":"https:\/\/revistaoeste.com\/esporte\/rodri-pode-se-juntar-a-grupo-seleto-na-final-da-copa-do-mundo\/"},"wordCount":482,"commentCount":0,"publisher":{"@id":"https:\/\/revistaoeste.com\/esporte\/#organization"},"image":{"@id":"https:\/\/revistaoeste.com\/esporte\/rodri-pode-se-juntar-a-grupo-seleto-na-final-da-copa-do-mundo\/#primaryimage"},"thumbnailUrl":"https:\/\/revistaoeste.com\/esporte\/wp-content\/uploads\/2026\/07\/Rodri.png","keywords":["conquista","Copa do Mundo","futebol","hist\u00f3ria","Rodri"],"articleSection":["Final","\u00daltimas Not\u00edcias"],"inLanguage":"pt-BR","potentialAction":[{"@type":"CommentAction","name":"Comment","target":["https:\/\/revistaoeste.com\/esporte\/rodri-pode-se-juntar-a-grupo-seleto-na-final-da-copa-do-mundo\/#respond"]}]},{"@type":"WebPage","@id":"https:\/\/revistaoeste.com\/esporte\/rodri-pode-se-juntar-a-grupo-seleto-na-final-da-copa-do-mundo\/","url":"https:\/\/revistaoeste.com\/esporte\/rodri-pode-se-juntar-a-grupo-seleto-na-final-da-copa-do-mundo\/","name":"Rodri pode se juntar a grupo seleto na final da Copa do Mundo","isPartOf":{"@id":"https:\/\/revistaoeste.com\/esporte\/#website"},"primaryImageOfPage":{"@id":"https:\/\/revistaoeste.com\/esporte\/rodri-pode-se-juntar-a-grupo-seleto-na-final-da-copa-do-mundo\/#primaryimage"},"image":{"@id":"https:\/\/revistaoeste.com\/esporte\/rodri-pode-se-juntar-a-grupo-seleto-na-final-da-copa-do-mundo\/#primaryimage"},"thumbnailUrl":"https:\/\/revistaoeste.com\/esporte\/wp-content\/uploads\/2026\/07\/Rodri.png","datePublished":"2026-07-16T00:00:00+00:00","description":"Rodri tem a chance de se tornar um dos 10 jogadores a conquistar um feito lend\u00e1rio na final da Copa do Mundo.","breadcrumb":{"@id":"https:\/\/revistaoeste.com\/esporte\/rodri-pode-se-juntar-a-grupo-seleto-na-final-da-copa-do-mundo\/#breadcrumb"},"inLanguage":"pt-BR","potentialAction":[{"@type":"ReadAction","target":["https:\/\/revistaoeste.com\/esporte\/rodri-pode-se-juntar-a-grupo-seleto-na-final-da-copa-do-mundo\/"]}]},{"@type":"ImageObject","inLanguage":"pt-BR","@id":"https:\/\/revistaoeste.com\/esporte\/rodri-pode-se-juntar-a-grupo-seleto-na-final-da-copa-do-mundo\/#primaryimage","url":"https:\/\/revistaoeste.com\/esporte\/wp-content\/uploads\/2026\/07\/Rodri.png","contentUrl":"https:\/\/revistaoeste.com\/esporte\/wp-content\/uploads\/2026\/07\/Rodri.png","width":640,"height":427,"caption":"Rodri vencedor da bola de ouro em 2024 | Foto: Reprodu\u00e7\u00e3o\/SEF"},{"@type":"BreadcrumbList","@id":"https:\/\/revistaoeste.com\/esporte\/rodri-pode-se-juntar-a-grupo-seleto-na-final-da-copa-do-mundo\/#breadcrumb","itemListElement":[{"@type":"ListItem","position":1,"name":"In\u00edcio","item":"https:\/\/revistaoeste.com\/esporte\/"},{"@type":"ListItem","position":2,"name":"Rodri pode se juntar a grupo seleto na final da Copa do Mundo"}]},{"@type":"WebSite","@id":"https:\/\/revistaoeste.com\/esporte\/#website","url":"https:\/\/revistaoeste.com\/esporte\/","name":"Oeste Esporte","description":"Copa sem Firula","publisher":{"@id":"https:\/\/revistaoeste.com\/esporte\/#organization"},"potentialAction":[{"@type":"SearchAction","target":{"@type":"EntryPoint","urlTemplate":"https:\/\/revistaoeste.com\/esporte\/?s={search_term_string}"},"query-input":{"@type":"PropertyValueSpecification","valueRequired":true,"valueName":"search_term_string"}}],"inLanguage":"pt-BR"},{"@type":"Organization","@id":"https:\/\/revistaoeste.com\/esporte\/#organization","name":"Oeste Esporte","url":"https:\/\/revistaoeste.com\/esporte\/","logo":{"@type":"ImageObject","inLanguage":"pt-BR","@id":"https:\/\/revistaoeste.com\/esporte\/#\/schema\/logo\/image\/","url":"https:\/\/revistaoeste.com\/esporte\/wp-content\/uploads\/2026\/03\/avatar.jpg","contentUrl":"https:\/\/revistaoeste.com\/esporte\/wp-content\/uploads\/2026\/03\/avatar.jpg","width":500,"height":500,"caption":"Oeste Esporte"},"image":{"@id":"https:\/\/revistaoeste.com\/esporte\/#\/schema\/logo\/image\/"},"sameAs":["https:\/\/www.facebook.com\/oesterevista\/","https:\/\/x.com\/revistaoeste","https:\/\/www.youtube.com\/@OesteEsporte","https:\/\/www.instagram.com\/revistaoeste\/"]},{"@type":"Person","@id":"https:\/\/revistaoeste.com\/esporte\/#\/schema\/person\/8bac624bec4650bf2ec23768fd7ac65d","name":"Oeste Esporte","image":{"@type":"ImageObject","inLanguage":"pt-BR","@id":"https:\/\/secure.gravatar.com\/avatar\/2987d05a660a8ffcae47b35d35518c167ec44856a592ec112d72c02da5110150?s=96&d=mm&r=g","url":"https:\/\/secure.gravatar.com\/avatar\/2987d05a660a8ffcae47b35d35518c167ec44856a592ec112d72c02da5110150?s=96&d=mm&r=g","contentUrl":"https:\/\/secure.gravatar.com\/avatar\/2987d05a660a8ffcae47b35d35518c167ec44856a592ec112d72c02da5110150?s=96&d=mm&r=g","caption":"Oeste Esporte"},"sameAs":["https:\/\/revistaoeste.com\/esporte"],"url":"https:\/\/revistaoeste.com\/esporte\/author\/vanessa\/"}]}},"_links":{"self":[{"href":"https:\/\/revistaoeste.com\/esporte\/wp-json\/wp\/v2\/posts\/11774","targetHints":{"allow":["GET"]}}],"collection":[{"href":"https:\/\/revistaoeste.com\/esporte\/wp-json\/wp\/v2\/posts"}],"about":[{"href":"https:\/\/revistaoeste.com\/esporte\/wp-json\/wp\/v2\/types\/post"}],"author":[{"embeddable":true,"href":"https:\/\/revistaoeste.com\/esporte\/wp-json\/wp\/v2\/users\/1"}],"replies":[{"embeddable":true,"href":"https:\/\/revistaoeste.com\/esporte\/wp-json\/wp\/v2\/comments?post=11774"}],"version-history":[{"count":1,"href":"https:\/\/revistaoeste.com\/esporte\/wp-json\/wp\/v2\/posts\/11774\/revisions"}],"predecessor-version":[{"id":11780,"href":"https:\/\/revistaoeste.com\/esporte\/wp-json\/wp\/v2\/posts\/11774\/revisions\/11780"}],"wp:featuredmedia":[{"embeddable":true,"href":"https:\/\/revistaoeste.com\/esporte\/wp-json\/wp\/v2\/media\/11779"}],"wp:attachment":[{"href":"https:\/\/revistaoeste.com\/esporte\/wp-json\/wp\/v2\/media?parent=11774"}],"wp:term":[{"taxonomy":"category","embeddable":true,"href":"https:\/\/revistaoeste.com\/esporte\/wp-json\/wp\/v2\/categories?post=11774"},{"taxonomy":"post_tag","embeddable":true,"href":"https:\/\/revistaoeste.com\/esporte\/wp-json\/wp\/v2\/tags?post=11774"}],"curies":[{"name":"wp","href":"https:\/\/api.w.org\/{rel}","templated":true}]}}