{"id":12014,"date":"2026-07-17T16:00:00","date_gmt":"2026-07-17T19:00:00","guid":{"rendered":"https:\/\/revistaoeste.com\/esporte\/?p=12014"},"modified":"2026-07-17T13:34:44","modified_gmt":"2026-07-17T16:34:44","slug":"olise-quer-o-real-madrid-mas-bayern-faz-jogo-duro-por-permanencia","status":"publish","type":"post","link":"https:\/\/revistaoeste.com\/esporte\/olise-quer-o-real-madrid-mas-bayern-faz-jogo-duro-por-permanencia\/","title":{"rendered":"Olise quer o Real Madrid, mas Bayern faz jogo duro por perman\u00eancia"},"content":{"rendered":"\n<p class=\"wp-block-paragraph\"><strong>Felipe Belli, Oeste Esporte<br><\/strong><br>Michael Olise protagoniza uma das principais novelas da janela de transfer\u00eancias europeia. Depois de se destacar pelo Bayern de Munique e pela sele\u00e7\u00e3o francesa na Copa do Mundo de 2026, o atacante passou a ser o grande sonho do Real Madrid. O interesse, por\u00e9m, esbarra na resist\u00eancia do clube alem\u00e3o e em uma negocia\u00e7\u00e3o que promete ser longa.<\/p>\n\n\n\n<p class=\"wp-block-paragraph\"><strong>+ Leia mais not\u00edcias de&nbsp;<a href=\"https:\/\/revistaoeste.com\/esporte\/\">Oeste Esporte<\/a><\/strong><\/p>\n\n\n\n<p class=\"wp-block-paragraph\">Segundo o jornal franc\u00eas <em>L&#8217;\u00c9quipe<\/em>, Olise j\u00e1 comunicou a pessoas pr\u00f3ximas e at\u00e9 mesmo a companheiros da sele\u00e7\u00e3o francesa que deseja defender o Real Madrid na pr\u00f3xima temporada. O jogador, inclusive, teria conversado com atletas do elenco merengue, como Kylian Mbapp\u00e9 e Aur\u00e9lien Tchouam\u00e9ni, para buscar informa\u00e7\u00f5es sobre o clube espanhol.<\/p>\n\n\n\n<p class=\"wp-block-paragraph\">A vontade do atacante de 24 anos \u00e9 clara, mas o Bayern de Munique n\u00e3o pretende facilitar sua sa\u00edda. O presidente do clube, Herbert Hainer, foi direto ao comentar as especula\u00e7\u00f5es.<\/p>\n\n\n\n<blockquote class=\"wp-block-quote is-layout-flow wp-block-quote-is-layout-flow\">\n<p class=\"wp-block-paragraph\">&#8220;Digam ao Florentino P\u00e9rez para n\u00e3o perder tempo. Olise n\u00e3o est\u00e1 \u00e0 venda.&#8221;<\/p>\n<\/blockquote>\n\n\n\n<p class=\"wp-block-paragraph\">Nos bastidores, outro personagem tenta impedir a transfer\u00eancia. Companheiro de Olise tanto no Bayern quanto na sele\u00e7\u00e3o francesa, Dayot Upamecano trabalha para convencer o atacante a permanecer em Munique, argumentando que o clube oferece um projeto esportivo s\u00f3lido e condi\u00e7\u00f5es para disputar t\u00edtulos todos os anos.<\/p>\n\n\n\n<p class=\"wp-block-paragraph\">Enquanto isso, a diretoria b\u00e1vara prepara uma estrat\u00e9gia para afastar o ass\u00e9dio do Real Madrid. De acordo com informa\u00e7\u00f5es divulgadas pelo jornal alem\u00e3o <em>Bild<\/em>, o Bayern estuda oferecer um novo contrato ao franc\u00eas com um aumento salarial significativo, praticamente dobrando seus vencimentos atuais para transform\u00e1-lo em um dos atletas mais bem pagos do elenco.<\/p>\n\n\n\n<p class=\"wp-block-paragraph\">Do lado espanhol, a postura continua cautelosa. O Real Madrid acompanha a situa\u00e7\u00e3o de perto, mas n\u00e3o pretende abrir negocia\u00e7\u00f5es enquanto Olise n\u00e3o resolver sua situa\u00e7\u00e3o com o Bayern. A diretoria merengue entende que qualquer investida s\u00f3 acontecer\u00e1 caso o jogador manifeste oficialmente o desejo de sair do clube alem\u00e3o.<\/p>\n\n\n\n<p class=\"wp-block-paragraph\">Al\u00e9m disso, o Real estabeleceu uma condi\u00e7\u00e3o importante para que o neg\u00f3cio avance: n\u00e3o pretende entrar em um leil\u00e3o financeiro. O clube acredita que uma eventual contrata\u00e7\u00e3o s\u00f3 ser\u00e1 poss\u00edvel caso o Bayern aceite negociar por valores considerados compat\u00edveis com o mercado. Caso contr\u00e1rio, Florentino P\u00e9rez est\u00e1 disposto a esperar outra oportunidade.<\/p>\n\n\n\n<p class=\"wp-block-paragraph\">Olise tem contrato com o Bayern at\u00e9 junho de 2029 e n\u00e3o possui cl\u00e1usula de rescis\u00e3o, o que coloca o clube alem\u00e3o em posi\u00e7\u00e3o confort\u00e1vel nas negocia\u00e7\u00f5es. Seu valor de mercado gira em torno de 150 milh\u00f5es de euros, e parte da imprensa europeia afirma que uma eventual transfer\u00eancia poderia se tornar uma das mais caras da hist\u00f3ria do futebol.<\/p>\n\n\n\n<p class=\"wp-block-paragraph\">O interesse do Real Madrid ganhou ainda mais for\u00e7a durante a Copa do Mundo. Apesar da elimina\u00e7\u00e3o da Fran\u00e7a na semifinal para a Espanha, Olise foi um dos destaques da equipe de Didier Deschamps, acumulando grandes atua\u00e7\u00f5es e confirmando a excelente temporada que realizou pelo Bayern de Munique.<\/p>\n\n\n\n<p class=\"wp-block-paragraph\">Por enquanto, a negocia\u00e7\u00e3o segue em compasso de espera. O desejo do jogador \u00e9 vestir a camisa do Real Madrid, o Bayern faz de tudo para mant\u00ea-lo em Munique e o clube espanhol aguarda os pr\u00f3ximos passos antes de decidir se far\u00e1 uma proposta oficial. A tend\u00eancia \u00e9 que a novela tenha novos cap\u00edtulos logo ap\u00f3s o encerramento da Copa do Mundo de 2026.<\/p>\n\n\n\n<p class=\"wp-block-paragraph\"><\/p>\n","protected":false},"excerpt":{"rendered":"<p>Felipe Belli, Oeste EsporteMichael Olise protagoniza uma das principais novelas da janela de transfer\u00eancias europeia. Depois de se destacar pelo Bayern de&hellip;<\/p>\n","protected":false},"author":5,"featured_media":12015,"comment_status":"open","ping_status":"open","sticky":false,"template":"","format":"standard","meta":{"footnotes":""},"categories":[8],"tags":[110,359,23,29,115,1791,120],"class_list":["post-12014","post","type-post","status-publish","format-standard","has-post-thumbnail","hentry","category-ultimas-noticias","tag-110","tag-bayern","tag-copa-do-mundo","tag-futebol","tag-jogadores","tag-olise","tag-real-madrid"],"yoast_head":"<!-- This site is optimized with the Yoast SEO plugin v28.0 - https:\/\/yoast.com\/product\/yoast-seo-wordpress\/ -->\n<title>Olise quer o Real Madrid, mas Bayern faz jogo duro<\/title>\n<meta name=\"description\" content=\"Olise passou a ser o grande sonho do Real Madrid. O interesse, por\u00e9m, esbarra na resist\u00eancia do Bayern e em uma negocia\u00e7\u00e3o.\" \/>\n<meta name=\"robots\" content=\"index, follow, max-snippet:-1, max-image-preview:large, max-video-preview:-1\" \/>\n<link rel=\"canonical\" href=\"https:\/\/revistaoeste.com\/esporte\/olise-quer-o-real-madrid-mas-bayern-faz-jogo-duro-por-permanencia\/\" \/>\n<meta property=\"og:locale\" content=\"pt_BR\" \/>\n<meta property=\"og:type\" content=\"article\" \/>\n<meta property=\"og:title\" content=\"Olise quer o Real Madrid, mas Bayern faz jogo duro\" \/>\n<meta property=\"og:description\" content=\"Olise passou a ser o grande sonho do Real Madrid. O interesse, por\u00e9m, esbarra na resist\u00eancia do Bayern e em uma negocia\u00e7\u00e3o.\" \/>\n<meta property=\"og:url\" content=\"https:\/\/revistaoeste.com\/esporte\/olise-quer-o-real-madrid-mas-bayern-faz-jogo-duro-por-permanencia\/\" \/>\n<meta property=\"og:site_name\" content=\"Oeste Esporte\" \/>\n<meta property=\"article:publisher\" content=\"https:\/\/www.facebook.com\/oesterevista\/\" \/>\n<meta property=\"article:published_time\" content=\"2026-07-17T19:00:00+00:00\" \/>\n<meta property=\"og:image\" content=\"https:\/\/revistaoeste.com\/esporte\/wp-content\/uploads\/2026\/07\/olise-1.png\" \/>\n\t<meta property=\"og:image:width\" content=\"639\" \/>\n\t<meta property=\"og:image:height\" content=\"443\" \/>\n\t<meta property=\"og:image:type\" content=\"image\/png\" \/>\n<meta name=\"author\" content=\"Oeste Esporte\" \/>\n<meta name=\"twitter:card\" content=\"summary_large_image\" \/>\n<meta name=\"twitter:creator\" content=\"@revistaoeste\" \/>\n<meta name=\"twitter:site\" content=\"@revistaoeste\" \/>\n<meta name=\"twitter:label1\" content=\"Escrito por\" \/>\n\t<meta name=\"twitter:data1\" content=\"Oeste Esporte\" \/>\n\t<meta name=\"twitter:label2\" content=\"Est. tempo de leitura\" \/>\n\t<meta name=\"twitter:data2\" content=\"4 minutos\" \/>\n<script type=\"application\/ld+json\" class=\"yoast-schema-graph\">{\"@context\":\"https:\\\/\\\/schema.org\",\"@graph\":[{\"@type\":\"Article\",\"@id\":\"https:\\\/\\\/revistaoeste.com\\\/esporte\\\/olise-quer-o-real-madrid-mas-bayern-faz-jogo-duro-por-permanencia\\\/#article\",\"isPartOf\":{\"@id\":\"https:\\\/\\\/revistaoeste.com\\\/esporte\\\/olise-quer-o-real-madrid-mas-bayern-faz-jogo-duro-por-permanencia\\\/\"},\"author\":{\"name\":\"Oeste Esporte\",\"@id\":\"https:\\\/\\\/revistaoeste.com\\\/esporte\\\/#\\\/schema\\\/person\\\/6622e4d5d99a35adf0de88128e8d66a9\"},\"headline\":\"Olise quer o Real Madrid, mas Bayern faz jogo duro por perman\u00eancia\",\"datePublished\":\"2026-07-17T19:00:00+00:00\",\"mainEntityOfPage\":{\"@id\":\"https:\\\/\\\/revistaoeste.com\\\/esporte\\\/olise-quer-o-real-madrid-mas-bayern-faz-jogo-duro-por-permanencia\\\/\"},\"wordCount\":611,\"commentCount\":0,\"publisher\":{\"@id\":\"https:\\\/\\\/revistaoeste.com\\\/esporte\\\/#organization\"},\"image\":{\"@id\":\"https:\\\/\\\/revistaoeste.com\\\/esporte\\\/olise-quer-o-real-madrid-mas-bayern-faz-jogo-duro-por-permanencia\\\/#primaryimage\"},\"thumbnailUrl\":\"https:\\\/\\\/revistaoeste.com\\\/esporte\\\/wp-content\\\/uploads\\\/2026\\\/07\\\/olise-1.png\",\"keywords\":[\"2026\",\"Bayern\",\"Copa do Mundo\",\"futebol\",\"jogadores\",\"olise\",\"Real Madrid\"],\"articleSection\":[\"\u00daltimas Not\u00edcias\"],\"inLanguage\":\"pt-BR\",\"potentialAction\":[{\"@type\":\"CommentAction\",\"name\":\"Comment\",\"target\":[\"https:\\\/\\\/revistaoeste.com\\\/esporte\\\/olise-quer-o-real-madrid-mas-bayern-faz-jogo-duro-por-permanencia\\\/#respond\"]}]},{\"@type\":\"WebPage\",\"@id\":\"https:\\\/\\\/revistaoeste.com\\\/esporte\\\/olise-quer-o-real-madrid-mas-bayern-faz-jogo-duro-por-permanencia\\\/\",\"url\":\"https:\\\/\\\/revistaoeste.com\\\/esporte\\\/olise-quer-o-real-madrid-mas-bayern-faz-jogo-duro-por-permanencia\\\/\",\"name\":\"Olise quer o Real Madrid, mas Bayern faz jogo duro\",\"isPartOf\":{\"@id\":\"https:\\\/\\\/revistaoeste.com\\\/esporte\\\/#website\"},\"primaryImageOfPage\":{\"@id\":\"https:\\\/\\\/revistaoeste.com\\\/esporte\\\/olise-quer-o-real-madrid-mas-bayern-faz-jogo-duro-por-permanencia\\\/#primaryimage\"},\"image\":{\"@id\":\"https:\\\/\\\/revistaoeste.com\\\/esporte\\\/olise-quer-o-real-madrid-mas-bayern-faz-jogo-duro-por-permanencia\\\/#primaryimage\"},\"thumbnailUrl\":\"https:\\\/\\\/revistaoeste.com\\\/esporte\\\/wp-content\\\/uploads\\\/2026\\\/07\\\/olise-1.png\",\"datePublished\":\"2026-07-17T19:00:00+00:00\",\"description\":\"Olise passou a ser o grande sonho do Real Madrid. O interesse, por\u00e9m, esbarra na resist\u00eancia do Bayern e em uma negocia\u00e7\u00e3o.\",\"breadcrumb\":{\"@id\":\"https:\\\/\\\/revistaoeste.com\\\/esporte\\\/olise-quer-o-real-madrid-mas-bayern-faz-jogo-duro-por-permanencia\\\/#breadcrumb\"},\"inLanguage\":\"pt-BR\",\"potentialAction\":[{\"@type\":\"ReadAction\",\"target\":[\"https:\\\/\\\/revistaoeste.com\\\/esporte\\\/olise-quer-o-real-madrid-mas-bayern-faz-jogo-duro-por-permanencia\\\/\"]}]},{\"@type\":\"ImageObject\",\"inLanguage\":\"pt-BR\",\"@id\":\"https:\\\/\\\/revistaoeste.com\\\/esporte\\\/olise-quer-o-real-madrid-mas-bayern-faz-jogo-duro-por-permanencia\\\/#primaryimage\",\"url\":\"https:\\\/\\\/revistaoeste.com\\\/esporte\\\/wp-content\\\/uploads\\\/2026\\\/07\\\/olise-1.png\",\"contentUrl\":\"https:\\\/\\\/revistaoeste.com\\\/esporte\\\/wp-content\\\/uploads\\\/2026\\\/07\\\/olise-1.png\",\"width\":639,\"height\":443,\"caption\":\"Olise foi um dos destaques do Bayern na \u00faltima temporada | Foto: Reprodu\u00e7\u00e3o\\\/FCBM\"},{\"@type\":\"BreadcrumbList\",\"@id\":\"https:\\\/\\\/revistaoeste.com\\\/esporte\\\/olise-quer-o-real-madrid-mas-bayern-faz-jogo-duro-por-permanencia\\\/#breadcrumb\",\"itemListElement\":[{\"@type\":\"ListItem\",\"position\":1,\"name\":\"In\u00edcio\",\"item\":\"https:\\\/\\\/revistaoeste.com\\\/esporte\\\/\"},{\"@type\":\"ListItem\",\"position\":2,\"name\":\"Olise quer o Real Madrid, mas Bayern faz jogo duro por perman\u00eancia\"}]},{\"@type\":\"WebSite\",\"@id\":\"https:\\\/\\\/revistaoeste.com\\\/esporte\\\/#website\",\"url\":\"https:\\\/\\\/revistaoeste.com\\\/esporte\\\/\",\"name\":\"Oeste Esporte\",\"description\":\"Copa sem Firula\",\"publisher\":{\"@id\":\"https:\\\/\\\/revistaoeste.com\\\/esporte\\\/#organization\"},\"potentialAction\":[{\"@type\":\"SearchAction\",\"target\":{\"@type\":\"EntryPoint\",\"urlTemplate\":\"https:\\\/\\\/revistaoeste.com\\\/esporte\\\/?s={search_term_string}\"},\"query-input\":{\"@type\":\"PropertyValueSpecification\",\"valueRequired\":true,\"valueName\":\"search_term_string\"}}],\"inLanguage\":\"pt-BR\"},{\"@type\":\"Organization\",\"@id\":\"https:\\\/\\\/revistaoeste.com\\\/esporte\\\/#organization\",\"name\":\"Oeste Esporte\",\"url\":\"https:\\\/\\\/revistaoeste.com\\\/esporte\\\/\",\"logo\":{\"@type\":\"ImageObject\",\"inLanguage\":\"pt-BR\",\"@id\":\"https:\\\/\\\/revistaoeste.com\\\/esporte\\\/#\\\/schema\\\/logo\\\/image\\\/\",\"url\":\"https:\\\/\\\/revistaoeste.com\\\/esporte\\\/wp-content\\\/uploads\\\/2026\\\/03\\\/avatar.jpg\",\"contentUrl\":\"https:\\\/\\\/revistaoeste.com\\\/esporte\\\/wp-content\\\/uploads\\\/2026\\\/03\\\/avatar.jpg\",\"width\":500,\"height\":500,\"caption\":\"Oeste Esporte\"},\"image\":{\"@id\":\"https:\\\/\\\/revistaoeste.com\\\/esporte\\\/#\\\/schema\\\/logo\\\/image\\\/\"},\"sameAs\":[\"https:\\\/\\\/www.facebook.com\\\/oesterevista\\\/\",\"https:\\\/\\\/x.com\\\/revistaoeste\",\"https:\\\/\\\/www.youtube.com\\\/@OesteEsporte\",\"https:\\\/\\\/www.instagram.com\\\/revistaoeste\\\/\"]},{\"@type\":\"Person\",\"@id\":\"https:\\\/\\\/revistaoeste.com\\\/esporte\\\/#\\\/schema\\\/person\\\/6622e4d5d99a35adf0de88128e8d66a9\",\"name\":\"Oeste Esporte\",\"image\":{\"@type\":\"ImageObject\",\"inLanguage\":\"pt-BR\",\"@id\":\"https:\\\/\\\/secure.gravatar.com\\\/avatar\\\/8a2c5501fe5eb922c6c1838ad6a759fe758ecb18b48e36083e67f353c16e08ac?s=96&d=mm&r=g\",\"url\":\"https:\\\/\\\/secure.gravatar.com\\\/avatar\\\/8a2c5501fe5eb922c6c1838ad6a759fe758ecb18b48e36083e67f353c16e08ac?s=96&d=mm&r=g\",\"contentUrl\":\"https:\\\/\\\/secure.gravatar.com\\\/avatar\\\/8a2c5501fe5eb922c6c1838ad6a759fe758ecb18b48e36083e67f353c16e08ac?s=96&d=mm&r=g\",\"caption\":\"Oeste Esporte\"},\"url\":\"https:\\\/\\\/revistaoeste.com\\\/esporte\\\/author\\\/felipebellirevistaoeste-com\\\/\"}]}<\/script>\n<!-- \/ Yoast SEO plugin. -->","yoast_head_json":{"title":"Olise quer o Real Madrid, mas Bayern faz jogo duro","description":"Olise passou a ser o grande sonho do Real Madrid. O interesse, por\u00e9m, esbarra na resist\u00eancia do Bayern e em uma negocia\u00e7\u00e3o.","robots":{"index":"index","follow":"follow","max-snippet":"max-snippet:-1","max-image-preview":"max-image-preview:large","max-video-preview":"max-video-preview:-1"},"canonical":"https:\/\/revistaoeste.com\/esporte\/olise-quer-o-real-madrid-mas-bayern-faz-jogo-duro-por-permanencia\/","og_locale":"pt_BR","og_type":"article","og_title":"Olise quer o Real Madrid, mas Bayern faz jogo duro","og_description":"Olise passou a ser o grande sonho do Real Madrid. O interesse, por\u00e9m, esbarra na resist\u00eancia do Bayern e em uma negocia\u00e7\u00e3o.","og_url":"https:\/\/revistaoeste.com\/esporte\/olise-quer-o-real-madrid-mas-bayern-faz-jogo-duro-por-permanencia\/","og_site_name":"Oeste Esporte","article_publisher":"https:\/\/www.facebook.com\/oesterevista\/","article_published_time":"2026-07-17T19:00:00+00:00","og_image":[{"width":639,"height":443,"url":"https:\/\/revistaoeste.com\/esporte\/wp-content\/uploads\/2026\/07\/olise-1.png","type":"image\/png"}],"author":"Oeste Esporte","twitter_card":"summary_large_image","twitter_creator":"@revistaoeste","twitter_site":"@revistaoeste","twitter_misc":{"Escrito por":"Oeste Esporte","Est. tempo de leitura":"4 minutos"},"schema":{"@context":"https:\/\/schema.org","@graph":[{"@type":"Article","@id":"https:\/\/revistaoeste.com\/esporte\/olise-quer-o-real-madrid-mas-bayern-faz-jogo-duro-por-permanencia\/#article","isPartOf":{"@id":"https:\/\/revistaoeste.com\/esporte\/olise-quer-o-real-madrid-mas-bayern-faz-jogo-duro-por-permanencia\/"},"author":{"name":"Oeste Esporte","@id":"https:\/\/revistaoeste.com\/esporte\/#\/schema\/person\/6622e4d5d99a35adf0de88128e8d66a9"},"headline":"Olise quer o Real Madrid, mas Bayern faz jogo duro por perman\u00eancia","datePublished":"2026-07-17T19:00:00+00:00","mainEntityOfPage":{"@id":"https:\/\/revistaoeste.com\/esporte\/olise-quer-o-real-madrid-mas-bayern-faz-jogo-duro-por-permanencia\/"},"wordCount":611,"commentCount":0,"publisher":{"@id":"https:\/\/revistaoeste.com\/esporte\/#organization"},"image":{"@id":"https:\/\/revistaoeste.com\/esporte\/olise-quer-o-real-madrid-mas-bayern-faz-jogo-duro-por-permanencia\/#primaryimage"},"thumbnailUrl":"https:\/\/revistaoeste.com\/esporte\/wp-content\/uploads\/2026\/07\/olise-1.png","keywords":["2026","Bayern","Copa do Mundo","futebol","jogadores","olise","Real Madrid"],"articleSection":["\u00daltimas Not\u00edcias"],"inLanguage":"pt-BR","potentialAction":[{"@type":"CommentAction","name":"Comment","target":["https:\/\/revistaoeste.com\/esporte\/olise-quer-o-real-madrid-mas-bayern-faz-jogo-duro-por-permanencia\/#respond"]}]},{"@type":"WebPage","@id":"https:\/\/revistaoeste.com\/esporte\/olise-quer-o-real-madrid-mas-bayern-faz-jogo-duro-por-permanencia\/","url":"https:\/\/revistaoeste.com\/esporte\/olise-quer-o-real-madrid-mas-bayern-faz-jogo-duro-por-permanencia\/","name":"Olise quer o Real Madrid, mas Bayern faz jogo duro","isPartOf":{"@id":"https:\/\/revistaoeste.com\/esporte\/#website"},"primaryImageOfPage":{"@id":"https:\/\/revistaoeste.com\/esporte\/olise-quer-o-real-madrid-mas-bayern-faz-jogo-duro-por-permanencia\/#primaryimage"},"image":{"@id":"https:\/\/revistaoeste.com\/esporte\/olise-quer-o-real-madrid-mas-bayern-faz-jogo-duro-por-permanencia\/#primaryimage"},"thumbnailUrl":"https:\/\/revistaoeste.com\/esporte\/wp-content\/uploads\/2026\/07\/olise-1.png","datePublished":"2026-07-17T19:00:00+00:00","description":"Olise passou a ser o grande sonho do Real Madrid. O interesse, por\u00e9m, esbarra na resist\u00eancia do Bayern e em uma negocia\u00e7\u00e3o.","breadcrumb":{"@id":"https:\/\/revistaoeste.com\/esporte\/olise-quer-o-real-madrid-mas-bayern-faz-jogo-duro-por-permanencia\/#breadcrumb"},"inLanguage":"pt-BR","potentialAction":[{"@type":"ReadAction","target":["https:\/\/revistaoeste.com\/esporte\/olise-quer-o-real-madrid-mas-bayern-faz-jogo-duro-por-permanencia\/"]}]},{"@type":"ImageObject","inLanguage":"pt-BR","@id":"https:\/\/revistaoeste.com\/esporte\/olise-quer-o-real-madrid-mas-bayern-faz-jogo-duro-por-permanencia\/#primaryimage","url":"https:\/\/revistaoeste.com\/esporte\/wp-content\/uploads\/2026\/07\/olise-1.png","contentUrl":"https:\/\/revistaoeste.com\/esporte\/wp-content\/uploads\/2026\/07\/olise-1.png","width":639,"height":443,"caption":"Olise foi um dos destaques do Bayern na \u00faltima temporada | Foto: Reprodu\u00e7\u00e3o\/FCBM"},{"@type":"BreadcrumbList","@id":"https:\/\/revistaoeste.com\/esporte\/olise-quer-o-real-madrid-mas-bayern-faz-jogo-duro-por-permanencia\/#breadcrumb","itemListElement":[{"@type":"ListItem","position":1,"name":"In\u00edcio","item":"https:\/\/revistaoeste.com\/esporte\/"},{"@type":"ListItem","position":2,"name":"Olise quer o Real Madrid, mas Bayern faz jogo duro por perman\u00eancia"}]},{"@type":"WebSite","@id":"https:\/\/revistaoeste.com\/esporte\/#website","url":"https:\/\/revistaoeste.com\/esporte\/","name":"Oeste Esporte","description":"Copa sem Firula","publisher":{"@id":"https:\/\/revistaoeste.com\/esporte\/#organization"},"potentialAction":[{"@type":"SearchAction","target":{"@type":"EntryPoint","urlTemplate":"https:\/\/revistaoeste.com\/esporte\/?s={search_term_string}"},"query-input":{"@type":"PropertyValueSpecification","valueRequired":true,"valueName":"search_term_string"}}],"inLanguage":"pt-BR"},{"@type":"Organization","@id":"https:\/\/revistaoeste.com\/esporte\/#organization","name":"Oeste Esporte","url":"https:\/\/revistaoeste.com\/esporte\/","logo":{"@type":"ImageObject","inLanguage":"pt-BR","@id":"https:\/\/revistaoeste.com\/esporte\/#\/schema\/logo\/image\/","url":"https:\/\/revistaoeste.com\/esporte\/wp-content\/uploads\/2026\/03\/avatar.jpg","contentUrl":"https:\/\/revistaoeste.com\/esporte\/wp-content\/uploads\/2026\/03\/avatar.jpg","width":500,"height":500,"caption":"Oeste Esporte"},"image":{"@id":"https:\/\/revistaoeste.com\/esporte\/#\/schema\/logo\/image\/"},"sameAs":["https:\/\/www.facebook.com\/oesterevista\/","https:\/\/x.com\/revistaoeste","https:\/\/www.youtube.com\/@OesteEsporte","https:\/\/www.instagram.com\/revistaoeste\/"]},{"@type":"Person","@id":"https:\/\/revistaoeste.com\/esporte\/#\/schema\/person\/6622e4d5d99a35adf0de88128e8d66a9","name":"Oeste Esporte","image":{"@type":"ImageObject","inLanguage":"pt-BR","@id":"https:\/\/secure.gravatar.com\/avatar\/8a2c5501fe5eb922c6c1838ad6a759fe758ecb18b48e36083e67f353c16e08ac?s=96&d=mm&r=g","url":"https:\/\/secure.gravatar.com\/avatar\/8a2c5501fe5eb922c6c1838ad6a759fe758ecb18b48e36083e67f353c16e08ac?s=96&d=mm&r=g","contentUrl":"https:\/\/secure.gravatar.com\/avatar\/8a2c5501fe5eb922c6c1838ad6a759fe758ecb18b48e36083e67f353c16e08ac?s=96&d=mm&r=g","caption":"Oeste Esporte"},"url":"https:\/\/revistaoeste.com\/esporte\/author\/felipebellirevistaoeste-com\/"}]}},"_links":{"self":[{"href":"https:\/\/revistaoeste.com\/esporte\/wp-json\/wp\/v2\/posts\/12014","targetHints":{"allow":["GET"]}}],"collection":[{"href":"https:\/\/revistaoeste.com\/esporte\/wp-json\/wp\/v2\/posts"}],"about":[{"href":"https:\/\/revistaoeste.com\/esporte\/wp-json\/wp\/v2\/types\/post"}],"author":[{"embeddable":true,"href":"https:\/\/revistaoeste.com\/esporte\/wp-json\/wp\/v2\/users\/5"}],"replies":[{"embeddable":true,"href":"https:\/\/revistaoeste.com\/esporte\/wp-json\/wp\/v2\/comments?post=12014"}],"version-history":[{"count":1,"href":"https:\/\/revistaoeste.com\/esporte\/wp-json\/wp\/v2\/posts\/12014\/revisions"}],"predecessor-version":[{"id":12016,"href":"https:\/\/revistaoeste.com\/esporte\/wp-json\/wp\/v2\/posts\/12014\/revisions\/12016"}],"wp:featuredmedia":[{"embeddable":true,"href":"https:\/\/revistaoeste.com\/esporte\/wp-json\/wp\/v2\/media\/12015"}],"wp:attachment":[{"href":"https:\/\/revistaoeste.com\/esporte\/wp-json\/wp\/v2\/media?parent=12014"}],"wp:term":[{"taxonomy":"category","embeddable":true,"href":"https:\/\/revistaoeste.com\/esporte\/wp-json\/wp\/v2\/categories?post=12014"},{"taxonomy":"post_tag","embeddable":true,"href":"https:\/\/revistaoeste.com\/esporte\/wp-json\/wp\/v2\/tags?post=12014"}],"curies":[{"name":"wp","href":"https:\/\/api.w.org\/{rel}","templated":true}]}}