{"id":12945,"date":"2026-07-24T19:00:00","date_gmt":"2026-07-24T22:00:00","guid":{"rendered":"https:\/\/www.revistaoeste.com\/esporte\/?p=12945"},"modified":"2026-07-24T16:03:36","modified_gmt":"2026-07-24T19:03:36","slug":"de-jong-critica-equipe-medica-apos-lesao-na-copa-do-mundo","status":"publish","type":"post","link":"https:\/\/revistaoeste.com\/esporte\/de-jong-critica-equipe-medica-apos-lesao-na-copa-do-mundo\/","title":{"rendered":"De Jong critica equipe m\u00e9dica depois de les\u00e3o na Copa do Mundo"},"content":{"rendered":"\n<p class=\"wp-block-paragraph\"><strong>Felipe Belli, Oeste Esporte<br><\/strong><br>O Barcelona recebeu uma das piores not\u00edcias poss\u00edveis antes do in\u00edcio da temporada 2026\/27. O meio-campista Frenkie de Jong foi diagnosticado com uma ruptura do ligamento colateral medial (LCM) do joelho direito, les\u00e3o considerada mais grave do que a inicialmente identificada durante a disputa da Copa do Mundo de 2026. Com isso, o holand\u00eas deve desfalcar a equipe por v\u00e1rios meses e pode voltar aos gramados apenas em 2027.<\/p>\n\n\n\n<p class=\"wp-block-paragraph\"><strong>+ Leia mais not\u00edcias de&nbsp;<a href=\"https:\/\/revistaoeste.com\/esporte\/\">Oeste Esporte<\/a><\/strong><\/p>\n\n\n\n<p class=\"wp-block-paragraph\">Segundo comunicado divulgado pelo clube catal\u00e3o, De Jong seguir\u00e1 um tratamento conservador, sem necessidade de cirurgia neste momento. O Barcelona n\u00e3o estipulou um prazo oficial para o retorno, mas a imprensa espanhola estima que o volante fique afastado por cerca de quatro a seis meses, dependendo da evolu\u00e7\u00e3o da recupera\u00e7\u00e3o.<\/p>\n\n\n\n<p class=\"wp-block-paragraph\">A les\u00e3o aconteceu durante a participa\u00e7\u00e3o da Holanda na Copa do Mundo. Mesmo sentindo dores no joelho, De Jong continuou atuando pela sele\u00e7\u00e3o ap\u00f3s receber a garantia de que o problema n\u00e3o era grave e que n\u00e3o havia risco de agravamento caso permanecesse em campo. No entanto, ao retornar \u00e0 Espanha e passar por novos exames, os m\u00e9dicos do Barcelona identificaram que a situa\u00e7\u00e3o era mais s\u00e9ria do que a diagnosticada inicialmente.<\/p>\n\n\n\n<p class=\"wp-block-paragraph\">Em uma longa publica\u00e7\u00e3o nas redes sociais, o camisa 21 explicou como recebeu a not\u00edcia e respondeu \u00e0s cr\u00edticas que surgiram por sua participa\u00e7\u00e3o no Mundial.<\/p>\n\n\n\n<blockquote class=\"wp-block-quote is-layout-flow wp-block-quote-is-layout-flow\">\n<p class=\"wp-block-paragraph\"><strong>&#8220;Disseram que eu assumi um risco desnecess\u00e1rio ao jogar a Copa do Mundo. Mas os m\u00e9dicos da sele\u00e7\u00e3o me disseram que era uma les\u00e3o leve e que ela n\u00e3o pioraria se eu continuasse jogando. Sempre atuei porque fui considerado apto.&#8221;<\/strong><\/p>\n<\/blockquote>\n\n\n\n<p class=\"wp-block-paragraph\">O meio-campista tamb\u00e9m revelou a surpresa ao descobrir o verdadeiro diagn\u00f3stico quando voltou ao Barcelona.<\/p>\n\n\n\n<blockquote class=\"wp-block-quote is-layout-flow wp-block-quote-is-layout-flow\">\n<p class=\"wp-block-paragraph\"><strong>&#8220;A les\u00e3o era mais s\u00e9ria do que imagin\u00e1vamos. Felizmente, neste momento n\u00e3o ser\u00e1 necess\u00e1ria uma cirurgia e agora meu foco est\u00e1 totalmente voltado para a recupera\u00e7\u00e3o.&#8221;<\/strong><\/p>\n<\/blockquote>\n\n\n\n<p class=\"wp-block-paragraph\">A baixa representa um duro golpe para o t\u00e9cnico Hansi Flick. Titular absoluto e um dos l\u00edderes do elenco, De Jong \u00e9 considerado pe\u00e7a fundamental na constru\u00e7\u00e3o das jogadas e no equil\u00edbrio do meio-campo do Barcelona. Sua aus\u00eancia obrigar\u00e1 o treinador a reorganizar o setor logo no in\u00edcio da temporada, justamente em um momento importante de prepara\u00e7\u00e3o para as competi\u00e7\u00f5es nacionais e europeias.<\/p>\n\n\n\n<p class=\"wp-block-paragraph\">Apesar da import\u00e2ncia do holand\u00eas, a tend\u00eancia \u00e9 que o Barcelona n\u00e3o busque um substituto no mercado. De acordo com a imprensa espanhola, a diretoria mant\u00e9m confian\u00e7a nas op\u00e7\u00f5es que j\u00e1 fazem parte do elenco e pretende seguir o planejamento esportivo estabelecido antes da les\u00e3o. A comiss\u00e3o t\u00e9cnica acredita que o grupo tem qualidade suficiente para suprir a aus\u00eancia do camisa 21 durante seu per\u00edodo de recupera\u00e7\u00e3o.<\/p>\n\n\n\n<p class=\"wp-block-paragraph\">Aos 29 anos, De Jong vive uma das melhores fases desde que chegou ao Barcelona, em 2019, contratado junto ao Ajax por \u20ac 75 milh\u00f5es. Desde ent\u00e3o, conquistou t\u00edtulos importantes com o clube, tornou-se um dos l\u00edderes do vesti\u00e1rio e renovou recentemente seu contrato, consolidando-se como um dos pilares do projeto esportivo<br><br>Agora, o foco do jogador ser\u00e1 a recupera\u00e7\u00e3o. Embora o tratamento inicial dispense uma cirurgia, os m\u00e9dicos acompanhar\u00e3o de perto sua evolu\u00e7\u00e3o nas pr\u00f3ximas semanas. Caso a resposta cl\u00ednica n\u00e3o seja a esperada, uma interven\u00e7\u00e3o cir\u00fargica n\u00e3o est\u00e1 completamente descartada, o que poderia aumentar ainda mais o tempo de afastamento do meio-campista.<\/p>\n\n\n\n<p class=\"wp-block-paragraph\"><\/p>\n","protected":false},"excerpt":{"rendered":"<p>Felipe Belli, Oeste EsporteO Barcelona recebeu uma das piores not\u00edcias poss\u00edveis antes do in\u00edcio da temporada 2026\/27. O meio-campista Frenkie de Jong&hellip;<\/p>\n","protected":false},"author":1,"featured_media":13004,"comment_status":"open","ping_status":"open","sticky":false,"template":"","format":"standard","meta":{"footnotes":""},"categories":[7,8],"tags":[403,23,1796,269,1485],"class_list":["post-12945","post","type-post","status-publish","format-standard","has-post-thumbnail","hentry","category-copa-sem-firula","category-ultimas-noticias","tag-barcelona","tag-copa-do-mundo","tag-frenkie-de-jong","tag-lesao","tag-paises-baixos"],"yoast_head":"<!-- This site is optimized with the Yoast SEO plugin v28.0 - https:\/\/yoast.com\/product\/yoast-seo-wordpress\/ -->\n<title>De Jong critica equipe m\u00e9dica ap\u00f3s les\u00e3o na Copa do Mundo<\/title>\n<meta name=\"description\" content=\"Frenkie de Jong critica a equipe m\u00e9dica da sele\u00e7\u00e3o neerlandesa ap\u00f3s les\u00e3o no joelho durante a Copa do Mundo.\" \/>\n<meta name=\"robots\" content=\"index, follow, max-snippet:-1, max-image-preview:large, max-video-preview:-1\" \/>\n<link rel=\"canonical\" href=\"https:\/\/revistaoeste.com\/esporte\/de-jong-critica-equipe-medica-apos-lesao-na-copa-do-mundo\/\" \/>\n<meta property=\"og:locale\" content=\"pt_BR\" \/>\n<meta property=\"og:type\" content=\"article\" \/>\n<meta property=\"og:title\" content=\"De Jong critica equipe m\u00e9dica ap\u00f3s les\u00e3o na Copa do Mundo\" \/>\n<meta property=\"og:description\" content=\"Frenkie de Jong critica a equipe m\u00e9dica da sele\u00e7\u00e3o neerlandesa ap\u00f3s les\u00e3o no joelho durante a Copa do Mundo.\" \/>\n<meta property=\"og:url\" content=\"https:\/\/revistaoeste.com\/esporte\/de-jong-critica-equipe-medica-apos-lesao-na-copa-do-mundo\/\" \/>\n<meta property=\"og:site_name\" content=\"Oeste Esporte\" \/>\n<meta property=\"article:publisher\" content=\"https:\/\/www.facebook.com\/oesterevista\/\" \/>\n<meta property=\"article:published_time\" content=\"2026-07-24T22:00:00+00:00\" \/>\n<meta property=\"og:image\" content=\"https:\/\/revistaoeste.com\/esporte\/wp-content\/uploads\/2026\/07\/De-Jong.png\" \/>\n\t<meta property=\"og:image:width\" content=\"639\" \/>\n\t<meta property=\"og:image:height\" content=\"419\" \/>\n\t<meta property=\"og:image:type\" content=\"image\/png\" \/>\n<meta name=\"author\" content=\"Oeste Esporte\" \/>\n<meta name=\"twitter:card\" content=\"summary_large_image\" \/>\n<meta name=\"twitter:creator\" content=\"@revistaoeste\" \/>\n<meta name=\"twitter:site\" content=\"@revistaoeste\" \/>\n<meta name=\"twitter:label1\" content=\"Escrito por\" \/>\n\t<meta name=\"twitter:data1\" content=\"Oeste Esporte\" \/>\n\t<meta name=\"twitter:label2\" content=\"Est. tempo de leitura\" \/>\n\t<meta name=\"twitter:data2\" content=\"3 minutos\" \/>\n<script type=\"application\/ld+json\" class=\"yoast-schema-graph\">{\"@context\":\"https:\\\/\\\/schema.org\",\"@graph\":[{\"@type\":\"Article\",\"@id\":\"https:\\\/\\\/revistaoeste.com\\\/esporte\\\/de-jong-critica-equipe-medica-apos-lesao-na-copa-do-mundo\\\/#article\",\"isPartOf\":{\"@id\":\"https:\\\/\\\/revistaoeste.com\\\/esporte\\\/de-jong-critica-equipe-medica-apos-lesao-na-copa-do-mundo\\\/\"},\"author\":{\"name\":\"Oeste Esporte\",\"@id\":\"https:\\\/\\\/revistaoeste.com\\\/esporte\\\/#\\\/schema\\\/person\\\/8bac624bec4650bf2ec23768fd7ac65d\"},\"headline\":\"De Jong critica equipe m\u00e9dica depois de les\u00e3o na Copa do Mundo\",\"datePublished\":\"2026-07-24T22:00:00+00:00\",\"mainEntityOfPage\":{\"@id\":\"https:\\\/\\\/revistaoeste.com\\\/esporte\\\/de-jong-critica-equipe-medica-apos-lesao-na-copa-do-mundo\\\/\"},\"wordCount\":619,\"commentCount\":0,\"publisher\":{\"@id\":\"https:\\\/\\\/revistaoeste.com\\\/esporte\\\/#organization\"},\"image\":{\"@id\":\"https:\\\/\\\/revistaoeste.com\\\/esporte\\\/de-jong-critica-equipe-medica-apos-lesao-na-copa-do-mundo\\\/#primaryimage\"},\"thumbnailUrl\":\"https:\\\/\\\/revistaoeste.com\\\/esporte\\\/wp-content\\\/uploads\\\/2026\\\/07\\\/De-Jong.png\",\"keywords\":[\"Barcelona\",\"Copa do Mundo\",\"Frenkie De Jong\",\"les\u00e3o\",\"Pa\u00edses Baixos\"],\"articleSection\":[\"Copa sem Firula\",\"\u00daltimas Not\u00edcias\"],\"inLanguage\":\"pt-BR\",\"potentialAction\":[{\"@type\":\"CommentAction\",\"name\":\"Comment\",\"target\":[\"https:\\\/\\\/revistaoeste.com\\\/esporte\\\/de-jong-critica-equipe-medica-apos-lesao-na-copa-do-mundo\\\/#respond\"]}]},{\"@type\":\"WebPage\",\"@id\":\"https:\\\/\\\/revistaoeste.com\\\/esporte\\\/de-jong-critica-equipe-medica-apos-lesao-na-copa-do-mundo\\\/\",\"url\":\"https:\\\/\\\/revistaoeste.com\\\/esporte\\\/de-jong-critica-equipe-medica-apos-lesao-na-copa-do-mundo\\\/\",\"name\":\"De Jong critica equipe m\u00e9dica ap\u00f3s les\u00e3o na Copa do Mundo\",\"isPartOf\":{\"@id\":\"https:\\\/\\\/revistaoeste.com\\\/esporte\\\/#website\"},\"primaryImageOfPage\":{\"@id\":\"https:\\\/\\\/revistaoeste.com\\\/esporte\\\/de-jong-critica-equipe-medica-apos-lesao-na-copa-do-mundo\\\/#primaryimage\"},\"image\":{\"@id\":\"https:\\\/\\\/revistaoeste.com\\\/esporte\\\/de-jong-critica-equipe-medica-apos-lesao-na-copa-do-mundo\\\/#primaryimage\"},\"thumbnailUrl\":\"https:\\\/\\\/revistaoeste.com\\\/esporte\\\/wp-content\\\/uploads\\\/2026\\\/07\\\/De-Jong.png\",\"datePublished\":\"2026-07-24T22:00:00+00:00\",\"description\":\"Frenkie de Jong critica a equipe m\u00e9dica da sele\u00e7\u00e3o neerlandesa ap\u00f3s les\u00e3o no joelho durante a Copa do Mundo.\",\"breadcrumb\":{\"@id\":\"https:\\\/\\\/revistaoeste.com\\\/esporte\\\/de-jong-critica-equipe-medica-apos-lesao-na-copa-do-mundo\\\/#breadcrumb\"},\"inLanguage\":\"pt-BR\",\"potentialAction\":[{\"@type\":\"ReadAction\",\"target\":[\"https:\\\/\\\/revistaoeste.com\\\/esporte\\\/de-jong-critica-equipe-medica-apos-lesao-na-copa-do-mundo\\\/\"]}]},{\"@type\":\"ImageObject\",\"inLanguage\":\"pt-BR\",\"@id\":\"https:\\\/\\\/revistaoeste.com\\\/esporte\\\/de-jong-critica-equipe-medica-apos-lesao-na-copa-do-mundo\\\/#primaryimage\",\"url\":\"https:\\\/\\\/revistaoeste.com\\\/esporte\\\/wp-content\\\/uploads\\\/2026\\\/07\\\/De-Jong.png\",\"contentUrl\":\"https:\\\/\\\/revistaoeste.com\\\/esporte\\\/wp-content\\\/uploads\\\/2026\\\/07\\\/De-Jong.png\",\"width\":639,\"height\":419,\"caption\":\"De Jong foi contratado pelo Barcelona em 2019 | Foto: Reprodu\u00e7\u00e3o\\\/FCB\"},{\"@type\":\"BreadcrumbList\",\"@id\":\"https:\\\/\\\/revistaoeste.com\\\/esporte\\\/de-jong-critica-equipe-medica-apos-lesao-na-copa-do-mundo\\\/#breadcrumb\",\"itemListElement\":[{\"@type\":\"ListItem\",\"position\":1,\"name\":\"In\u00edcio\",\"item\":\"https:\\\/\\\/revistaoeste.com\\\/esporte\\\/\"},{\"@type\":\"ListItem\",\"position\":2,\"name\":\"De Jong critica equipe m\u00e9dica depois de les\u00e3o na Copa do Mundo\"}]},{\"@type\":\"WebSite\",\"@id\":\"https:\\\/\\\/revistaoeste.com\\\/esporte\\\/#website\",\"url\":\"https:\\\/\\\/revistaoeste.com\\\/esporte\\\/\",\"name\":\"Oeste Esporte\",\"description\":\"Copa sem Firula\",\"publisher\":{\"@id\":\"https:\\\/\\\/revistaoeste.com\\\/esporte\\\/#organization\"},\"potentialAction\":[{\"@type\":\"SearchAction\",\"target\":{\"@type\":\"EntryPoint\",\"urlTemplate\":\"https:\\\/\\\/revistaoeste.com\\\/esporte\\\/?s={search_term_string}\"},\"query-input\":{\"@type\":\"PropertyValueSpecification\",\"valueRequired\":true,\"valueName\":\"search_term_string\"}}],\"inLanguage\":\"pt-BR\"},{\"@type\":\"Organization\",\"@id\":\"https:\\\/\\\/revistaoeste.com\\\/esporte\\\/#organization\",\"name\":\"Oeste Esporte\",\"url\":\"https:\\\/\\\/revistaoeste.com\\\/esporte\\\/\",\"logo\":{\"@type\":\"ImageObject\",\"inLanguage\":\"pt-BR\",\"@id\":\"https:\\\/\\\/revistaoeste.com\\\/esporte\\\/#\\\/schema\\\/logo\\\/image\\\/\",\"url\":\"https:\\\/\\\/revistaoeste.com\\\/esporte\\\/wp-content\\\/uploads\\\/2026\\\/03\\\/avatar.jpg\",\"contentUrl\":\"https:\\\/\\\/revistaoeste.com\\\/esporte\\\/wp-content\\\/uploads\\\/2026\\\/03\\\/avatar.jpg\",\"width\":500,\"height\":500,\"caption\":\"Oeste Esporte\"},\"image\":{\"@id\":\"https:\\\/\\\/revistaoeste.com\\\/esporte\\\/#\\\/schema\\\/logo\\\/image\\\/\"},\"sameAs\":[\"https:\\\/\\\/www.facebook.com\\\/oesterevista\\\/\",\"https:\\\/\\\/x.com\\\/revistaoeste\",\"https:\\\/\\\/www.youtube.com\\\/@OesteEsporte\",\"https:\\\/\\\/www.instagram.com\\\/revistaoeste\\\/\"]},{\"@type\":\"Person\",\"@id\":\"https:\\\/\\\/revistaoeste.com\\\/esporte\\\/#\\\/schema\\\/person\\\/8bac624bec4650bf2ec23768fd7ac65d\",\"name\":\"Oeste Esporte\",\"image\":{\"@type\":\"ImageObject\",\"inLanguage\":\"pt-BR\",\"@id\":\"https:\\\/\\\/secure.gravatar.com\\\/avatar\\\/2987d05a660a8ffcae47b35d35518c167ec44856a592ec112d72c02da5110150?s=96&d=mm&r=g\",\"url\":\"https:\\\/\\\/secure.gravatar.com\\\/avatar\\\/2987d05a660a8ffcae47b35d35518c167ec44856a592ec112d72c02da5110150?s=96&d=mm&r=g\",\"contentUrl\":\"https:\\\/\\\/secure.gravatar.com\\\/avatar\\\/2987d05a660a8ffcae47b35d35518c167ec44856a592ec112d72c02da5110150?s=96&d=mm&r=g\",\"caption\":\"Oeste Esporte\"},\"sameAs\":[\"https:\\\/\\\/revistaoeste.com\\\/esporte\"],\"url\":\"https:\\\/\\\/revistaoeste.com\\\/esporte\\\/author\\\/vanessa\\\/\"}]}<\/script>\n<!-- \/ Yoast SEO plugin. -->","yoast_head_json":{"title":"De Jong critica equipe m\u00e9dica ap\u00f3s les\u00e3o na Copa do Mundo","description":"Frenkie de Jong critica a equipe m\u00e9dica da sele\u00e7\u00e3o neerlandesa ap\u00f3s les\u00e3o no joelho durante a Copa do Mundo.","robots":{"index":"index","follow":"follow","max-snippet":"max-snippet:-1","max-image-preview":"max-image-preview:large","max-video-preview":"max-video-preview:-1"},"canonical":"https:\/\/revistaoeste.com\/esporte\/de-jong-critica-equipe-medica-apos-lesao-na-copa-do-mundo\/","og_locale":"pt_BR","og_type":"article","og_title":"De Jong critica equipe m\u00e9dica ap\u00f3s les\u00e3o na Copa do Mundo","og_description":"Frenkie de Jong critica a equipe m\u00e9dica da sele\u00e7\u00e3o neerlandesa ap\u00f3s les\u00e3o no joelho durante a Copa do Mundo.","og_url":"https:\/\/revistaoeste.com\/esporte\/de-jong-critica-equipe-medica-apos-lesao-na-copa-do-mundo\/","og_site_name":"Oeste Esporte","article_publisher":"https:\/\/www.facebook.com\/oesterevista\/","article_published_time":"2026-07-24T22:00:00+00:00","og_image":[{"width":639,"height":419,"url":"https:\/\/revistaoeste.com\/esporte\/wp-content\/uploads\/2026\/07\/De-Jong.png","type":"image\/png"}],"author":"Oeste Esporte","twitter_card":"summary_large_image","twitter_creator":"@revistaoeste","twitter_site":"@revistaoeste","twitter_misc":{"Escrito por":"Oeste Esporte","Est. tempo de leitura":"3 minutos"},"schema":{"@context":"https:\/\/schema.org","@graph":[{"@type":"Article","@id":"https:\/\/revistaoeste.com\/esporte\/de-jong-critica-equipe-medica-apos-lesao-na-copa-do-mundo\/#article","isPartOf":{"@id":"https:\/\/revistaoeste.com\/esporte\/de-jong-critica-equipe-medica-apos-lesao-na-copa-do-mundo\/"},"author":{"name":"Oeste Esporte","@id":"https:\/\/revistaoeste.com\/esporte\/#\/schema\/person\/8bac624bec4650bf2ec23768fd7ac65d"},"headline":"De Jong critica equipe m\u00e9dica depois de les\u00e3o na Copa do Mundo","datePublished":"2026-07-24T22:00:00+00:00","mainEntityOfPage":{"@id":"https:\/\/revistaoeste.com\/esporte\/de-jong-critica-equipe-medica-apos-lesao-na-copa-do-mundo\/"},"wordCount":619,"commentCount":0,"publisher":{"@id":"https:\/\/revistaoeste.com\/esporte\/#organization"},"image":{"@id":"https:\/\/revistaoeste.com\/esporte\/de-jong-critica-equipe-medica-apos-lesao-na-copa-do-mundo\/#primaryimage"},"thumbnailUrl":"https:\/\/revistaoeste.com\/esporte\/wp-content\/uploads\/2026\/07\/De-Jong.png","keywords":["Barcelona","Copa do Mundo","Frenkie De Jong","les\u00e3o","Pa\u00edses Baixos"],"articleSection":["Copa sem Firula","\u00daltimas Not\u00edcias"],"inLanguage":"pt-BR","potentialAction":[{"@type":"CommentAction","name":"Comment","target":["https:\/\/revistaoeste.com\/esporte\/de-jong-critica-equipe-medica-apos-lesao-na-copa-do-mundo\/#respond"]}]},{"@type":"WebPage","@id":"https:\/\/revistaoeste.com\/esporte\/de-jong-critica-equipe-medica-apos-lesao-na-copa-do-mundo\/","url":"https:\/\/revistaoeste.com\/esporte\/de-jong-critica-equipe-medica-apos-lesao-na-copa-do-mundo\/","name":"De Jong critica equipe m\u00e9dica ap\u00f3s les\u00e3o na Copa do Mundo","isPartOf":{"@id":"https:\/\/revistaoeste.com\/esporte\/#website"},"primaryImageOfPage":{"@id":"https:\/\/revistaoeste.com\/esporte\/de-jong-critica-equipe-medica-apos-lesao-na-copa-do-mundo\/#primaryimage"},"image":{"@id":"https:\/\/revistaoeste.com\/esporte\/de-jong-critica-equipe-medica-apos-lesao-na-copa-do-mundo\/#primaryimage"},"thumbnailUrl":"https:\/\/revistaoeste.com\/esporte\/wp-content\/uploads\/2026\/07\/De-Jong.png","datePublished":"2026-07-24T22:00:00+00:00","description":"Frenkie de Jong critica a equipe m\u00e9dica da sele\u00e7\u00e3o neerlandesa ap\u00f3s les\u00e3o no joelho durante a Copa do Mundo.","breadcrumb":{"@id":"https:\/\/revistaoeste.com\/esporte\/de-jong-critica-equipe-medica-apos-lesao-na-copa-do-mundo\/#breadcrumb"},"inLanguage":"pt-BR","potentialAction":[{"@type":"ReadAction","target":["https:\/\/revistaoeste.com\/esporte\/de-jong-critica-equipe-medica-apos-lesao-na-copa-do-mundo\/"]}]},{"@type":"ImageObject","inLanguage":"pt-BR","@id":"https:\/\/revistaoeste.com\/esporte\/de-jong-critica-equipe-medica-apos-lesao-na-copa-do-mundo\/#primaryimage","url":"https:\/\/revistaoeste.com\/esporte\/wp-content\/uploads\/2026\/07\/De-Jong.png","contentUrl":"https:\/\/revistaoeste.com\/esporte\/wp-content\/uploads\/2026\/07\/De-Jong.png","width":639,"height":419,"caption":"De Jong foi contratado pelo Barcelona em 2019 | Foto: Reprodu\u00e7\u00e3o\/FCB"},{"@type":"BreadcrumbList","@id":"https:\/\/revistaoeste.com\/esporte\/de-jong-critica-equipe-medica-apos-lesao-na-copa-do-mundo\/#breadcrumb","itemListElement":[{"@type":"ListItem","position":1,"name":"In\u00edcio","item":"https:\/\/revistaoeste.com\/esporte\/"},{"@type":"ListItem","position":2,"name":"De Jong critica equipe m\u00e9dica depois de les\u00e3o na Copa do Mundo"}]},{"@type":"WebSite","@id":"https:\/\/revistaoeste.com\/esporte\/#website","url":"https:\/\/revistaoeste.com\/esporte\/","name":"Oeste Esporte","description":"Copa sem Firula","publisher":{"@id":"https:\/\/revistaoeste.com\/esporte\/#organization"},"potentialAction":[{"@type":"SearchAction","target":{"@type":"EntryPoint","urlTemplate":"https:\/\/revistaoeste.com\/esporte\/?s={search_term_string}"},"query-input":{"@type":"PropertyValueSpecification","valueRequired":true,"valueName":"search_term_string"}}],"inLanguage":"pt-BR"},{"@type":"Organization","@id":"https:\/\/revistaoeste.com\/esporte\/#organization","name":"Oeste Esporte","url":"https:\/\/revistaoeste.com\/esporte\/","logo":{"@type":"ImageObject","inLanguage":"pt-BR","@id":"https:\/\/revistaoeste.com\/esporte\/#\/schema\/logo\/image\/","url":"https:\/\/revistaoeste.com\/esporte\/wp-content\/uploads\/2026\/03\/avatar.jpg","contentUrl":"https:\/\/revistaoeste.com\/esporte\/wp-content\/uploads\/2026\/03\/avatar.jpg","width":500,"height":500,"caption":"Oeste Esporte"},"image":{"@id":"https:\/\/revistaoeste.com\/esporte\/#\/schema\/logo\/image\/"},"sameAs":["https:\/\/www.facebook.com\/oesterevista\/","https:\/\/x.com\/revistaoeste","https:\/\/www.youtube.com\/@OesteEsporte","https:\/\/www.instagram.com\/revistaoeste\/"]},{"@type":"Person","@id":"https:\/\/revistaoeste.com\/esporte\/#\/schema\/person\/8bac624bec4650bf2ec23768fd7ac65d","name":"Oeste Esporte","image":{"@type":"ImageObject","inLanguage":"pt-BR","@id":"https:\/\/secure.gravatar.com\/avatar\/2987d05a660a8ffcae47b35d35518c167ec44856a592ec112d72c02da5110150?s=96&d=mm&r=g","url":"https:\/\/secure.gravatar.com\/avatar\/2987d05a660a8ffcae47b35d35518c167ec44856a592ec112d72c02da5110150?s=96&d=mm&r=g","contentUrl":"https:\/\/secure.gravatar.com\/avatar\/2987d05a660a8ffcae47b35d35518c167ec44856a592ec112d72c02da5110150?s=96&d=mm&r=g","caption":"Oeste Esporte"},"sameAs":["https:\/\/revistaoeste.com\/esporte"],"url":"https:\/\/revistaoeste.com\/esporte\/author\/vanessa\/"}]}},"_links":{"self":[{"href":"https:\/\/revistaoeste.com\/esporte\/wp-json\/wp\/v2\/posts\/12945","targetHints":{"allow":["GET"]}}],"collection":[{"href":"https:\/\/revistaoeste.com\/esporte\/wp-json\/wp\/v2\/posts"}],"about":[{"href":"https:\/\/revistaoeste.com\/esporte\/wp-json\/wp\/v2\/types\/post"}],"author":[{"embeddable":true,"href":"https:\/\/revistaoeste.com\/esporte\/wp-json\/wp\/v2\/users\/1"}],"replies":[{"embeddable":true,"href":"https:\/\/revistaoeste.com\/esporte\/wp-json\/wp\/v2\/comments?post=12945"}],"version-history":[{"count":2,"href":"https:\/\/revistaoeste.com\/esporte\/wp-json\/wp\/v2\/posts\/12945\/revisions"}],"predecessor-version":[{"id":13006,"href":"https:\/\/revistaoeste.com\/esporte\/wp-json\/wp\/v2\/posts\/12945\/revisions\/13006"}],"wp:featuredmedia":[{"embeddable":true,"href":"https:\/\/revistaoeste.com\/esporte\/wp-json\/wp\/v2\/media\/13004"}],"wp:attachment":[{"href":"https:\/\/revistaoeste.com\/esporte\/wp-json\/wp\/v2\/media?parent=12945"}],"wp:term":[{"taxonomy":"category","embeddable":true,"href":"https:\/\/revistaoeste.com\/esporte\/wp-json\/wp\/v2\/categories?post=12945"},{"taxonomy":"post_tag","embeddable":true,"href":"https:\/\/revistaoeste.com\/esporte\/wp-json\/wp\/v2\/tags?post=12945"}],"curies":[{"name":"wp","href":"https:\/\/api.w.org\/{rel}","templated":true}]}}