{"id":14057,"date":"2026-08-19T11:51:36","date_gmt":"2026-08-19T14:51:36","guid":{"rendered":"https:\/\/revistaoeste.com\/esporte\/memphis-no-bid-e-primeiro-treino-no-timao-sao-paulo-amassa-na-sula-e-fabio-heroi-no-fluminense\/"},"modified":"2026-08-19T11:51:36","modified_gmt":"2026-08-19T14:51:36","slug":"memphis-no-bid-e-primeiro-treino-no-timao-sao-paulo-amassa-na-sula-e-fabio-heroi-no-fluminense","status":"publish","type":"post","link":"https:\/\/revistaoeste.com\/esporte\/memphis-no-bid-e-primeiro-treino-no-timao-sao-paulo-amassa-na-sula-e-fabio-heroi-no-fluminense\/","title":{"rendered":"MEMPHIS NO BID E PRIMEIRO TREINO NO TIM\u00c3O + S\u00c3O PAULO AMASSA NA SULA E F\u00c1BIO HER\u00d3I NO FLUMINENSE"},"content":{"rendered":"<div class=\"yap-description\">\n<p>#futebolbrasileiro #sulamericana2026 #libertadores #saopaulofc #fluminense #esportesemfirula #miltonneves<\/p>\n<p>Muita pol\u00eamica, debate, descontra\u00e7\u00e3o, informa\u00e7\u00e3o de credibilidade e opini\u00e3o no Esporte Sem Firula, com Milton Neves, M\u00e1rio &quot;Alem\u00e3o&quot; Monteiro, Portuga, Let\u00edcia Beppler, Alex M\u00fcller e Alfredo Loebeling.<\/p>\n<p>No programa de hoje (19\/08), analisamos as classifica\u00e7\u00f5es dram\u00e1ticas nas Copas, o retorno de Memphis e as maiores bombas do mercado mundial:<\/p>\n<p>S\u00e3o Paulo: O Tricolor bate o Bol\u00edvar por 3 a 1! Trazemos o chaveamento atualizado da Sul-Americana e a declara\u00e7\u00e3o de Dorival J\u00fanior cravando que esta \u00e9 a maior Sula de todos os tempos!<\/p>\n<p>Fluminense: A vaga heroica nos p\u00eanaltis contra o Rivadavial! Veja as fotos, a nota de F\u00e1bio no SofaScore, o chaveamento da Libertadores e os bastidores: Marc\u00e3o garante que fica e Thiago Silva revela o &quot;segredo&quot; t\u00e1tico que deu a classifica\u00e7\u00e3o!<\/p>\n<p>Corinthians: Imagens exclusivas do primeiro treino de Memphis Depay ap\u00f3s a renova\u00e7\u00e3o, a foto com Stabile, o desabafo do craque no Instagram e a confirma\u00e7\u00e3o: ELE J\u00c1 EST\u00c1 NO BID!<\/p>\n<p>Palmeiras: O raio-x de Cerro Porte\u00f1o x Palmeiras com campinho t\u00e1tico e o levantamento preocupante dos \u00faltimos 10 jogos do Verd\u00e3o!<\/p>\n<p>Flamengo x Cruzeiro: O mata-mata pesado da Libertadores! Meng\u00e3o decide em casa ap\u00f3s 4 anos e trazemos o duelo das contrata\u00e7\u00f5es mais caras: Paquet\u00e1 vs Gerson!<\/p>\n<p>Giro de Mercado com Mickey: Rodri anunciado no Bar\u00e7a, Pogba livre ap\u00f3s dispensa do Monaco, transfer\u00eancias para a Turquia e o Liverpool preparando mais de R$ 410 milh\u00f5es por Endrick!<\/p>\n<p>Participe no chat e mande a sua pergunta!<\/p>\n<p>Acesse:<br \/>\n<a href=\"https:\/\/revistaoeste.com\/esporte\/\">https:\/\/revistaoeste.com\/esporte\/<\/a><\/p>\n<p>Assista ao FAROESTE \u00c0 BRASILEIRA no link abaixo:<br \/>\n<a  href=\"https:\/\/youtube.com\/live\/MgoQkkxd5bM\"  target=\"_blank\" rel=\"noopener noreferrer\">https:\/\/youtube.com\/live\/MgoQkkxd5bM<\/a><\/p>\n<p>Acesse a Revista Oeste:<br \/>\n<a href=\"https:\/\/revistaoeste.com\/\">https:\/\/revistaoeste.com\/<\/a><\/p>\n<p>Assine a Oeste<br \/>\n<a  href=\"https:\/\/br.revistaoeste.com\/assine\/?utm_source=youtube&#038;utm_medium=qrcode&#038;utm_campaign=ESF\"  target=\"_blank\" rel=\"noopener noreferrer\">https:\/\/br.revistaoeste.com\/assine\/?utm_source=youtube&#038;utm_medium=qrcode&#038;utm_campaign=ESF<\/a><\/p>\n<p>Precisa de ajuda com sua assinatura? entre em contato com a nossa equipe\/<br \/>\nwhatsapp  (11) 96059-8900 ou envie um e-mail para: <a href=\"mailto:contato@revistaoeste.com\">contato@revistaoeste.com<\/a><\/p>\n<\/div>\n","protected":false},"excerpt":{"rendered":"<p>#futebolbrasileiro #sulamericana2026 #libertadores #saopaulofc #fluminense #esportesemfirula #miltonneves Muita pol\u00eamica, debate, descontra\u00e7\u00e3o, informa\u00e7\u00e3o de credibilidade e opini\u00e3o no Esporte Sem Firula, com Milton&hellip;<\/p>\n","protected":false},"author":3,"featured_media":14058,"comment_status":"open","ping_status":"open","sticky":false,"template":"","format":"standard","meta":{"footnotes":""},"categories":[11],"tags":[],"class_list":["post-14057","post","type-post","status-publish","format-standard","has-post-thumbnail","hentry","category-videos"],"yoast_head":"<!-- This site is optimized with the Yoast SEO plugin v28.0 - https:\/\/yoast.com\/product\/yoast-seo-wordpress\/ -->\n<title>MEMPHIS NO BID E PRIMEIRO TREINO NO TIM\u00c3O + S\u00c3O PAULO AMASSA NA SULA E F\u00c1BIO HER\u00d3I NO FLUMINENSE - Oeste Esporte<\/title>\n<meta name=\"robots\" content=\"index, follow, max-snippet:-1, max-image-preview:large, max-video-preview:-1\" \/>\n<link rel=\"canonical\" href=\"https:\/\/revistaoeste.com\/esporte\/memphis-no-bid-e-primeiro-treino-no-timao-sao-paulo-amassa-na-sula-e-fabio-heroi-no-fluminense\/\" \/>\n<meta property=\"og:locale\" content=\"pt_BR\" \/>\n<meta property=\"og:type\" content=\"article\" \/>\n<meta property=\"og:title\" content=\"MEMPHIS NO BID E PRIMEIRO TREINO NO TIM\u00c3O + S\u00c3O PAULO AMASSA NA SULA E F\u00c1BIO HER\u00d3I NO FLUMINENSE - Oeste Esporte\" \/>\n<meta property=\"og:description\" content=\"#futebolbrasileiro #sulamericana2026 #libertadores #saopaulofc #fluminense #esportesemfirula #miltonneves Muita pol\u00eamica, debate, descontra\u00e7\u00e3o, informa\u00e7\u00e3o de credibilidade e opini\u00e3o no Esporte Sem Firula, com Milton&hellip;\" \/>\n<meta property=\"og:url\" content=\"https:\/\/revistaoeste.com\/esporte\/memphis-no-bid-e-primeiro-treino-no-timao-sao-paulo-amassa-na-sula-e-fabio-heroi-no-fluminense\/\" \/>\n<meta property=\"og:site_name\" content=\"Oeste Esporte\" \/>\n<meta property=\"article:publisher\" content=\"https:\/\/www.facebook.com\/oesterevista\/\" \/>\n<meta property=\"article:published_time\" content=\"2026-08-19T14:51:36+00:00\" \/>\n<meta property=\"og:image\" content=\"https:\/\/revistaoeste.com\/esporte\/wp-content\/uploads\/2026\/08\/memphis-no-bid-e-primeiro-treino-no-timao-sao-paulo-amassa-na-sula-e-fabio-heroi-no-fluminense-thumbnail.jpg\" \/>\n\t<meta property=\"og:image:width\" content=\"1280\" \/>\n\t<meta property=\"og:image:height\" content=\"720\" \/>\n\t<meta property=\"og:image:type\" content=\"image\/jpeg\" \/>\n<meta name=\"author\" content=\"Oeste Esporte\" \/>\n<meta name=\"twitter:card\" content=\"summary_large_image\" \/>\n<meta name=\"twitter:creator\" content=\"@revistaoeste\" \/>\n<meta name=\"twitter:site\" content=\"@revistaoeste\" \/>\n<meta name=\"twitter:label1\" content=\"Escrito por\" \/>\n\t<meta name=\"twitter:data1\" content=\"Oeste Esporte\" \/>\n\t<meta name=\"twitter:label2\" content=\"Est. tempo de leitura\" \/>\n\t<meta name=\"twitter:data2\" content=\"2 minutos\" \/>\n<script type=\"application\/ld+json\" class=\"yoast-schema-graph\">{\"@context\":\"https:\\\/\\\/schema.org\",\"@graph\":[{\"@type\":\"Article\",\"@id\":\"https:\\\/\\\/revistaoeste.com\\\/esporte\\\/memphis-no-bid-e-primeiro-treino-no-timao-sao-paulo-amassa-na-sula-e-fabio-heroi-no-fluminense\\\/#article\",\"isPartOf\":{\"@id\":\"https:\\\/\\\/revistaoeste.com\\\/esporte\\\/memphis-no-bid-e-primeiro-treino-no-timao-sao-paulo-amassa-na-sula-e-fabio-heroi-no-fluminense\\\/\"},\"author\":{\"name\":\"Oeste Esporte\",\"@id\":\"https:\\\/\\\/revistaoeste.com\\\/esporte\\\/#\\\/schema\\\/person\\\/b65dd1349325a37fba91ff94e4f8ed30\"},\"headline\":\"MEMPHIS NO BID E PRIMEIRO TREINO NO TIM\u00c3O + S\u00c3O PAULO AMASSA NA SULA E F\u00c1BIO HER\u00d3I NO FLUMINENSE\",\"datePublished\":\"2026-08-19T14:51:36+00:00\",\"mainEntityOfPage\":{\"@id\":\"https:\\\/\\\/revistaoeste.com\\\/esporte\\\/memphis-no-bid-e-primeiro-treino-no-timao-sao-paulo-amassa-na-sula-e-fabio-heroi-no-fluminense\\\/\"},\"wordCount\":363,\"commentCount\":0,\"publisher\":{\"@id\":\"https:\\\/\\\/revistaoeste.com\\\/esporte\\\/#organization\"},\"image\":{\"@id\":\"https:\\\/\\\/revistaoeste.com\\\/esporte\\\/memphis-no-bid-e-primeiro-treino-no-timao-sao-paulo-amassa-na-sula-e-fabio-heroi-no-fluminense\\\/#primaryimage\"},\"thumbnailUrl\":\"https:\\\/\\\/revistaoeste.com\\\/esporte\\\/wp-content\\\/uploads\\\/2026\\\/08\\\/memphis-no-bid-e-primeiro-treino-no-timao-sao-paulo-amassa-na-sula-e-fabio-heroi-no-fluminense-thumbnail.jpg\",\"articleSection\":[\"V\u00eddeos\"],\"inLanguage\":\"pt-BR\",\"potentialAction\":[{\"@type\":\"CommentAction\",\"name\":\"Comment\",\"target\":[\"https:\\\/\\\/revistaoeste.com\\\/esporte\\\/memphis-no-bid-e-primeiro-treino-no-timao-sao-paulo-amassa-na-sula-e-fabio-heroi-no-fluminense\\\/#respond\"]}]},{\"@type\":\"WebPage\",\"@id\":\"https:\\\/\\\/revistaoeste.com\\\/esporte\\\/memphis-no-bid-e-primeiro-treino-no-timao-sao-paulo-amassa-na-sula-e-fabio-heroi-no-fluminense\\\/\",\"url\":\"https:\\\/\\\/revistaoeste.com\\\/esporte\\\/memphis-no-bid-e-primeiro-treino-no-timao-sao-paulo-amassa-na-sula-e-fabio-heroi-no-fluminense\\\/\",\"name\":\"MEMPHIS NO BID E PRIMEIRO TREINO NO TIM\u00c3O + S\u00c3O PAULO AMASSA NA SULA E F\u00c1BIO HER\u00d3I NO FLUMINENSE - Oeste Esporte\",\"isPartOf\":{\"@id\":\"https:\\\/\\\/revistaoeste.com\\\/esporte\\\/#website\"},\"primaryImageOfPage\":{\"@id\":\"https:\\\/\\\/revistaoeste.com\\\/esporte\\\/memphis-no-bid-e-primeiro-treino-no-timao-sao-paulo-amassa-na-sula-e-fabio-heroi-no-fluminense\\\/#primaryimage\"},\"image\":{\"@id\":\"https:\\\/\\\/revistaoeste.com\\\/esporte\\\/memphis-no-bid-e-primeiro-treino-no-timao-sao-paulo-amassa-na-sula-e-fabio-heroi-no-fluminense\\\/#primaryimage\"},\"thumbnailUrl\":\"https:\\\/\\\/revistaoeste.com\\\/esporte\\\/wp-content\\\/uploads\\\/2026\\\/08\\\/memphis-no-bid-e-primeiro-treino-no-timao-sao-paulo-amassa-na-sula-e-fabio-heroi-no-fluminense-thumbnail.jpg\",\"datePublished\":\"2026-08-19T14:51:36+00:00\",\"breadcrumb\":{\"@id\":\"https:\\\/\\\/revistaoeste.com\\\/esporte\\\/memphis-no-bid-e-primeiro-treino-no-timao-sao-paulo-amassa-na-sula-e-fabio-heroi-no-fluminense\\\/#breadcrumb\"},\"inLanguage\":\"pt-BR\",\"potentialAction\":[{\"@type\":\"ReadAction\",\"target\":[\"https:\\\/\\\/revistaoeste.com\\\/esporte\\\/memphis-no-bid-e-primeiro-treino-no-timao-sao-paulo-amassa-na-sula-e-fabio-heroi-no-fluminense\\\/\"]}]},{\"@type\":\"ImageObject\",\"inLanguage\":\"pt-BR\",\"@id\":\"https:\\\/\\\/revistaoeste.com\\\/esporte\\\/memphis-no-bid-e-primeiro-treino-no-timao-sao-paulo-amassa-na-sula-e-fabio-heroi-no-fluminense\\\/#primaryimage\",\"url\":\"https:\\\/\\\/revistaoeste.com\\\/esporte\\\/wp-content\\\/uploads\\\/2026\\\/08\\\/memphis-no-bid-e-primeiro-treino-no-timao-sao-paulo-amassa-na-sula-e-fabio-heroi-no-fluminense-thumbnail.jpg\",\"contentUrl\":\"https:\\\/\\\/revistaoeste.com\\\/esporte\\\/wp-content\\\/uploads\\\/2026\\\/08\\\/memphis-no-bid-e-primeiro-treino-no-timao-sao-paulo-amassa-na-sula-e-fabio-heroi-no-fluminense-thumbnail.jpg\",\"width\":1280,\"height\":720},{\"@type\":\"BreadcrumbList\",\"@id\":\"https:\\\/\\\/revistaoeste.com\\\/esporte\\\/memphis-no-bid-e-primeiro-treino-no-timao-sao-paulo-amassa-na-sula-e-fabio-heroi-no-fluminense\\\/#breadcrumb\",\"itemListElement\":[{\"@type\":\"ListItem\",\"position\":1,\"name\":\"In\u00edcio\",\"item\":\"https:\\\/\\\/revistaoeste.com\\\/esporte\\\/\"},{\"@type\":\"ListItem\",\"position\":2,\"name\":\"MEMPHIS NO BID E PRIMEIRO TREINO NO TIM\u00c3O + S\u00c3O PAULO AMASSA NA SULA E F\u00c1BIO HER\u00d3I NO FLUMINENSE\"}]},{\"@type\":\"WebSite\",\"@id\":\"https:\\\/\\\/revistaoeste.com\\\/esporte\\\/#website\",\"url\":\"https:\\\/\\\/revistaoeste.com\\\/esporte\\\/\",\"name\":\"Oeste Esporte\",\"description\":\"Copa sem Firula\",\"publisher\":{\"@id\":\"https:\\\/\\\/revistaoeste.com\\\/esporte\\\/#organization\"},\"potentialAction\":[{\"@type\":\"SearchAction\",\"target\":{\"@type\":\"EntryPoint\",\"urlTemplate\":\"https:\\\/\\\/revistaoeste.com\\\/esporte\\\/?s={search_term_string}\"},\"query-input\":{\"@type\":\"PropertyValueSpecification\",\"valueRequired\":true,\"valueName\":\"search_term_string\"}}],\"inLanguage\":\"pt-BR\"},{\"@type\":\"Organization\",\"@id\":\"https:\\\/\\\/revistaoeste.com\\\/esporte\\\/#organization\",\"name\":\"Oeste Esporte\",\"url\":\"https:\\\/\\\/revistaoeste.com\\\/esporte\\\/\",\"logo\":{\"@type\":\"ImageObject\",\"inLanguage\":\"pt-BR\",\"@id\":\"https:\\\/\\\/revistaoeste.com\\\/esporte\\\/#\\\/schema\\\/logo\\\/image\\\/\",\"url\":\"https:\\\/\\\/revistaoeste.com\\\/esporte\\\/wp-content\\\/uploads\\\/2026\\\/03\\\/avatar.jpg\",\"contentUrl\":\"https:\\\/\\\/revistaoeste.com\\\/esporte\\\/wp-content\\\/uploads\\\/2026\\\/03\\\/avatar.jpg\",\"width\":500,\"height\":500,\"caption\":\"Oeste Esporte\"},\"image\":{\"@id\":\"https:\\\/\\\/revistaoeste.com\\\/esporte\\\/#\\\/schema\\\/logo\\\/image\\\/\"},\"sameAs\":[\"https:\\\/\\\/www.facebook.com\\\/oesterevista\\\/\",\"https:\\\/\\\/x.com\\\/revistaoeste\",\"https:\\\/\\\/www.youtube.com\\\/@OesteEsporte\",\"https:\\\/\\\/www.instagram.com\\\/revistaoeste\\\/\"]},{\"@type\":\"Person\",\"@id\":\"https:\\\/\\\/revistaoeste.com\\\/esporte\\\/#\\\/schema\\\/person\\\/b65dd1349325a37fba91ff94e4f8ed30\",\"name\":\"Oeste Esporte\",\"image\":{\"@type\":\"ImageObject\",\"inLanguage\":\"pt-BR\",\"@id\":\"https:\\\/\\\/secure.gravatar.com\\\/avatar\\\/ac8f81dac0a1f39a558fc6505b41ec07db615768322af858b3dd2988c24e83b9?s=96&d=mm&r=g\",\"url\":\"https:\\\/\\\/secure.gravatar.com\\\/avatar\\\/ac8f81dac0a1f39a558fc6505b41ec07db615768322af858b3dd2988c24e83b9?s=96&d=mm&r=g\",\"contentUrl\":\"https:\\\/\\\/secure.gravatar.com\\\/avatar\\\/ac8f81dac0a1f39a558fc6505b41ec07db615768322af858b3dd2988c24e83b9?s=96&d=mm&r=g\",\"caption\":\"Oeste Esporte\"},\"url\":\"https:\\\/\\\/revistaoeste.com\\\/esporte\\\/author\\\/lucas\\\/\"}]}<\/script>\n<!-- \/ Yoast SEO plugin. -->","yoast_head_json":{"title":"MEMPHIS NO BID E PRIMEIRO TREINO NO TIM\u00c3O + S\u00c3O PAULO AMASSA NA SULA E F\u00c1BIO HER\u00d3I NO FLUMINENSE - Oeste Esporte","robots":{"index":"index","follow":"follow","max-snippet":"max-snippet:-1","max-image-preview":"max-image-preview:large","max-video-preview":"max-video-preview:-1"},"canonical":"https:\/\/revistaoeste.com\/esporte\/memphis-no-bid-e-primeiro-treino-no-timao-sao-paulo-amassa-na-sula-e-fabio-heroi-no-fluminense\/","og_locale":"pt_BR","og_type":"article","og_title":"MEMPHIS NO BID E PRIMEIRO TREINO NO TIM\u00c3O + S\u00c3O PAULO AMASSA NA SULA E F\u00c1BIO HER\u00d3I NO FLUMINENSE - Oeste Esporte","og_description":"#futebolbrasileiro #sulamericana2026 #libertadores #saopaulofc #fluminense #esportesemfirula #miltonneves Muita pol\u00eamica, debate, descontra\u00e7\u00e3o, informa\u00e7\u00e3o de credibilidade e opini\u00e3o no Esporte Sem Firula, com Milton&hellip;","og_url":"https:\/\/revistaoeste.com\/esporte\/memphis-no-bid-e-primeiro-treino-no-timao-sao-paulo-amassa-na-sula-e-fabio-heroi-no-fluminense\/","og_site_name":"Oeste Esporte","article_publisher":"https:\/\/www.facebook.com\/oesterevista\/","article_published_time":"2026-08-19T14:51:36+00:00","og_image":[{"width":1280,"height":720,"url":"https:\/\/revistaoeste.com\/esporte\/wp-content\/uploads\/2026\/08\/memphis-no-bid-e-primeiro-treino-no-timao-sao-paulo-amassa-na-sula-e-fabio-heroi-no-fluminense-thumbnail.jpg","type":"image\/jpeg"}],"author":"Oeste Esporte","twitter_card":"summary_large_image","twitter_creator":"@revistaoeste","twitter_site":"@revistaoeste","twitter_misc":{"Escrito por":"Oeste Esporte","Est. tempo de leitura":"2 minutos"},"schema":{"@context":"https:\/\/schema.org","@graph":[{"@type":"Article","@id":"https:\/\/revistaoeste.com\/esporte\/memphis-no-bid-e-primeiro-treino-no-timao-sao-paulo-amassa-na-sula-e-fabio-heroi-no-fluminense\/#article","isPartOf":{"@id":"https:\/\/revistaoeste.com\/esporte\/memphis-no-bid-e-primeiro-treino-no-timao-sao-paulo-amassa-na-sula-e-fabio-heroi-no-fluminense\/"},"author":{"name":"Oeste Esporte","@id":"https:\/\/revistaoeste.com\/esporte\/#\/schema\/person\/b65dd1349325a37fba91ff94e4f8ed30"},"headline":"MEMPHIS NO BID E PRIMEIRO TREINO NO TIM\u00c3O + S\u00c3O PAULO AMASSA NA SULA E F\u00c1BIO HER\u00d3I NO FLUMINENSE","datePublished":"2026-08-19T14:51:36+00:00","mainEntityOfPage":{"@id":"https:\/\/revistaoeste.com\/esporte\/memphis-no-bid-e-primeiro-treino-no-timao-sao-paulo-amassa-na-sula-e-fabio-heroi-no-fluminense\/"},"wordCount":363,"commentCount":0,"publisher":{"@id":"https:\/\/revistaoeste.com\/esporte\/#organization"},"image":{"@id":"https:\/\/revistaoeste.com\/esporte\/memphis-no-bid-e-primeiro-treino-no-timao-sao-paulo-amassa-na-sula-e-fabio-heroi-no-fluminense\/#primaryimage"},"thumbnailUrl":"https:\/\/revistaoeste.com\/esporte\/wp-content\/uploads\/2026\/08\/memphis-no-bid-e-primeiro-treino-no-timao-sao-paulo-amassa-na-sula-e-fabio-heroi-no-fluminense-thumbnail.jpg","articleSection":["V\u00eddeos"],"inLanguage":"pt-BR","potentialAction":[{"@type":"CommentAction","name":"Comment","target":["https:\/\/revistaoeste.com\/esporte\/memphis-no-bid-e-primeiro-treino-no-timao-sao-paulo-amassa-na-sula-e-fabio-heroi-no-fluminense\/#respond"]}]},{"@type":"WebPage","@id":"https:\/\/revistaoeste.com\/esporte\/memphis-no-bid-e-primeiro-treino-no-timao-sao-paulo-amassa-na-sula-e-fabio-heroi-no-fluminense\/","url":"https:\/\/revistaoeste.com\/esporte\/memphis-no-bid-e-primeiro-treino-no-timao-sao-paulo-amassa-na-sula-e-fabio-heroi-no-fluminense\/","name":"MEMPHIS NO BID E PRIMEIRO TREINO NO TIM\u00c3O + S\u00c3O PAULO AMASSA NA SULA E F\u00c1BIO HER\u00d3I NO FLUMINENSE - Oeste Esporte","isPartOf":{"@id":"https:\/\/revistaoeste.com\/esporte\/#website"},"primaryImageOfPage":{"@id":"https:\/\/revistaoeste.com\/esporte\/memphis-no-bid-e-primeiro-treino-no-timao-sao-paulo-amassa-na-sula-e-fabio-heroi-no-fluminense\/#primaryimage"},"image":{"@id":"https:\/\/revistaoeste.com\/esporte\/memphis-no-bid-e-primeiro-treino-no-timao-sao-paulo-amassa-na-sula-e-fabio-heroi-no-fluminense\/#primaryimage"},"thumbnailUrl":"https:\/\/revistaoeste.com\/esporte\/wp-content\/uploads\/2026\/08\/memphis-no-bid-e-primeiro-treino-no-timao-sao-paulo-amassa-na-sula-e-fabio-heroi-no-fluminense-thumbnail.jpg","datePublished":"2026-08-19T14:51:36+00:00","breadcrumb":{"@id":"https:\/\/revistaoeste.com\/esporte\/memphis-no-bid-e-primeiro-treino-no-timao-sao-paulo-amassa-na-sula-e-fabio-heroi-no-fluminense\/#breadcrumb"},"inLanguage":"pt-BR","potentialAction":[{"@type":"ReadAction","target":["https:\/\/revistaoeste.com\/esporte\/memphis-no-bid-e-primeiro-treino-no-timao-sao-paulo-amassa-na-sula-e-fabio-heroi-no-fluminense\/"]}]},{"@type":"ImageObject","inLanguage":"pt-BR","@id":"https:\/\/revistaoeste.com\/esporte\/memphis-no-bid-e-primeiro-treino-no-timao-sao-paulo-amassa-na-sula-e-fabio-heroi-no-fluminense\/#primaryimage","url":"https:\/\/revistaoeste.com\/esporte\/wp-content\/uploads\/2026\/08\/memphis-no-bid-e-primeiro-treino-no-timao-sao-paulo-amassa-na-sula-e-fabio-heroi-no-fluminense-thumbnail.jpg","contentUrl":"https:\/\/revistaoeste.com\/esporte\/wp-content\/uploads\/2026\/08\/memphis-no-bid-e-primeiro-treino-no-timao-sao-paulo-amassa-na-sula-e-fabio-heroi-no-fluminense-thumbnail.jpg","width":1280,"height":720},{"@type":"BreadcrumbList","@id":"https:\/\/revistaoeste.com\/esporte\/memphis-no-bid-e-primeiro-treino-no-timao-sao-paulo-amassa-na-sula-e-fabio-heroi-no-fluminense\/#breadcrumb","itemListElement":[{"@type":"ListItem","position":1,"name":"In\u00edcio","item":"https:\/\/revistaoeste.com\/esporte\/"},{"@type":"ListItem","position":2,"name":"MEMPHIS NO BID E PRIMEIRO TREINO NO TIM\u00c3O + S\u00c3O PAULO AMASSA NA SULA E F\u00c1BIO HER\u00d3I NO FLUMINENSE"}]},{"@type":"WebSite","@id":"https:\/\/revistaoeste.com\/esporte\/#website","url":"https:\/\/revistaoeste.com\/esporte\/","name":"Oeste Esporte","description":"Copa sem Firula","publisher":{"@id":"https:\/\/revistaoeste.com\/esporte\/#organization"},"potentialAction":[{"@type":"SearchAction","target":{"@type":"EntryPoint","urlTemplate":"https:\/\/revistaoeste.com\/esporte\/?s={search_term_string}"},"query-input":{"@type":"PropertyValueSpecification","valueRequired":true,"valueName":"search_term_string"}}],"inLanguage":"pt-BR"},{"@type":"Organization","@id":"https:\/\/revistaoeste.com\/esporte\/#organization","name":"Oeste Esporte","url":"https:\/\/revistaoeste.com\/esporte\/","logo":{"@type":"ImageObject","inLanguage":"pt-BR","@id":"https:\/\/revistaoeste.com\/esporte\/#\/schema\/logo\/image\/","url":"https:\/\/revistaoeste.com\/esporte\/wp-content\/uploads\/2026\/03\/avatar.jpg","contentUrl":"https:\/\/revistaoeste.com\/esporte\/wp-content\/uploads\/2026\/03\/avatar.jpg","width":500,"height":500,"caption":"Oeste Esporte"},"image":{"@id":"https:\/\/revistaoeste.com\/esporte\/#\/schema\/logo\/image\/"},"sameAs":["https:\/\/www.facebook.com\/oesterevista\/","https:\/\/x.com\/revistaoeste","https:\/\/www.youtube.com\/@OesteEsporte","https:\/\/www.instagram.com\/revistaoeste\/"]},{"@type":"Person","@id":"https:\/\/revistaoeste.com\/esporte\/#\/schema\/person\/b65dd1349325a37fba91ff94e4f8ed30","name":"Oeste Esporte","image":{"@type":"ImageObject","inLanguage":"pt-BR","@id":"https:\/\/secure.gravatar.com\/avatar\/ac8f81dac0a1f39a558fc6505b41ec07db615768322af858b3dd2988c24e83b9?s=96&d=mm&r=g","url":"https:\/\/secure.gravatar.com\/avatar\/ac8f81dac0a1f39a558fc6505b41ec07db615768322af858b3dd2988c24e83b9?s=96&d=mm&r=g","contentUrl":"https:\/\/secure.gravatar.com\/avatar\/ac8f81dac0a1f39a558fc6505b41ec07db615768322af858b3dd2988c24e83b9?s=96&d=mm&r=g","caption":"Oeste Esporte"},"url":"https:\/\/revistaoeste.com\/esporte\/author\/lucas\/"}]}},"_links":{"self":[{"href":"https:\/\/revistaoeste.com\/esporte\/wp-json\/wp\/v2\/posts\/14057","targetHints":{"allow":["GET"]}}],"collection":[{"href":"https:\/\/revistaoeste.com\/esporte\/wp-json\/wp\/v2\/posts"}],"about":[{"href":"https:\/\/revistaoeste.com\/esporte\/wp-json\/wp\/v2\/types\/post"}],"author":[{"embeddable":true,"href":"https:\/\/revistaoeste.com\/esporte\/wp-json\/wp\/v2\/users\/3"}],"replies":[{"embeddable":true,"href":"https:\/\/revistaoeste.com\/esporte\/wp-json\/wp\/v2\/comments?post=14057"}],"version-history":[{"count":0,"href":"https:\/\/revistaoeste.com\/esporte\/wp-json\/wp\/v2\/posts\/14057\/revisions"}],"wp:featuredmedia":[{"embeddable":true,"href":"https:\/\/revistaoeste.com\/esporte\/wp-json\/wp\/v2\/media\/14058"}],"wp:attachment":[{"href":"https:\/\/revistaoeste.com\/esporte\/wp-json\/wp\/v2\/media?parent=14057"}],"wp:term":[{"taxonomy":"category","embeddable":true,"href":"https:\/\/revistaoeste.com\/esporte\/wp-json\/wp\/v2\/categories?post=14057"},{"taxonomy":"post_tag","embeddable":true,"href":"https:\/\/revistaoeste.com\/esporte\/wp-json\/wp\/v2\/tags?post=14057"}],"curies":[{"name":"wp","href":"https:\/\/api.w.org\/{rel}","templated":true}]}}