{"id":4329,"date":"2026-06-10T11:00:00","date_gmt":"2026-06-10T14:00:00","guid":{"rendered":"https:\/\/revistaoeste.com\/esporte\/?p=4329"},"modified":"2026-06-09T17:12:34","modified_gmt":"2026-06-09T20:12:34","slug":"ancelotti-faz-misterio-sobre-estreia-da-selecao-na-copa-do-mundo","status":"publish","type":"post","link":"https:\/\/revistaoeste.com\/esporte\/ancelotti-faz-misterio-sobre-estreia-da-selecao-na-copa-do-mundo\/","title":{"rendered":"Ancelotti faz mist\u00e9rio sobre estreia da Sele\u00e7\u00e3o na Copa do Mundo"},"content":{"rendered":"\n<p class=\"wp-block-paragraph\">A poucos dias da estreia da Sele\u00e7\u00e3o Brasileira na Copa do Mundo de 2026, o t\u00e9cnico <strong>Carlo Ancelotti<\/strong> segue sem revelar a equipe que enfrentar\u00e1 Marrocos no primeiro compromisso do torneio. O treinador comandou mais um treino em Nova Jersey, mas evitou dar pistas sobre a forma\u00e7\u00e3o titular.<\/p>\n\n\n\n<p class=\"wp-block-paragraph\"><strong>+Leia mais noticias em\u00a0<\/strong><a href=\"https:\/\/revistaoeste.com\/esporte\/copa-sem-firula\/\"><strong>Oeste Esport<\/strong>e<\/a><\/p>\n\n\n\n<p class=\"wp-block-paragraph\">A principal aus\u00eancia continua sendo <strong>Neymar<\/strong>. O camisa 10 permanece em processo de recupera\u00e7\u00e3o de uma les\u00e3o na panturrilha direita e ainda n\u00e3o treinou com bola ao lado do restante do elenco. Nos \u00faltimos dias, o atacante tem realizado atividades f\u00edsicas e trabalhos na academia sob acompanhamento do departamento m\u00e9dico da CBF.<\/p>\n\n\n\n<p class=\"wp-block-paragraph\">Exames recentes indicaram evolu\u00e7\u00e3o no tratamento, mas a tend\u00eancia \u00e9 que Neymar n\u00e3o esteja dispon\u00edvel para a estreia contra Marrocos. A expectativa da comiss\u00e3o t\u00e9cnica \u00e9 contar com o atacante a partir da segunda rodada da fase de grupos, diante do Haiti.<\/p>\n\n\n\n<p class=\"wp-block-paragraph\">Durante os 15 minutos de treino liberados para a imprensa, Ancelotti dividiu os jogadores em grupos e realizou atividades com bola, mas sem indicar quem come\u00e7ar\u00e1 jogando. O italiano j\u00e1 afirmou que tem uma escala\u00e7\u00e3o definida em mente, por\u00e9m decidiu manter o mist\u00e9rio at\u00e9 os momentos finais da prepara\u00e7\u00e3o.<\/p>\n\n\n\n<p class=\"wp-block-paragraph\">Desde que assumiu a Sele\u00e7\u00e3o, Ancelotti utilizou diferentes forma\u00e7\u00f5es e ainda busca a melhor configura\u00e7\u00e3o para o setor ofensivo. Sem Neymar, nomes como <strong>Vin\u00edcius J\u00fanior<\/strong>, <strong>Raphinha<\/strong>, <strong>Matheus Cunha<\/strong>, <strong>Gabriel Martinelli<\/strong> e <strong>Luiz Henrique<\/strong> disputam espa\u00e7o entre os titulares.<\/p>\n\n\n\n<p class=\"wp-block-paragraph\"><strong>+Leia mais<a href=\"https:\/\/revistaoeste.com\/esporte\/os-dez-jogos-mais-importantes-da-historia-das-copas-segundo-o-the-new-york-times\/\"> Os dez jogos mais importantes da hist\u00f3ria das Copas, segundo o The New York Times<\/a><\/strong><\/p>\n\n\n\n<p class=\"has-small-font-size wp-block-paragraph\">O Brasil estreia na Copa do Mundo no pr\u00f3ximo s\u00e1bado, 13, contra <strong>Marrocos<\/strong>, em Nova Jersey. Depois, a equipe enfrentar\u00e1 <strong>Haiti<\/strong> e <strong>Esc\u00f3cia<\/strong> pela fase de grupos, na busca por iniciar a campanha rumo ao hexacampeonato<\/p>\n\n\n\n<p class=\"wp-block-paragraph\"><\/p>\n","protected":false},"excerpt":{"rendered":"<p>A poucos dias da estreia da Sele\u00e7\u00e3o Brasileira na Copa do Mundo de 2026, o t\u00e9cnico Carlo Ancelotti segue sem revelar a&hellip;<\/p>\n","protected":false},"author":1,"featured_media":4388,"comment_status":"open","ping_status":"open","sticky":false,"template":"","format":"standard","meta":{"footnotes":""},"categories":[3,8],"tags":[118,23,1151,29,39],"class_list":["post-4329","post","type-post","status-publish","format-standard","has-post-thumbnail","hentry","category-selecao-brasileira","category-ultimas-noticias","tag-ancelotti","tag-copa-do-mundo","tag-estreia","tag-futebol","tag-neymar"],"yoast_head":"<!-- This site is optimized with the Yoast SEO plugin v28.0 - https:\/\/yoast.com\/product\/yoast-seo-wordpress\/ -->\n<title>Ancelotti faz mist\u00e9rio sobre estreia da Sele\u00e7\u00e3o na Copa do Mundo<\/title>\n<meta name=\"description\" content=\"Carlo Ancelotti n\u00e3o revela escala\u00e7\u00e3o da Sele\u00e7\u00e3o para a estreia na Copa do Mundo, enquanto Neymar segue fora.\" \/>\n<meta name=\"robots\" content=\"index, follow, max-snippet:-1, max-image-preview:large, max-video-preview:-1\" \/>\n<link rel=\"canonical\" href=\"https:\/\/revistaoeste.com\/esporte\/ancelotti-faz-misterio-sobre-estreia-da-selecao-na-copa-do-mundo\/\" \/>\n<meta property=\"og:locale\" content=\"pt_BR\" \/>\n<meta property=\"og:type\" content=\"article\" \/>\n<meta property=\"og:title\" content=\"Ancelotti faz mist\u00e9rio sobre estreia da Sele\u00e7\u00e3o na Copa do Mundo\" \/>\n<meta property=\"og:description\" content=\"A poucos dias da estreia da Sele\u00e7\u00e3o Brasileira na Copa do Mundo de 2026, o t\u00e9cnico Carlo Ancelotti segue sem revelar a equipe que enfrentar\u00e1 Marrocos no primeiro compromisso do torneio. O treinador comandou mais um treino em Nova Jersey, mas evitou dar pistas sobre a forma\u00e7\u00e3o titular.\" \/>\n<meta property=\"og:url\" content=\"https:\/\/revistaoeste.com\/esporte\/ancelotti-faz-misterio-sobre-estreia-da-selecao-na-copa-do-mundo\/\" \/>\n<meta property=\"og:site_name\" content=\"Oeste Esporte\" \/>\n<meta property=\"article:publisher\" content=\"https:\/\/www.facebook.com\/oesterevista\/\" \/>\n<meta property=\"article:published_time\" content=\"2026-06-10T14:00:00+00:00\" \/>\n<meta property=\"og:image\" content=\"https:\/\/revistaoeste.com\/esporte\/wp-content\/uploads\/2026\/06\/selecao-brasileira.png\" \/>\n\t<meta property=\"og:image:width\" content=\"640\" \/>\n\t<meta property=\"og:image:height\" content=\"455\" \/>\n\t<meta property=\"og:image:type\" content=\"image\/png\" \/>\n<meta name=\"author\" content=\"Oeste Esporte\" \/>\n<meta name=\"twitter:card\" content=\"summary_large_image\" \/>\n<meta name=\"twitter:title\" content=\"Ancelotti faz mist\u00e9rio sobre estreia da Sele\u00e7\u00e3o na Copa do Mundo\" \/>\n<meta name=\"twitter:description\" content=\"A poucos dias da estreia da Sele\u00e7\u00e3o Brasileira na Copa do Mundo de 2026, o t\u00e9cnico Carlo Ancelotti segue sem revelar a equipe que enfrentar\u00e1 Marrocos no primeiro compromisso do torneio. O treinador comandou mais um treino em Nova Jersey, mas evitou dar pistas sobre a forma\u00e7\u00e3o titular.\" \/>\n<meta name=\"twitter:image\" content=\"https:\/\/revistaoeste.com\/esporte\/wp-content\/uploads\/2026\/06\/selecao-brasileira.png\" \/>\n<meta name=\"twitter:creator\" content=\"@revistaoeste\" \/>\n<meta name=\"twitter:site\" content=\"@revistaoeste\" \/>\n<meta name=\"twitter:label1\" content=\"Escrito por\" \/>\n\t<meta name=\"twitter:data1\" content=\"Oeste Esporte\" \/>\n\t<meta name=\"twitter:label2\" content=\"Est. tempo de leitura\" \/>\n\t<meta name=\"twitter:data2\" content=\"2 minutos\" \/>\n<script type=\"application\/ld+json\" class=\"yoast-schema-graph\">{\"@context\":\"https:\\\/\\\/schema.org\",\"@graph\":[{\"@type\":\"Article\",\"@id\":\"https:\\\/\\\/revistaoeste.com\\\/esporte\\\/ancelotti-faz-misterio-sobre-estreia-da-selecao-na-copa-do-mundo\\\/#article\",\"isPartOf\":{\"@id\":\"https:\\\/\\\/revistaoeste.com\\\/esporte\\\/ancelotti-faz-misterio-sobre-estreia-da-selecao-na-copa-do-mundo\\\/\"},\"author\":{\"name\":\"Oeste Esporte\",\"@id\":\"https:\\\/\\\/revistaoeste.com\\\/esporte\\\/#\\\/schema\\\/person\\\/8bac624bec4650bf2ec23768fd7ac65d\"},\"headline\":\"Ancelotti faz mist\u00e9rio sobre estreia da Sele\u00e7\u00e3o na Copa do Mundo\",\"datePublished\":\"2026-06-10T14:00:00+00:00\",\"mainEntityOfPage\":{\"@id\":\"https:\\\/\\\/revistaoeste.com\\\/esporte\\\/ancelotti-faz-misterio-sobre-estreia-da-selecao-na-copa-do-mundo\\\/\"},\"wordCount\":325,\"commentCount\":1,\"publisher\":{\"@id\":\"https:\\\/\\\/revistaoeste.com\\\/esporte\\\/#organization\"},\"image\":{\"@id\":\"https:\\\/\\\/revistaoeste.com\\\/esporte\\\/ancelotti-faz-misterio-sobre-estreia-da-selecao-na-copa-do-mundo\\\/#primaryimage\"},\"thumbnailUrl\":\"https:\\\/\\\/revistaoeste.com\\\/esporte\\\/wp-content\\\/uploads\\\/2026\\\/06\\\/selecao-brasileira.png\",\"keywords\":[\"Ancelotti\",\"Copa do Mundo\",\"Estr\u00e9ia\",\"futebol\",\"Neymar\"],\"articleSection\":[\"Sele\u00e7\u00e3o Brasileira\",\"\u00daltimas Not\u00edcias\"],\"inLanguage\":\"pt-BR\",\"potentialAction\":[{\"@type\":\"CommentAction\",\"name\":\"Comment\",\"target\":[\"https:\\\/\\\/revistaoeste.com\\\/esporte\\\/ancelotti-faz-misterio-sobre-estreia-da-selecao-na-copa-do-mundo\\\/#respond\"]}]},{\"@type\":\"WebPage\",\"@id\":\"https:\\\/\\\/revistaoeste.com\\\/esporte\\\/ancelotti-faz-misterio-sobre-estreia-da-selecao-na-copa-do-mundo\\\/\",\"url\":\"https:\\\/\\\/revistaoeste.com\\\/esporte\\\/ancelotti-faz-misterio-sobre-estreia-da-selecao-na-copa-do-mundo\\\/\",\"name\":\"Ancelotti faz mist\u00e9rio sobre estreia da Sele\u00e7\u00e3o na Copa do Mundo\",\"isPartOf\":{\"@id\":\"https:\\\/\\\/revistaoeste.com\\\/esporte\\\/#website\"},\"primaryImageOfPage\":{\"@id\":\"https:\\\/\\\/revistaoeste.com\\\/esporte\\\/ancelotti-faz-misterio-sobre-estreia-da-selecao-na-copa-do-mundo\\\/#primaryimage\"},\"image\":{\"@id\":\"https:\\\/\\\/revistaoeste.com\\\/esporte\\\/ancelotti-faz-misterio-sobre-estreia-da-selecao-na-copa-do-mundo\\\/#primaryimage\"},\"thumbnailUrl\":\"https:\\\/\\\/revistaoeste.com\\\/esporte\\\/wp-content\\\/uploads\\\/2026\\\/06\\\/selecao-brasileira.png\",\"datePublished\":\"2026-06-10T14:00:00+00:00\",\"description\":\"Carlo Ancelotti n\u00e3o revela escala\u00e7\u00e3o da Sele\u00e7\u00e3o para a estreia na Copa do Mundo, enquanto Neymar segue fora.\",\"breadcrumb\":{\"@id\":\"https:\\\/\\\/revistaoeste.com\\\/esporte\\\/ancelotti-faz-misterio-sobre-estreia-da-selecao-na-copa-do-mundo\\\/#breadcrumb\"},\"inLanguage\":\"pt-BR\",\"potentialAction\":[{\"@type\":\"ReadAction\",\"target\":[\"https:\\\/\\\/revistaoeste.com\\\/esporte\\\/ancelotti-faz-misterio-sobre-estreia-da-selecao-na-copa-do-mundo\\\/\"]}]},{\"@type\":\"ImageObject\",\"inLanguage\":\"pt-BR\",\"@id\":\"https:\\\/\\\/revistaoeste.com\\\/esporte\\\/ancelotti-faz-misterio-sobre-estreia-da-selecao-na-copa-do-mundo\\\/#primaryimage\",\"url\":\"https:\\\/\\\/revistaoeste.com\\\/esporte\\\/wp-content\\\/uploads\\\/2026\\\/06\\\/selecao-brasileira.png\",\"contentUrl\":\"https:\\\/\\\/revistaoeste.com\\\/esporte\\\/wp-content\\\/uploads\\\/2026\\\/06\\\/selecao-brasileira.png\",\"width\":640,\"height\":455,\"caption\":\"Foto: Reprodu\u00e7\u00e3o\\\/CBF\"},{\"@type\":\"BreadcrumbList\",\"@id\":\"https:\\\/\\\/revistaoeste.com\\\/esporte\\\/ancelotti-faz-misterio-sobre-estreia-da-selecao-na-copa-do-mundo\\\/#breadcrumb\",\"itemListElement\":[{\"@type\":\"ListItem\",\"position\":1,\"name\":\"In\u00edcio\",\"item\":\"https:\\\/\\\/revistaoeste.com\\\/esporte\\\/\"},{\"@type\":\"ListItem\",\"position\":2,\"name\":\"Ancelotti faz mist\u00e9rio sobre estreia da Sele\u00e7\u00e3o na Copa do Mundo\"}]},{\"@type\":\"WebSite\",\"@id\":\"https:\\\/\\\/revistaoeste.com\\\/esporte\\\/#website\",\"url\":\"https:\\\/\\\/revistaoeste.com\\\/esporte\\\/\",\"name\":\"Oeste Esporte\",\"description\":\"Copa sem Firula\",\"publisher\":{\"@id\":\"https:\\\/\\\/revistaoeste.com\\\/esporte\\\/#organization\"},\"potentialAction\":[{\"@type\":\"SearchAction\",\"target\":{\"@type\":\"EntryPoint\",\"urlTemplate\":\"https:\\\/\\\/revistaoeste.com\\\/esporte\\\/?s={search_term_string}\"},\"query-input\":{\"@type\":\"PropertyValueSpecification\",\"valueRequired\":true,\"valueName\":\"search_term_string\"}}],\"inLanguage\":\"pt-BR\"},{\"@type\":\"Organization\",\"@id\":\"https:\\\/\\\/revistaoeste.com\\\/esporte\\\/#organization\",\"name\":\"Oeste Esporte\",\"url\":\"https:\\\/\\\/revistaoeste.com\\\/esporte\\\/\",\"logo\":{\"@type\":\"ImageObject\",\"inLanguage\":\"pt-BR\",\"@id\":\"https:\\\/\\\/revistaoeste.com\\\/esporte\\\/#\\\/schema\\\/logo\\\/image\\\/\",\"url\":\"https:\\\/\\\/revistaoeste.com\\\/esporte\\\/wp-content\\\/uploads\\\/2026\\\/03\\\/avatar.jpg\",\"contentUrl\":\"https:\\\/\\\/revistaoeste.com\\\/esporte\\\/wp-content\\\/uploads\\\/2026\\\/03\\\/avatar.jpg\",\"width\":500,\"height\":500,\"caption\":\"Oeste Esporte\"},\"image\":{\"@id\":\"https:\\\/\\\/revistaoeste.com\\\/esporte\\\/#\\\/schema\\\/logo\\\/image\\\/\"},\"sameAs\":[\"https:\\\/\\\/www.facebook.com\\\/oesterevista\\\/\",\"https:\\\/\\\/x.com\\\/revistaoeste\",\"https:\\\/\\\/www.youtube.com\\\/@OesteEsporte\",\"https:\\\/\\\/www.instagram.com\\\/revistaoeste\\\/\"]},{\"@type\":\"Person\",\"@id\":\"https:\\\/\\\/revistaoeste.com\\\/esporte\\\/#\\\/schema\\\/person\\\/8bac624bec4650bf2ec23768fd7ac65d\",\"name\":\"Oeste Esporte\",\"image\":{\"@type\":\"ImageObject\",\"inLanguage\":\"pt-BR\",\"@id\":\"https:\\\/\\\/secure.gravatar.com\\\/avatar\\\/2987d05a660a8ffcae47b35d35518c167ec44856a592ec112d72c02da5110150?s=96&d=mm&r=g\",\"url\":\"https:\\\/\\\/secure.gravatar.com\\\/avatar\\\/2987d05a660a8ffcae47b35d35518c167ec44856a592ec112d72c02da5110150?s=96&d=mm&r=g\",\"contentUrl\":\"https:\\\/\\\/secure.gravatar.com\\\/avatar\\\/2987d05a660a8ffcae47b35d35518c167ec44856a592ec112d72c02da5110150?s=96&d=mm&r=g\",\"caption\":\"Oeste Esporte\"},\"sameAs\":[\"https:\\\/\\\/revistaoeste.com\\\/esporte\"],\"url\":\"https:\\\/\\\/revistaoeste.com\\\/esporte\\\/author\\\/vanessa\\\/\"}]}<\/script>\n<!-- \/ Yoast SEO plugin. -->","yoast_head_json":{"title":"Ancelotti faz mist\u00e9rio sobre estreia da Sele\u00e7\u00e3o na Copa do Mundo","description":"Carlo Ancelotti n\u00e3o revela escala\u00e7\u00e3o da Sele\u00e7\u00e3o para a estreia na Copa do Mundo, enquanto Neymar segue fora.","robots":{"index":"index","follow":"follow","max-snippet":"max-snippet:-1","max-image-preview":"max-image-preview:large","max-video-preview":"max-video-preview:-1"},"canonical":"https:\/\/revistaoeste.com\/esporte\/ancelotti-faz-misterio-sobre-estreia-da-selecao-na-copa-do-mundo\/","og_locale":"pt_BR","og_type":"article","og_title":"Ancelotti faz mist\u00e9rio sobre estreia da Sele\u00e7\u00e3o na Copa do Mundo","og_description":"A poucos dias da estreia da Sele\u00e7\u00e3o Brasileira na Copa do Mundo de 2026, o t\u00e9cnico Carlo Ancelotti segue sem revelar a equipe que enfrentar\u00e1 Marrocos no primeiro compromisso do torneio. O treinador comandou mais um treino em Nova Jersey, mas evitou dar pistas sobre a forma\u00e7\u00e3o titular.","og_url":"https:\/\/revistaoeste.com\/esporte\/ancelotti-faz-misterio-sobre-estreia-da-selecao-na-copa-do-mundo\/","og_site_name":"Oeste Esporte","article_publisher":"https:\/\/www.facebook.com\/oesterevista\/","article_published_time":"2026-06-10T14:00:00+00:00","og_image":[{"width":640,"height":455,"url":"https:\/\/revistaoeste.com\/esporte\/wp-content\/uploads\/2026\/06\/selecao-brasileira.png","type":"image\/png"}],"author":"Oeste Esporte","twitter_card":"summary_large_image","twitter_title":"Ancelotti faz mist\u00e9rio sobre estreia da Sele\u00e7\u00e3o na Copa do Mundo","twitter_description":"A poucos dias da estreia da Sele\u00e7\u00e3o Brasileira na Copa do Mundo de 2026, o t\u00e9cnico Carlo Ancelotti segue sem revelar a equipe que enfrentar\u00e1 Marrocos no primeiro compromisso do torneio. O treinador comandou mais um treino em Nova Jersey, mas evitou dar pistas sobre a forma\u00e7\u00e3o titular.","twitter_image":"https:\/\/revistaoeste.com\/esporte\/wp-content\/uploads\/2026\/06\/selecao-brasileira.png","twitter_creator":"@revistaoeste","twitter_site":"@revistaoeste","twitter_misc":{"Escrito por":"Oeste Esporte","Est. tempo de leitura":"2 minutos"},"schema":{"@context":"https:\/\/schema.org","@graph":[{"@type":"Article","@id":"https:\/\/revistaoeste.com\/esporte\/ancelotti-faz-misterio-sobre-estreia-da-selecao-na-copa-do-mundo\/#article","isPartOf":{"@id":"https:\/\/revistaoeste.com\/esporte\/ancelotti-faz-misterio-sobre-estreia-da-selecao-na-copa-do-mundo\/"},"author":{"name":"Oeste Esporte","@id":"https:\/\/revistaoeste.com\/esporte\/#\/schema\/person\/8bac624bec4650bf2ec23768fd7ac65d"},"headline":"Ancelotti faz mist\u00e9rio sobre estreia da Sele\u00e7\u00e3o na Copa do Mundo","datePublished":"2026-06-10T14:00:00+00:00","mainEntityOfPage":{"@id":"https:\/\/revistaoeste.com\/esporte\/ancelotti-faz-misterio-sobre-estreia-da-selecao-na-copa-do-mundo\/"},"wordCount":325,"commentCount":1,"publisher":{"@id":"https:\/\/revistaoeste.com\/esporte\/#organization"},"image":{"@id":"https:\/\/revistaoeste.com\/esporte\/ancelotti-faz-misterio-sobre-estreia-da-selecao-na-copa-do-mundo\/#primaryimage"},"thumbnailUrl":"https:\/\/revistaoeste.com\/esporte\/wp-content\/uploads\/2026\/06\/selecao-brasileira.png","keywords":["Ancelotti","Copa do Mundo","Estr\u00e9ia","futebol","Neymar"],"articleSection":["Sele\u00e7\u00e3o Brasileira","\u00daltimas Not\u00edcias"],"inLanguage":"pt-BR","potentialAction":[{"@type":"CommentAction","name":"Comment","target":["https:\/\/revistaoeste.com\/esporte\/ancelotti-faz-misterio-sobre-estreia-da-selecao-na-copa-do-mundo\/#respond"]}]},{"@type":"WebPage","@id":"https:\/\/revistaoeste.com\/esporte\/ancelotti-faz-misterio-sobre-estreia-da-selecao-na-copa-do-mundo\/","url":"https:\/\/revistaoeste.com\/esporte\/ancelotti-faz-misterio-sobre-estreia-da-selecao-na-copa-do-mundo\/","name":"Ancelotti faz mist\u00e9rio sobre estreia da Sele\u00e7\u00e3o na Copa do Mundo","isPartOf":{"@id":"https:\/\/revistaoeste.com\/esporte\/#website"},"primaryImageOfPage":{"@id":"https:\/\/revistaoeste.com\/esporte\/ancelotti-faz-misterio-sobre-estreia-da-selecao-na-copa-do-mundo\/#primaryimage"},"image":{"@id":"https:\/\/revistaoeste.com\/esporte\/ancelotti-faz-misterio-sobre-estreia-da-selecao-na-copa-do-mundo\/#primaryimage"},"thumbnailUrl":"https:\/\/revistaoeste.com\/esporte\/wp-content\/uploads\/2026\/06\/selecao-brasileira.png","datePublished":"2026-06-10T14:00:00+00:00","description":"Carlo Ancelotti n\u00e3o revela escala\u00e7\u00e3o da Sele\u00e7\u00e3o para a estreia na Copa do Mundo, enquanto Neymar segue fora.","breadcrumb":{"@id":"https:\/\/revistaoeste.com\/esporte\/ancelotti-faz-misterio-sobre-estreia-da-selecao-na-copa-do-mundo\/#breadcrumb"},"inLanguage":"pt-BR","potentialAction":[{"@type":"ReadAction","target":["https:\/\/revistaoeste.com\/esporte\/ancelotti-faz-misterio-sobre-estreia-da-selecao-na-copa-do-mundo\/"]}]},{"@type":"ImageObject","inLanguage":"pt-BR","@id":"https:\/\/revistaoeste.com\/esporte\/ancelotti-faz-misterio-sobre-estreia-da-selecao-na-copa-do-mundo\/#primaryimage","url":"https:\/\/revistaoeste.com\/esporte\/wp-content\/uploads\/2026\/06\/selecao-brasileira.png","contentUrl":"https:\/\/revistaoeste.com\/esporte\/wp-content\/uploads\/2026\/06\/selecao-brasileira.png","width":640,"height":455,"caption":"Foto: Reprodu\u00e7\u00e3o\/CBF"},{"@type":"BreadcrumbList","@id":"https:\/\/revistaoeste.com\/esporte\/ancelotti-faz-misterio-sobre-estreia-da-selecao-na-copa-do-mundo\/#breadcrumb","itemListElement":[{"@type":"ListItem","position":1,"name":"In\u00edcio","item":"https:\/\/revistaoeste.com\/esporte\/"},{"@type":"ListItem","position":2,"name":"Ancelotti faz mist\u00e9rio sobre estreia da Sele\u00e7\u00e3o na Copa do Mundo"}]},{"@type":"WebSite","@id":"https:\/\/revistaoeste.com\/esporte\/#website","url":"https:\/\/revistaoeste.com\/esporte\/","name":"Oeste Esporte","description":"Copa sem Firula","publisher":{"@id":"https:\/\/revistaoeste.com\/esporte\/#organization"},"potentialAction":[{"@type":"SearchAction","target":{"@type":"EntryPoint","urlTemplate":"https:\/\/revistaoeste.com\/esporte\/?s={search_term_string}"},"query-input":{"@type":"PropertyValueSpecification","valueRequired":true,"valueName":"search_term_string"}}],"inLanguage":"pt-BR"},{"@type":"Organization","@id":"https:\/\/revistaoeste.com\/esporte\/#organization","name":"Oeste Esporte","url":"https:\/\/revistaoeste.com\/esporte\/","logo":{"@type":"ImageObject","inLanguage":"pt-BR","@id":"https:\/\/revistaoeste.com\/esporte\/#\/schema\/logo\/image\/","url":"https:\/\/revistaoeste.com\/esporte\/wp-content\/uploads\/2026\/03\/avatar.jpg","contentUrl":"https:\/\/revistaoeste.com\/esporte\/wp-content\/uploads\/2026\/03\/avatar.jpg","width":500,"height":500,"caption":"Oeste Esporte"},"image":{"@id":"https:\/\/revistaoeste.com\/esporte\/#\/schema\/logo\/image\/"},"sameAs":["https:\/\/www.facebook.com\/oesterevista\/","https:\/\/x.com\/revistaoeste","https:\/\/www.youtube.com\/@OesteEsporte","https:\/\/www.instagram.com\/revistaoeste\/"]},{"@type":"Person","@id":"https:\/\/revistaoeste.com\/esporte\/#\/schema\/person\/8bac624bec4650bf2ec23768fd7ac65d","name":"Oeste Esporte","image":{"@type":"ImageObject","inLanguage":"pt-BR","@id":"https:\/\/secure.gravatar.com\/avatar\/2987d05a660a8ffcae47b35d35518c167ec44856a592ec112d72c02da5110150?s=96&d=mm&r=g","url":"https:\/\/secure.gravatar.com\/avatar\/2987d05a660a8ffcae47b35d35518c167ec44856a592ec112d72c02da5110150?s=96&d=mm&r=g","contentUrl":"https:\/\/secure.gravatar.com\/avatar\/2987d05a660a8ffcae47b35d35518c167ec44856a592ec112d72c02da5110150?s=96&d=mm&r=g","caption":"Oeste Esporte"},"sameAs":["https:\/\/revistaoeste.com\/esporte"],"url":"https:\/\/revistaoeste.com\/esporte\/author\/vanessa\/"}]}},"_links":{"self":[{"href":"https:\/\/revistaoeste.com\/esporte\/wp-json\/wp\/v2\/posts\/4329","targetHints":{"allow":["GET"]}}],"collection":[{"href":"https:\/\/revistaoeste.com\/esporte\/wp-json\/wp\/v2\/posts"}],"about":[{"href":"https:\/\/revistaoeste.com\/esporte\/wp-json\/wp\/v2\/types\/post"}],"author":[{"embeddable":true,"href":"https:\/\/revistaoeste.com\/esporte\/wp-json\/wp\/v2\/users\/1"}],"replies":[{"embeddable":true,"href":"https:\/\/revistaoeste.com\/esporte\/wp-json\/wp\/v2\/comments?post=4329"}],"version-history":[{"count":1,"href":"https:\/\/revistaoeste.com\/esporte\/wp-json\/wp\/v2\/posts\/4329\/revisions"}],"predecessor-version":[{"id":4389,"href":"https:\/\/revistaoeste.com\/esporte\/wp-json\/wp\/v2\/posts\/4329\/revisions\/4389"}],"wp:featuredmedia":[{"embeddable":true,"href":"https:\/\/revistaoeste.com\/esporte\/wp-json\/wp\/v2\/media\/4388"}],"wp:attachment":[{"href":"https:\/\/revistaoeste.com\/esporte\/wp-json\/wp\/v2\/media?parent=4329"}],"wp:term":[{"taxonomy":"category","embeddable":true,"href":"https:\/\/revistaoeste.com\/esporte\/wp-json\/wp\/v2\/categories?post=4329"},{"taxonomy":"post_tag","embeddable":true,"href":"https:\/\/revistaoeste.com\/esporte\/wp-json\/wp\/v2\/tags?post=4329"}],"curies":[{"name":"wp","href":"https:\/\/api.w.org\/{rel}","templated":true}]}}