{"id":5587,"date":"2026-06-13T20:00:00","date_gmt":"2026-06-13T23:00:00","guid":{"rendered":"https:\/\/revistaoeste.com\/esporte\/?p=5587"},"modified":"2026-06-13T17:20:10","modified_gmt":"2026-06-13T20:20:10","slug":"neymar-recebe-apoio-de-famosos-antes-da-estreia-do-brasil-traz-pra-casa","status":"publish","type":"post","link":"https:\/\/revistaoeste.com\/esporte\/neymar-recebe-apoio-de-famosos-antes-da-estreia-do-brasil-traz-pra-casa\/","title":{"rendered":"Neymar recebe apoio de famosos antes da estreia do Brasil: &#8216;Traz pra casa&#8217;"},"content":{"rendered":"\n<p class=\"wp-block-paragraph\">Mesmo fora da estreia da Sele\u00e7\u00e3o Brasileira na Copa do Mundo de 2026, Neymar segue sendo um dos personagens mais comentados do torneio. Neste s\u00e1bado, 13, horas antes do confronto contra Marrocos, o camisa 10 recebeu uma s\u00e9rie de mensagens de apoio de famosos, influenciadores e amigos nas redes sociais.<\/p>\n\n\n\n<p class=\"wp-block-paragraph\"><strong>+ Leia mais not\u00edcias em\u00a0<a href=\"https:\/\/revistaoeste.com\/esporte\/?_route=classifications\">Oeste Esporte<\/a><\/strong><\/p>\n\n\n\n<p class=\"wp-block-paragraph\">Em recupera\u00e7\u00e3o de uma les\u00e3o na panturrilha direita, o atacante n\u00e3o tem condi\u00e7\u00f5es de entrar em campo na primeira partida do Brasil no Mundial. Apesar disso, Neymar est\u00e1 nos Estados Unidos acompanhando a delega\u00e7\u00e3o brasileira e participou da programa\u00e7\u00e3o da equipe antes do duelo de estreia.<\/p>\n\n\n\n<figure class=\"wp-block-image size-large\"><img loading=\"lazy\" decoding=\"async\" width=\"915\" height=\"1024\" src=\"https:\/\/revistaoeste.com\/esporte\/wp-content\/uploads\/2026\/06\/image-915x1024.png\" alt=\"\" class=\"wp-image-5595\" srcset=\"https:\/\/revistaoeste.com\/esporte\/wp-content\/uploads\/2026\/06\/image-915x1024.png 915w, https:\/\/revistaoeste.com\/esporte\/wp-content\/uploads\/2026\/06\/image-268x300.png 268w, https:\/\/revistaoeste.com\/esporte\/wp-content\/uploads\/2026\/06\/image-768x860.png 768w, https:\/\/revistaoeste.com\/esporte\/wp-content\/uploads\/2026\/06\/image.png 1290w\" sizes=\"auto, (max-width: 915px) 100vw, 915px\" \/><\/figure>\n\n\n\n<p class=\"wp-block-paragraph\">Nas redes sociais, diversas celebridades demonstraram apoio ao jogador e \u00e0 Sele\u00e7\u00e3o. Entre as mensagens publicadas, uma das mais repetidas foi o desejo de ver o craque liderando o Brasil rumo ao hexacampeonato. \u201cTraz pra casa\u201d foi uma das frases utilizadas pelos famosos ao incentivar o atacante neste momento de recupera\u00e7\u00e3o.<\/p>\n\n\n\n<figure class=\"wp-block-image size-large\"><img loading=\"lazy\" decoding=\"async\" width=\"897\" height=\"1024\" src=\"https:\/\/revistaoeste.com\/esporte\/wp-content\/uploads\/2026\/06\/image-1-897x1024.png\" alt=\"\" class=\"wp-image-5596\" srcset=\"https:\/\/revistaoeste.com\/esporte\/wp-content\/uploads\/2026\/06\/image-1-897x1024.png 897w, https:\/\/revistaoeste.com\/esporte\/wp-content\/uploads\/2026\/06\/image-1-263x300.png 263w, https:\/\/revistaoeste.com\/esporte\/wp-content\/uploads\/2026\/06\/image-1-768x876.png 768w, https:\/\/revistaoeste.com\/esporte\/wp-content\/uploads\/2026\/06\/image-1.png 1290w\" sizes=\"auto, (max-width: 897px) 100vw, 897px\" \/><\/figure>\n\n\n\n<p class=\"wp-block-paragraph\">O clima de apoio tamb\u00e9m tomou conta da fam\u00edlia do jogador. A influenciadora Bruna Biancardi compartilhou registros das filhas do casal usando camisetas em homenagem a Neymar, refor\u00e7ando a torcida pelo retorno do craque aos gramados durante a Copa do Mundo.<br><strong><br>+Leia mais <a href=\"https:\/\/revistaoeste.com\/esporte\/astro-da-nba-e-preso-por-porte-ilegal-de-arma-nos-estados-unidos\/#google_vignette\">Campe\u00e3o mundial pela Alemanha considera Brasil favorito na Copa 2026<\/a><\/strong><\/p>\n\n\n\n<p class=\"wp-block-paragraph\">Mesmo sem atuar na estreia, Neymar segue como uma das principais esperan\u00e7as da torcida brasileira para o restante da competi\u00e7\u00e3o. O atacante acompanha de perto os trabalhos da equipe comandada por Carlo Ancelotti e continua o processo de recupera\u00e7\u00e3o para ficar \u00e0 disposi\u00e7\u00e3o nas pr\u00f3ximas partidas do Mundial.<\/p>\n","protected":false},"excerpt":{"rendered":"<p>Mesmo fora da estreia da Sele\u00e7\u00e3o Brasileira na Copa do Mundo de 2026, Neymar segue sendo um dos personagens mais comentados do&hellip;<\/p>\n","protected":false},"author":5,"featured_media":3955,"comment_status":"open","ping_status":"open","sticky":false,"template":"","format":"standard","meta":{"footnotes":""},"categories":[3,8],"tags":[34,23,75,39,172,42],"class_list":["post-5587","post","type-post","status-publish","format-standard","has-post-thumbnail","hentry","category-selecao-brasileira","category-ultimas-noticias","tag-brasil","tag-copa-do-mundo","tag-copa-do-mundo-2026","tag-neymar","tag-selecao","tag-selecao-brasileira"],"yoast_head":"<!-- This site is optimized with the Yoast SEO plugin v28.0 - https:\/\/yoast.com\/product\/yoast-seo-wordpress\/ -->\n<title>Neymar recebe apoio de famosos<\/title>\n<meta name=\"description\" content=\"Neymar segue sendo um dos personagens mais comentados do torneio. Neste s\u00e1bado, 13, horas antes do confronto contra Marrocos\" \/>\n<meta name=\"robots\" content=\"index, follow, max-snippet:-1, max-image-preview:large, max-video-preview:-1\" \/>\n<link rel=\"canonical\" href=\"https:\/\/revistaoeste.com\/esporte\/neymar-recebe-apoio-de-famosos-antes-da-estreia-do-brasil-traz-pra-casa\/\" \/>\n<meta property=\"og:locale\" content=\"pt_BR\" \/>\n<meta property=\"og:type\" content=\"article\" \/>\n<meta property=\"og:title\" content=\"Neymar recebe apoio de famosos antes da estreia do Brasil: &#039;Traz pra casa&#039;\" \/>\n<meta property=\"og:description\" content=\"Mesmo fora da estreia da Sele\u00e7\u00e3o Brasileira na Copa do Mundo de 2026, Neymar segue sendo um dos personagens mais comentados do torneio. Neste s\u00e1bado, 13, horas antes do confronto contra Marrocos, o camisa 10 recebeu uma s\u00e9rie de mensagens de apoio de famosos, influenciadores e amigos nas redes sociais.\" \/>\n<meta property=\"og:url\" content=\"https:\/\/revistaoeste.com\/esporte\/neymar-recebe-apoio-de-famosos-antes-da-estreia-do-brasil-traz-pra-casa\/\" \/>\n<meta property=\"og:site_name\" content=\"Oeste Esporte\" \/>\n<meta property=\"article:publisher\" content=\"https:\/\/www.facebook.com\/oesterevista\/\" \/>\n<meta property=\"article:published_time\" content=\"2026-06-13T23:00:00+00:00\" \/>\n<meta property=\"og:image\" content=\"https:\/\/revistaoeste.com\/esporte\/wp-content\/uploads\/2026\/06\/neymar.png\" \/>\n\t<meta property=\"og:image:width\" content=\"637\" \/>\n\t<meta property=\"og:image:height\" content=\"481\" \/>\n\t<meta property=\"og:image:type\" content=\"image\/png\" \/>\n<meta name=\"author\" content=\"Oeste Esporte\" \/>\n<meta name=\"twitter:card\" content=\"summary_large_image\" \/>\n<meta name=\"twitter:title\" content=\"Neymar recebe apoio de famosos antes da estreia do Brasil: &#039;Traz pra casa&#039;\" \/>\n<meta name=\"twitter:description\" content=\"Mesmo fora da estreia da Sele\u00e7\u00e3o Brasileira na Copa do Mundo de 2026, Neymar segue sendo um dos personagens mais comentados do torneio. Neste s\u00e1bado, 13, horas antes do confronto contra Marrocos, o camisa 10 recebeu uma s\u00e9rie de mensagens de apoio de famosos, influenciadores e amigos nas redes sociais.\" \/>\n<meta name=\"twitter:image\" content=\"https:\/\/revistaoeste.com\/esporte\/wp-content\/uploads\/2026\/06\/neymar.png\" \/>\n<meta name=\"twitter:creator\" content=\"@revistaoeste\" \/>\n<meta name=\"twitter:site\" content=\"@revistaoeste\" \/>\n<meta name=\"twitter:label1\" content=\"Escrito por\" \/>\n\t<meta name=\"twitter:data1\" content=\"Oeste Esporte\" \/>\n\t<meta name=\"twitter:label2\" content=\"Est. tempo de leitura\" \/>\n\t<meta name=\"twitter:data2\" content=\"3 minutos\" \/>\n<script type=\"application\/ld+json\" class=\"yoast-schema-graph\">{\"@context\":\"https:\\\/\\\/schema.org\",\"@graph\":[{\"@type\":\"Article\",\"@id\":\"https:\\\/\\\/revistaoeste.com\\\/esporte\\\/neymar-recebe-apoio-de-famosos-antes-da-estreia-do-brasil-traz-pra-casa\\\/#article\",\"isPartOf\":{\"@id\":\"https:\\\/\\\/revistaoeste.com\\\/esporte\\\/neymar-recebe-apoio-de-famosos-antes-da-estreia-do-brasil-traz-pra-casa\\\/\"},\"author\":{\"name\":\"Oeste Esporte\",\"@id\":\"https:\\\/\\\/revistaoeste.com\\\/esporte\\\/#\\\/schema\\\/person\\\/6622e4d5d99a35adf0de88128e8d66a9\"},\"headline\":\"Neymar recebe apoio de famosos antes da estreia do Brasil: &#8216;Traz pra casa&#8217;\",\"datePublished\":\"2026-06-13T23:00:00+00:00\",\"mainEntityOfPage\":{\"@id\":\"https:\\\/\\\/revistaoeste.com\\\/esporte\\\/neymar-recebe-apoio-de-famosos-antes-da-estreia-do-brasil-traz-pra-casa\\\/\"},\"wordCount\":282,\"commentCount\":1,\"publisher\":{\"@id\":\"https:\\\/\\\/revistaoeste.com\\\/esporte\\\/#organization\"},\"image\":{\"@id\":\"https:\\\/\\\/revistaoeste.com\\\/esporte\\\/neymar-recebe-apoio-de-famosos-antes-da-estreia-do-brasil-traz-pra-casa\\\/#primaryimage\"},\"thumbnailUrl\":\"https:\\\/\\\/revistaoeste.com\\\/esporte\\\/wp-content\\\/uploads\\\/2026\\\/06\\\/neymar.png\",\"keywords\":[\"Brasil\",\"Copa do Mundo\",\"Copa do Mundo 2026\",\"Neymar\",\"sele\u00e7\u00e3o\",\"sele\u00e7\u00e3o brasileira\"],\"articleSection\":[\"Sele\u00e7\u00e3o Brasileira\",\"\u00daltimas Not\u00edcias\"],\"inLanguage\":\"pt-BR\",\"potentialAction\":[{\"@type\":\"CommentAction\",\"name\":\"Comment\",\"target\":[\"https:\\\/\\\/revistaoeste.com\\\/esporte\\\/neymar-recebe-apoio-de-famosos-antes-da-estreia-do-brasil-traz-pra-casa\\\/#respond\"]}]},{\"@type\":\"WebPage\",\"@id\":\"https:\\\/\\\/revistaoeste.com\\\/esporte\\\/neymar-recebe-apoio-de-famosos-antes-da-estreia-do-brasil-traz-pra-casa\\\/\",\"url\":\"https:\\\/\\\/revistaoeste.com\\\/esporte\\\/neymar-recebe-apoio-de-famosos-antes-da-estreia-do-brasil-traz-pra-casa\\\/\",\"name\":\"Neymar recebe apoio de famosos\",\"isPartOf\":{\"@id\":\"https:\\\/\\\/revistaoeste.com\\\/esporte\\\/#website\"},\"primaryImageOfPage\":{\"@id\":\"https:\\\/\\\/revistaoeste.com\\\/esporte\\\/neymar-recebe-apoio-de-famosos-antes-da-estreia-do-brasil-traz-pra-casa\\\/#primaryimage\"},\"image\":{\"@id\":\"https:\\\/\\\/revistaoeste.com\\\/esporte\\\/neymar-recebe-apoio-de-famosos-antes-da-estreia-do-brasil-traz-pra-casa\\\/#primaryimage\"},\"thumbnailUrl\":\"https:\\\/\\\/revistaoeste.com\\\/esporte\\\/wp-content\\\/uploads\\\/2026\\\/06\\\/neymar.png\",\"datePublished\":\"2026-06-13T23:00:00+00:00\",\"description\":\"Neymar segue sendo um dos personagens mais comentados do torneio. Neste s\u00e1bado, 13, horas antes do confronto contra Marrocos\",\"breadcrumb\":{\"@id\":\"https:\\\/\\\/revistaoeste.com\\\/esporte\\\/neymar-recebe-apoio-de-famosos-antes-da-estreia-do-brasil-traz-pra-casa\\\/#breadcrumb\"},\"inLanguage\":\"pt-BR\",\"potentialAction\":[{\"@type\":\"ReadAction\",\"target\":[\"https:\\\/\\\/revistaoeste.com\\\/esporte\\\/neymar-recebe-apoio-de-famosos-antes-da-estreia-do-brasil-traz-pra-casa\\\/\"]}]},{\"@type\":\"ImageObject\",\"inLanguage\":\"pt-BR\",\"@id\":\"https:\\\/\\\/revistaoeste.com\\\/esporte\\\/neymar-recebe-apoio-de-famosos-antes-da-estreia-do-brasil-traz-pra-casa\\\/#primaryimage\",\"url\":\"https:\\\/\\\/revistaoeste.com\\\/esporte\\\/wp-content\\\/uploads\\\/2026\\\/06\\\/neymar.png\",\"contentUrl\":\"https:\\\/\\\/revistaoeste.com\\\/esporte\\\/wp-content\\\/uploads\\\/2026\\\/06\\\/neymar.png\",\"width\":637,\"height\":481,\"caption\":\"Neymar busca sua quarta participa\u00e7\u00e3o em Copas | Reprodu\u00e7\u00e3o\\\/Fifa\"},{\"@type\":\"BreadcrumbList\",\"@id\":\"https:\\\/\\\/revistaoeste.com\\\/esporte\\\/neymar-recebe-apoio-de-famosos-antes-da-estreia-do-brasil-traz-pra-casa\\\/#breadcrumb\",\"itemListElement\":[{\"@type\":\"ListItem\",\"position\":1,\"name\":\"In\u00edcio\",\"item\":\"https:\\\/\\\/revistaoeste.com\\\/esporte\\\/\"},{\"@type\":\"ListItem\",\"position\":2,\"name\":\"Neymar recebe apoio de famosos antes da estreia do Brasil: &#8216;Traz pra casa&#8217;\"}]},{\"@type\":\"WebSite\",\"@id\":\"https:\\\/\\\/revistaoeste.com\\\/esporte\\\/#website\",\"url\":\"https:\\\/\\\/revistaoeste.com\\\/esporte\\\/\",\"name\":\"Oeste Esporte\",\"description\":\"Copa sem Firula\",\"publisher\":{\"@id\":\"https:\\\/\\\/revistaoeste.com\\\/esporte\\\/#organization\"},\"potentialAction\":[{\"@type\":\"SearchAction\",\"target\":{\"@type\":\"EntryPoint\",\"urlTemplate\":\"https:\\\/\\\/revistaoeste.com\\\/esporte\\\/?s={search_term_string}\"},\"query-input\":{\"@type\":\"PropertyValueSpecification\",\"valueRequired\":true,\"valueName\":\"search_term_string\"}}],\"inLanguage\":\"pt-BR\"},{\"@type\":\"Organization\",\"@id\":\"https:\\\/\\\/revistaoeste.com\\\/esporte\\\/#organization\",\"name\":\"Oeste Esporte\",\"url\":\"https:\\\/\\\/revistaoeste.com\\\/esporte\\\/\",\"logo\":{\"@type\":\"ImageObject\",\"inLanguage\":\"pt-BR\",\"@id\":\"https:\\\/\\\/revistaoeste.com\\\/esporte\\\/#\\\/schema\\\/logo\\\/image\\\/\",\"url\":\"https:\\\/\\\/revistaoeste.com\\\/esporte\\\/wp-content\\\/uploads\\\/2026\\\/03\\\/avatar.jpg\",\"contentUrl\":\"https:\\\/\\\/revistaoeste.com\\\/esporte\\\/wp-content\\\/uploads\\\/2026\\\/03\\\/avatar.jpg\",\"width\":500,\"height\":500,\"caption\":\"Oeste Esporte\"},\"image\":{\"@id\":\"https:\\\/\\\/revistaoeste.com\\\/esporte\\\/#\\\/schema\\\/logo\\\/image\\\/\"},\"sameAs\":[\"https:\\\/\\\/www.facebook.com\\\/oesterevista\\\/\",\"https:\\\/\\\/x.com\\\/revistaoeste\",\"https:\\\/\\\/www.youtube.com\\\/@OesteEsporte\",\"https:\\\/\\\/www.instagram.com\\\/revistaoeste\\\/\"]},{\"@type\":\"Person\",\"@id\":\"https:\\\/\\\/revistaoeste.com\\\/esporte\\\/#\\\/schema\\\/person\\\/6622e4d5d99a35adf0de88128e8d66a9\",\"name\":\"Oeste Esporte\",\"image\":{\"@type\":\"ImageObject\",\"inLanguage\":\"pt-BR\",\"@id\":\"https:\\\/\\\/secure.gravatar.com\\\/avatar\\\/8a2c5501fe5eb922c6c1838ad6a759fe758ecb18b48e36083e67f353c16e08ac?s=96&d=mm&r=g\",\"url\":\"https:\\\/\\\/secure.gravatar.com\\\/avatar\\\/8a2c5501fe5eb922c6c1838ad6a759fe758ecb18b48e36083e67f353c16e08ac?s=96&d=mm&r=g\",\"contentUrl\":\"https:\\\/\\\/secure.gravatar.com\\\/avatar\\\/8a2c5501fe5eb922c6c1838ad6a759fe758ecb18b48e36083e67f353c16e08ac?s=96&d=mm&r=g\",\"caption\":\"Oeste Esporte\"},\"url\":\"https:\\\/\\\/revistaoeste.com\\\/esporte\\\/author\\\/felipebellirevistaoeste-com\\\/\"}]}<\/script>\n<!-- \/ Yoast SEO plugin. -->","yoast_head_json":{"title":"Neymar recebe apoio de famosos","description":"Neymar segue sendo um dos personagens mais comentados do torneio. Neste s\u00e1bado, 13, horas antes do confronto contra Marrocos","robots":{"index":"index","follow":"follow","max-snippet":"max-snippet:-1","max-image-preview":"max-image-preview:large","max-video-preview":"max-video-preview:-1"},"canonical":"https:\/\/revistaoeste.com\/esporte\/neymar-recebe-apoio-de-famosos-antes-da-estreia-do-brasil-traz-pra-casa\/","og_locale":"pt_BR","og_type":"article","og_title":"Neymar recebe apoio de famosos antes da estreia do Brasil: 'Traz pra casa'","og_description":"Mesmo fora da estreia da Sele\u00e7\u00e3o Brasileira na Copa do Mundo de 2026, Neymar segue sendo um dos personagens mais comentados do torneio. Neste s\u00e1bado, 13, horas antes do confronto contra Marrocos, o camisa 10 recebeu uma s\u00e9rie de mensagens de apoio de famosos, influenciadores e amigos nas redes sociais.","og_url":"https:\/\/revistaoeste.com\/esporte\/neymar-recebe-apoio-de-famosos-antes-da-estreia-do-brasil-traz-pra-casa\/","og_site_name":"Oeste Esporte","article_publisher":"https:\/\/www.facebook.com\/oesterevista\/","article_published_time":"2026-06-13T23:00:00+00:00","og_image":[{"width":637,"height":481,"url":"https:\/\/revistaoeste.com\/esporte\/wp-content\/uploads\/2026\/06\/neymar.png","type":"image\/png"}],"author":"Oeste Esporte","twitter_card":"summary_large_image","twitter_title":"Neymar recebe apoio de famosos antes da estreia do Brasil: 'Traz pra casa'","twitter_description":"Mesmo fora da estreia da Sele\u00e7\u00e3o Brasileira na Copa do Mundo de 2026, Neymar segue sendo um dos personagens mais comentados do torneio. Neste s\u00e1bado, 13, horas antes do confronto contra Marrocos, o camisa 10 recebeu uma s\u00e9rie de mensagens de apoio de famosos, influenciadores e amigos nas redes sociais.","twitter_image":"https:\/\/revistaoeste.com\/esporte\/wp-content\/uploads\/2026\/06\/neymar.png","twitter_creator":"@revistaoeste","twitter_site":"@revistaoeste","twitter_misc":{"Escrito por":"Oeste Esporte","Est. tempo de leitura":"3 minutos"},"schema":{"@context":"https:\/\/schema.org","@graph":[{"@type":"Article","@id":"https:\/\/revistaoeste.com\/esporte\/neymar-recebe-apoio-de-famosos-antes-da-estreia-do-brasil-traz-pra-casa\/#article","isPartOf":{"@id":"https:\/\/revistaoeste.com\/esporte\/neymar-recebe-apoio-de-famosos-antes-da-estreia-do-brasil-traz-pra-casa\/"},"author":{"name":"Oeste Esporte","@id":"https:\/\/revistaoeste.com\/esporte\/#\/schema\/person\/6622e4d5d99a35adf0de88128e8d66a9"},"headline":"Neymar recebe apoio de famosos antes da estreia do Brasil: &#8216;Traz pra casa&#8217;","datePublished":"2026-06-13T23:00:00+00:00","mainEntityOfPage":{"@id":"https:\/\/revistaoeste.com\/esporte\/neymar-recebe-apoio-de-famosos-antes-da-estreia-do-brasil-traz-pra-casa\/"},"wordCount":282,"commentCount":1,"publisher":{"@id":"https:\/\/revistaoeste.com\/esporte\/#organization"},"image":{"@id":"https:\/\/revistaoeste.com\/esporte\/neymar-recebe-apoio-de-famosos-antes-da-estreia-do-brasil-traz-pra-casa\/#primaryimage"},"thumbnailUrl":"https:\/\/revistaoeste.com\/esporte\/wp-content\/uploads\/2026\/06\/neymar.png","keywords":["Brasil","Copa do Mundo","Copa do Mundo 2026","Neymar","sele\u00e7\u00e3o","sele\u00e7\u00e3o brasileira"],"articleSection":["Sele\u00e7\u00e3o Brasileira","\u00daltimas Not\u00edcias"],"inLanguage":"pt-BR","potentialAction":[{"@type":"CommentAction","name":"Comment","target":["https:\/\/revistaoeste.com\/esporte\/neymar-recebe-apoio-de-famosos-antes-da-estreia-do-brasil-traz-pra-casa\/#respond"]}]},{"@type":"WebPage","@id":"https:\/\/revistaoeste.com\/esporte\/neymar-recebe-apoio-de-famosos-antes-da-estreia-do-brasil-traz-pra-casa\/","url":"https:\/\/revistaoeste.com\/esporte\/neymar-recebe-apoio-de-famosos-antes-da-estreia-do-brasil-traz-pra-casa\/","name":"Neymar recebe apoio de famosos","isPartOf":{"@id":"https:\/\/revistaoeste.com\/esporte\/#website"},"primaryImageOfPage":{"@id":"https:\/\/revistaoeste.com\/esporte\/neymar-recebe-apoio-de-famosos-antes-da-estreia-do-brasil-traz-pra-casa\/#primaryimage"},"image":{"@id":"https:\/\/revistaoeste.com\/esporte\/neymar-recebe-apoio-de-famosos-antes-da-estreia-do-brasil-traz-pra-casa\/#primaryimage"},"thumbnailUrl":"https:\/\/revistaoeste.com\/esporte\/wp-content\/uploads\/2026\/06\/neymar.png","datePublished":"2026-06-13T23:00:00+00:00","description":"Neymar segue sendo um dos personagens mais comentados do torneio. Neste s\u00e1bado, 13, horas antes do confronto contra Marrocos","breadcrumb":{"@id":"https:\/\/revistaoeste.com\/esporte\/neymar-recebe-apoio-de-famosos-antes-da-estreia-do-brasil-traz-pra-casa\/#breadcrumb"},"inLanguage":"pt-BR","potentialAction":[{"@type":"ReadAction","target":["https:\/\/revistaoeste.com\/esporte\/neymar-recebe-apoio-de-famosos-antes-da-estreia-do-brasil-traz-pra-casa\/"]}]},{"@type":"ImageObject","inLanguage":"pt-BR","@id":"https:\/\/revistaoeste.com\/esporte\/neymar-recebe-apoio-de-famosos-antes-da-estreia-do-brasil-traz-pra-casa\/#primaryimage","url":"https:\/\/revistaoeste.com\/esporte\/wp-content\/uploads\/2026\/06\/neymar.png","contentUrl":"https:\/\/revistaoeste.com\/esporte\/wp-content\/uploads\/2026\/06\/neymar.png","width":637,"height":481,"caption":"Neymar busca sua quarta participa\u00e7\u00e3o em Copas | Reprodu\u00e7\u00e3o\/Fifa"},{"@type":"BreadcrumbList","@id":"https:\/\/revistaoeste.com\/esporte\/neymar-recebe-apoio-de-famosos-antes-da-estreia-do-brasil-traz-pra-casa\/#breadcrumb","itemListElement":[{"@type":"ListItem","position":1,"name":"In\u00edcio","item":"https:\/\/revistaoeste.com\/esporte\/"},{"@type":"ListItem","position":2,"name":"Neymar recebe apoio de famosos antes da estreia do Brasil: &#8216;Traz pra casa&#8217;"}]},{"@type":"WebSite","@id":"https:\/\/revistaoeste.com\/esporte\/#website","url":"https:\/\/revistaoeste.com\/esporte\/","name":"Oeste Esporte","description":"Copa sem Firula","publisher":{"@id":"https:\/\/revistaoeste.com\/esporte\/#organization"},"potentialAction":[{"@type":"SearchAction","target":{"@type":"EntryPoint","urlTemplate":"https:\/\/revistaoeste.com\/esporte\/?s={search_term_string}"},"query-input":{"@type":"PropertyValueSpecification","valueRequired":true,"valueName":"search_term_string"}}],"inLanguage":"pt-BR"},{"@type":"Organization","@id":"https:\/\/revistaoeste.com\/esporte\/#organization","name":"Oeste Esporte","url":"https:\/\/revistaoeste.com\/esporte\/","logo":{"@type":"ImageObject","inLanguage":"pt-BR","@id":"https:\/\/revistaoeste.com\/esporte\/#\/schema\/logo\/image\/","url":"https:\/\/revistaoeste.com\/esporte\/wp-content\/uploads\/2026\/03\/avatar.jpg","contentUrl":"https:\/\/revistaoeste.com\/esporte\/wp-content\/uploads\/2026\/03\/avatar.jpg","width":500,"height":500,"caption":"Oeste Esporte"},"image":{"@id":"https:\/\/revistaoeste.com\/esporte\/#\/schema\/logo\/image\/"},"sameAs":["https:\/\/www.facebook.com\/oesterevista\/","https:\/\/x.com\/revistaoeste","https:\/\/www.youtube.com\/@OesteEsporte","https:\/\/www.instagram.com\/revistaoeste\/"]},{"@type":"Person","@id":"https:\/\/revistaoeste.com\/esporte\/#\/schema\/person\/6622e4d5d99a35adf0de88128e8d66a9","name":"Oeste Esporte","image":{"@type":"ImageObject","inLanguage":"pt-BR","@id":"https:\/\/secure.gravatar.com\/avatar\/8a2c5501fe5eb922c6c1838ad6a759fe758ecb18b48e36083e67f353c16e08ac?s=96&d=mm&r=g","url":"https:\/\/secure.gravatar.com\/avatar\/8a2c5501fe5eb922c6c1838ad6a759fe758ecb18b48e36083e67f353c16e08ac?s=96&d=mm&r=g","contentUrl":"https:\/\/secure.gravatar.com\/avatar\/8a2c5501fe5eb922c6c1838ad6a759fe758ecb18b48e36083e67f353c16e08ac?s=96&d=mm&r=g","caption":"Oeste Esporte"},"url":"https:\/\/revistaoeste.com\/esporte\/author\/felipebellirevistaoeste-com\/"}]}},"_links":{"self":[{"href":"https:\/\/revistaoeste.com\/esporte\/wp-json\/wp\/v2\/posts\/5587","targetHints":{"allow":["GET"]}}],"collection":[{"href":"https:\/\/revistaoeste.com\/esporte\/wp-json\/wp\/v2\/posts"}],"about":[{"href":"https:\/\/revistaoeste.com\/esporte\/wp-json\/wp\/v2\/types\/post"}],"author":[{"embeddable":true,"href":"https:\/\/revistaoeste.com\/esporte\/wp-json\/wp\/v2\/users\/5"}],"replies":[{"embeddable":true,"href":"https:\/\/revistaoeste.com\/esporte\/wp-json\/wp\/v2\/comments?post=5587"}],"version-history":[{"count":1,"href":"https:\/\/revistaoeste.com\/esporte\/wp-json\/wp\/v2\/posts\/5587\/revisions"}],"predecessor-version":[{"id":5598,"href":"https:\/\/revistaoeste.com\/esporte\/wp-json\/wp\/v2\/posts\/5587\/revisions\/5598"}],"wp:featuredmedia":[{"embeddable":true,"href":"https:\/\/revistaoeste.com\/esporte\/wp-json\/wp\/v2\/media\/3955"}],"wp:attachment":[{"href":"https:\/\/revistaoeste.com\/esporte\/wp-json\/wp\/v2\/media?parent=5587"}],"wp:term":[{"taxonomy":"category","embeddable":true,"href":"https:\/\/revistaoeste.com\/esporte\/wp-json\/wp\/v2\/categories?post=5587"},{"taxonomy":"post_tag","embeddable":true,"href":"https:\/\/revistaoeste.com\/esporte\/wp-json\/wp\/v2\/tags?post=5587"}],"curies":[{"name":"wp","href":"https:\/\/api.w.org\/{rel}","templated":true}]}}