{"id":6713,"date":"2026-06-18T18:07:48","date_gmt":"2026-06-18T21:07:48","guid":{"rendered":"https:\/\/revistaoeste.com\/esporte\/?p=6713"},"modified":"2026-06-18T18:21:05","modified_gmt":"2026-06-18T21:21:05","slug":"suica-cresce-no-segundo-tempo-goleia-a-bosnia-e-assume-a-lideranca-do-grupo-b","status":"publish","type":"post","link":"https:\/\/revistaoeste.com\/esporte\/suica-cresce-no-segundo-tempo-goleia-a-bosnia-e-assume-a-lideranca-do-grupo-b\/","title":{"rendered":"Su\u00ed\u00e7a cresce no segundo tempo, goleia a B\u00f3snia e assume a lideran\u00e7a do Grupo B"},"content":{"rendered":"\n<p class=\"wp-block-paragraph\">A Su\u00ed\u00e7a conquistou sua primeira vit\u00f3ria na Copa do Mundo de 2026 ao derrotar a B\u00f3snia por 4 a 1 nesta quinta-feira, 18, pela segunda rodada do Grupo B. Depois de um primeiro tempo equilibrado e sem gols, os su\u00ed\u00e7os aproveitaram a superioridade num\u00e9rica na reta final para construir uma goleada e assumir a lideran\u00e7a da chave.<\/p>\n\n\n\n<p class=\"wp-block-paragraph\"><strong><strong>+ Leia mais not\u00edcias de\u00a0<a href=\"https:\/\/revistaoeste.com\/esporte\/?_route=classifications\">Oeste Esporte<\/a><\/strong><\/strong><\/p>\n\n\n\n<p class=\"wp-block-paragraph\">A equipe comandada por Murat Yakin teve mais posse de bola desde os minutos iniciais, mas encontrou dificuldades para transformar o dom\u00ednio em chances claras. A melhor oportunidade da primeira etapa foi criada por Ndoye, que apareceu livre na \u00e1rea e finalizou para fora. A B\u00f3snia, por sua vez, apostou nos contra-ataques e assustou apenas aos 37 minutos, quando Memic finalizou da entrada da \u00e1rea para defesa tranquila de Kobel.<\/p>\n\n\n\n<p class=\"wp-block-paragraph\">O panorama da partida permaneceu parecido no segundo tempo. A Su\u00ed\u00e7a seguiu pressionando e quase abriu o placar aos 10 minutos, quando Ndoye acertou uma bonita bicicleta depois de cruzamento de Xhaka, mas o lance acabou anulado por impedimento.<\/p>\n\n\n\n<p class=\"wp-block-paragraph\">O gol finalmente saiu aos 28 minutos. Vargas avan\u00e7ou pela esquerda e cruzou para a \u00e1rea. Depois da tentativa de corte da defesa b\u00f3snia, a bola sobrou para Manzambi, que finalizou para abrir o placar.<\/p>\n\n\n\n<p class=\"wp-block-paragraph\">A situa\u00e7\u00e3o da B\u00f3snia ficou ainda mais complicada pouco depois, quando o zagueiro Muharemovic foi expulso depois de cometer falta em Embolo na entrada da \u00e1rea. Com um jogador a mais, a Su\u00ed\u00e7a aproveitou os espa\u00e7os e ampliou a vantagem com Vargas, que recebeu passe de Embolo e bateu rasteiro no canto.<\/p>\n\n\n\n<p class=\"wp-block-paragraph\"><strong>+Leia mais <a href=\"https:\/\/revistaoeste.com\/esporte\/noel-gallagher-do-oasis-aposta-em-brasil-x-argentina-na-final-da-copa\/#google_vignette\">Noel Gallagher do Oasis aposta em Brasil x Argentina na final da Copa<\/a><\/strong><\/p>\n\n\n\n<p class=\"wp-block-paragraph\">J\u00e1 nos minutos finais, Vargas voltou a aparecer pela esquerda e encontrou Manzambi livre para marcar seu segundo gol na partida. A B\u00f3snia ainda descontou em lance de bola parada com Mahmic, mas n\u00e3o teve for\u00e7as para reagir. No \u00faltimo lance do jogo, Xhaka converteu cobran\u00e7a de p\u00eanalti e fechou a goleada su\u00ed\u00e7a por 4 a 1.<\/p>\n\n\n\n<p class=\"wp-block-paragraph\">Com o resultado, a Su\u00ed\u00e7a chega a quatro pontos e assume a lideran\u00e7a do Grupo B, enquanto a B\u00f3snia permanece com um ponto e v\u00ea a classifica\u00e7\u00e3o para as oitavas de final ficar mais complicada.<\/p>\n\n\n\n<h2 class=\"wp-block-heading\">Ficha Tecnica<\/h2>\n\n\n\n<p class=\"wp-block-paragraph\"><strong>Su\u00ed\u00e7a 4 x 1 B\u00f3snia e Herzegovina<\/strong><br><strong><br><\/strong>Copa do Mundo \u2013 Grupo B<br><br><strong>Data:\u00a0<\/strong>18 de junho de 2026<br><strong>Local:<\/strong> SoFi Stadium, Los Angeles, Calif\u00f3rnia (Estados Unidos)<br><strong>\u00c1rbitro:<\/strong> Jo\u00e3o Pinheiro (Portugal)<br><strong>Cart\u00f5es amarelos<\/strong>: Dedic 14&#8217;\/2\u00b0T e Dzeko 16&#8217;\/2\u00b0T (Bosnia) Elvedi 20&#8217;\/2\u00b0T (Sui\u00e7a)<br><strong>Cart\u00e3o vermelho:<\/strong> Muharemovic 80&#8217;\/2\u00b0T (Bosnia)<br><strong>Gols<\/strong>: Manzambi 28\/2\u00b0T&#8217; e 44&#8217;\/ 2\u00baT, Vargas 38&#8217;\/2\u00baT e Xhaka 51&#8217;\/2\u00baT (Sui\u00e7a) Mahmic 48&#8217;\/2\u00baT (B\u00f3snia e Herzegovina)<\/p>\n\n\n\n<p class=\"wp-block-paragraph\"><strong>SU\u00cd\u00c7A:<\/strong> Gregor Kobel; Silvan Widmer (Jaquez 41&#8217;\/2\u00baT), Nico Elvedi, Manuel Akanji e Ricardo Rodriguez; Michel Aebischer (Sow 25&#8217;\/2\u00baT), Granit Xhaka e Remo Freuler; Dan Ndoye (Manzambi 25&#8217;\/2\u00baT), Breel Embolo (Itten 44&#8217;\/2\u00baT) e Fabian Rieder (Vargas 25&#8217;\/2\u00baT) <strong>T\u00e9cnico<\/strong>: Murat Yakin<\/p>\n\n\n\n<p class=\"wp-block-paragraph\"><strong>B\u00f3snia e Herzegovina<\/strong>: Nikola Vasilj; Amar Dedic, Nikola Katic, Tarik Muharemovic e Sead Kolasinac; Ivan Sunjic (Hadziahmetovic 40&#8217;\/2\u00baT), Benjamin Tahirovic (Basic 18&#8217;\/2\u00b0T), Kerim Alajbegovic (Mahmic 45&#8217;\/2\u00baT) e Amar Memic; Ermedin Demirovic (Lukic 40&#8217;\/2\u00baT) e Edin Dzeko (Bajraktarevic 18&#8217;\/2\u00b0T). <strong>T\u00e9cnico<\/strong>: Sergej Barbarez<\/p>\n\n\n\n<p class=\"wp-block-paragraph\"><\/p>\n","protected":false},"excerpt":{"rendered":"<p>A Su\u00ed\u00e7a conquistou sua primeira vit\u00f3ria na Copa do Mundo de 2026 ao derrotar a B\u00f3snia por 4 a 1 nesta quinta-feira,&hellip;<\/p>\n","protected":false},"author":5,"featured_media":6714,"comment_status":"open","ping_status":"open","sticky":false,"template":"","format":"standard","meta":{"footnotes":""},"categories":[8],"tags":[110,2638,23,75,44,29,2276],"class_list":["post-6713","post","type-post","status-publish","format-standard","has-post-thumbnail","hentry","category-ultimas-noticias","tag-110","tag-bosnia-hezergovina","tag-copa-do-mundo","tag-copa-do-mundo-2026","tag-fifa","tag-futebol","tag-suica-2"],"yoast_head":"<!-- This site is optimized with the Yoast SEO plugin v28.0 - https:\/\/yoast.com\/product\/yoast-seo-wordpress\/ -->\n<title>Su\u00ed\u00e7a goleia a B\u00f3snia e assume a lideran\u00e7a do Grupo B<\/title>\n<meta name=\"description\" content=\"epois de um primeiro tempo equilibrado e sem gols, os su\u00ed\u00e7os aproveitaram a superioridade num\u00e9rica na reta final para construir uma goleada e assumir a lideran\u00e7a da chave.\" \/>\n<meta name=\"robots\" content=\"index, follow, max-snippet:-1, max-image-preview:large, max-video-preview:-1\" \/>\n<link rel=\"canonical\" href=\"https:\/\/revistaoeste.com\/esporte\/suica-cresce-no-segundo-tempo-goleia-a-bosnia-e-assume-a-lideranca-do-grupo-b\/\" \/>\n<meta property=\"og:locale\" content=\"pt_BR\" \/>\n<meta property=\"og:type\" content=\"article\" \/>\n<meta property=\"og:title\" content=\"Su\u00ed\u00e7a goleia a B\u00f3snia e assume a lideran\u00e7a do Grupo B\" \/>\n<meta property=\"og:description\" content=\"epois de um primeiro tempo equilibrado e sem gols, os su\u00ed\u00e7os aproveitaram a superioridade num\u00e9rica na reta final para construir uma goleada e assumir a lideran\u00e7a da chave.\" \/>\n<meta property=\"og:url\" content=\"https:\/\/revistaoeste.com\/esporte\/suica-cresce-no-segundo-tempo-goleia-a-bosnia-e-assume-a-lideranca-do-grupo-b\/\" \/>\n<meta property=\"og:site_name\" content=\"Oeste Esporte\" \/>\n<meta property=\"article:publisher\" content=\"https:\/\/www.facebook.com\/oesterevista\/\" \/>\n<meta property=\"article:published_time\" content=\"2026-06-18T21:07:48+00:00\" \/>\n<meta property=\"article:modified_time\" content=\"2026-06-18T21:21:05+00:00\" \/>\n<meta property=\"og:image\" content=\"https:\/\/revistaoeste.com\/esporte\/wp-content\/uploads\/2026\/06\/Suica-x-Bosnia.png\" \/>\n\t<meta property=\"og:image:width\" content=\"639\" \/>\n\t<meta property=\"og:image:height\" content=\"489\" \/>\n\t<meta property=\"og:image:type\" content=\"image\/png\" \/>\n<meta name=\"author\" content=\"Oeste Esporte\" \/>\n<meta name=\"twitter:card\" content=\"summary_large_image\" \/>\n<meta name=\"twitter:creator\" content=\"@revistaoeste\" \/>\n<meta name=\"twitter:site\" content=\"@revistaoeste\" \/>\n<meta name=\"twitter:label1\" content=\"Escrito por\" \/>\n\t<meta name=\"twitter:data1\" content=\"Oeste Esporte\" \/>\n\t<meta name=\"twitter:label2\" content=\"Est. tempo de leitura\" \/>\n\t<meta name=\"twitter:data2\" content=\"4 minutos\" \/>\n<script type=\"application\/ld+json\" class=\"yoast-schema-graph\">{\"@context\":\"https:\\\/\\\/schema.org\",\"@graph\":[{\"@type\":\"Article\",\"@id\":\"https:\\\/\\\/revistaoeste.com\\\/esporte\\\/suica-cresce-no-segundo-tempo-goleia-a-bosnia-e-assume-a-lideranca-do-grupo-b\\\/#article\",\"isPartOf\":{\"@id\":\"https:\\\/\\\/revistaoeste.com\\\/esporte\\\/suica-cresce-no-segundo-tempo-goleia-a-bosnia-e-assume-a-lideranca-do-grupo-b\\\/\"},\"author\":{\"name\":\"Oeste Esporte\",\"@id\":\"https:\\\/\\\/revistaoeste.com\\\/esporte\\\/#\\\/schema\\\/person\\\/6622e4d5d99a35adf0de88128e8d66a9\"},\"headline\":\"Su\u00ed\u00e7a cresce no segundo tempo, goleia a B\u00f3snia e assume a lideran\u00e7a do Grupo B\",\"datePublished\":\"2026-06-18T21:07:48+00:00\",\"dateModified\":\"2026-06-18T21:21:05+00:00\",\"mainEntityOfPage\":{\"@id\":\"https:\\\/\\\/revistaoeste.com\\\/esporte\\\/suica-cresce-no-segundo-tempo-goleia-a-bosnia-e-assume-a-lideranca-do-grupo-b\\\/\"},\"wordCount\":554,\"commentCount\":0,\"publisher\":{\"@id\":\"https:\\\/\\\/revistaoeste.com\\\/esporte\\\/#organization\"},\"image\":{\"@id\":\"https:\\\/\\\/revistaoeste.com\\\/esporte\\\/suica-cresce-no-segundo-tempo-goleia-a-bosnia-e-assume-a-lideranca-do-grupo-b\\\/#primaryimage\"},\"thumbnailUrl\":\"https:\\\/\\\/revistaoeste.com\\\/esporte\\\/wp-content\\\/uploads\\\/2026\\\/06\\\/Suica-x-Bosnia.png\",\"keywords\":[\"2026\",\"bosnia hezergovina\",\"Copa do Mundo\",\"Copa do Mundo 2026\",\"FIFA\",\"futebol\",\"sui\u00e7a\"],\"articleSection\":[\"\u00daltimas Not\u00edcias\"],\"inLanguage\":\"pt-BR\",\"potentialAction\":[{\"@type\":\"CommentAction\",\"name\":\"Comment\",\"target\":[\"https:\\\/\\\/revistaoeste.com\\\/esporte\\\/suica-cresce-no-segundo-tempo-goleia-a-bosnia-e-assume-a-lideranca-do-grupo-b\\\/#respond\"]}]},{\"@type\":\"WebPage\",\"@id\":\"https:\\\/\\\/revistaoeste.com\\\/esporte\\\/suica-cresce-no-segundo-tempo-goleia-a-bosnia-e-assume-a-lideranca-do-grupo-b\\\/\",\"url\":\"https:\\\/\\\/revistaoeste.com\\\/esporte\\\/suica-cresce-no-segundo-tempo-goleia-a-bosnia-e-assume-a-lideranca-do-grupo-b\\\/\",\"name\":\"Su\u00ed\u00e7a goleia a B\u00f3snia e assume a lideran\u00e7a do Grupo B\",\"isPartOf\":{\"@id\":\"https:\\\/\\\/revistaoeste.com\\\/esporte\\\/#website\"},\"primaryImageOfPage\":{\"@id\":\"https:\\\/\\\/revistaoeste.com\\\/esporte\\\/suica-cresce-no-segundo-tempo-goleia-a-bosnia-e-assume-a-lideranca-do-grupo-b\\\/#primaryimage\"},\"image\":{\"@id\":\"https:\\\/\\\/revistaoeste.com\\\/esporte\\\/suica-cresce-no-segundo-tempo-goleia-a-bosnia-e-assume-a-lideranca-do-grupo-b\\\/#primaryimage\"},\"thumbnailUrl\":\"https:\\\/\\\/revistaoeste.com\\\/esporte\\\/wp-content\\\/uploads\\\/2026\\\/06\\\/Suica-x-Bosnia.png\",\"datePublished\":\"2026-06-18T21:07:48+00:00\",\"dateModified\":\"2026-06-18T21:21:05+00:00\",\"description\":\"epois de um primeiro tempo equilibrado e sem gols, os su\u00ed\u00e7os aproveitaram a superioridade num\u00e9rica na reta final para construir uma goleada e assumir a lideran\u00e7a da chave.\",\"breadcrumb\":{\"@id\":\"https:\\\/\\\/revistaoeste.com\\\/esporte\\\/suica-cresce-no-segundo-tempo-goleia-a-bosnia-e-assume-a-lideranca-do-grupo-b\\\/#breadcrumb\"},\"inLanguage\":\"pt-BR\",\"potentialAction\":[{\"@type\":\"ReadAction\",\"target\":[\"https:\\\/\\\/revistaoeste.com\\\/esporte\\\/suica-cresce-no-segundo-tempo-goleia-a-bosnia-e-assume-a-lideranca-do-grupo-b\\\/\"]}]},{\"@type\":\"ImageObject\",\"inLanguage\":\"pt-BR\",\"@id\":\"https:\\\/\\\/revistaoeste.com\\\/esporte\\\/suica-cresce-no-segundo-tempo-goleia-a-bosnia-e-assume-a-lideranca-do-grupo-b\\\/#primaryimage\",\"url\":\"https:\\\/\\\/revistaoeste.com\\\/esporte\\\/wp-content\\\/uploads\\\/2026\\\/06\\\/Suica-x-Bosnia.png\",\"contentUrl\":\"https:\\\/\\\/revistaoeste.com\\\/esporte\\\/wp-content\\\/uploads\\\/2026\\\/06\\\/Suica-x-Bosnia.png\",\"width\":639,\"height\":489,\"caption\":\"Sui\u00e7a atropela Bosnia e encaminha classifica\u00e7\u00e3o para pr\u00f3xima fase | Foto: Reprodu\u00e7\u00e3o\"},{\"@type\":\"BreadcrumbList\",\"@id\":\"https:\\\/\\\/revistaoeste.com\\\/esporte\\\/suica-cresce-no-segundo-tempo-goleia-a-bosnia-e-assume-a-lideranca-do-grupo-b\\\/#breadcrumb\",\"itemListElement\":[{\"@type\":\"ListItem\",\"position\":1,\"name\":\"In\u00edcio\",\"item\":\"https:\\\/\\\/revistaoeste.com\\\/esporte\\\/\"},{\"@type\":\"ListItem\",\"position\":2,\"name\":\"Su\u00ed\u00e7a cresce no segundo tempo, goleia a B\u00f3snia e assume a lideran\u00e7a do Grupo B\"}]},{\"@type\":\"WebSite\",\"@id\":\"https:\\\/\\\/revistaoeste.com\\\/esporte\\\/#website\",\"url\":\"https:\\\/\\\/revistaoeste.com\\\/esporte\\\/\",\"name\":\"Oeste Esporte\",\"description\":\"Copa sem Firula\",\"publisher\":{\"@id\":\"https:\\\/\\\/revistaoeste.com\\\/esporte\\\/#organization\"},\"potentialAction\":[{\"@type\":\"SearchAction\",\"target\":{\"@type\":\"EntryPoint\",\"urlTemplate\":\"https:\\\/\\\/revistaoeste.com\\\/esporte\\\/?s={search_term_string}\"},\"query-input\":{\"@type\":\"PropertyValueSpecification\",\"valueRequired\":true,\"valueName\":\"search_term_string\"}}],\"inLanguage\":\"pt-BR\"},{\"@type\":\"Organization\",\"@id\":\"https:\\\/\\\/revistaoeste.com\\\/esporte\\\/#organization\",\"name\":\"Oeste Esporte\",\"url\":\"https:\\\/\\\/revistaoeste.com\\\/esporte\\\/\",\"logo\":{\"@type\":\"ImageObject\",\"inLanguage\":\"pt-BR\",\"@id\":\"https:\\\/\\\/revistaoeste.com\\\/esporte\\\/#\\\/schema\\\/logo\\\/image\\\/\",\"url\":\"https:\\\/\\\/revistaoeste.com\\\/esporte\\\/wp-content\\\/uploads\\\/2026\\\/03\\\/avatar.jpg\",\"contentUrl\":\"https:\\\/\\\/revistaoeste.com\\\/esporte\\\/wp-content\\\/uploads\\\/2026\\\/03\\\/avatar.jpg\",\"width\":500,\"height\":500,\"caption\":\"Oeste Esporte\"},\"image\":{\"@id\":\"https:\\\/\\\/revistaoeste.com\\\/esporte\\\/#\\\/schema\\\/logo\\\/image\\\/\"},\"sameAs\":[\"https:\\\/\\\/www.facebook.com\\\/oesterevista\\\/\",\"https:\\\/\\\/x.com\\\/revistaoeste\",\"https:\\\/\\\/www.youtube.com\\\/@OesteEsporte\",\"https:\\\/\\\/www.instagram.com\\\/revistaoeste\\\/\"]},{\"@type\":\"Person\",\"@id\":\"https:\\\/\\\/revistaoeste.com\\\/esporte\\\/#\\\/schema\\\/person\\\/6622e4d5d99a35adf0de88128e8d66a9\",\"name\":\"Oeste Esporte\",\"image\":{\"@type\":\"ImageObject\",\"inLanguage\":\"pt-BR\",\"@id\":\"https:\\\/\\\/secure.gravatar.com\\\/avatar\\\/8a2c5501fe5eb922c6c1838ad6a759fe758ecb18b48e36083e67f353c16e08ac?s=96&d=mm&r=g\",\"url\":\"https:\\\/\\\/secure.gravatar.com\\\/avatar\\\/8a2c5501fe5eb922c6c1838ad6a759fe758ecb18b48e36083e67f353c16e08ac?s=96&d=mm&r=g\",\"contentUrl\":\"https:\\\/\\\/secure.gravatar.com\\\/avatar\\\/8a2c5501fe5eb922c6c1838ad6a759fe758ecb18b48e36083e67f353c16e08ac?s=96&d=mm&r=g\",\"caption\":\"Oeste Esporte\"},\"url\":\"https:\\\/\\\/revistaoeste.com\\\/esporte\\\/author\\\/felipebellirevistaoeste-com\\\/\"}]}<\/script>\n<!-- \/ Yoast SEO plugin. -->","yoast_head_json":{"title":"Su\u00ed\u00e7a goleia a B\u00f3snia e assume a lideran\u00e7a do Grupo B","description":"epois de um primeiro tempo equilibrado e sem gols, os su\u00ed\u00e7os aproveitaram a superioridade num\u00e9rica na reta final para construir uma goleada e assumir a lideran\u00e7a da chave.","robots":{"index":"index","follow":"follow","max-snippet":"max-snippet:-1","max-image-preview":"max-image-preview:large","max-video-preview":"max-video-preview:-1"},"canonical":"https:\/\/revistaoeste.com\/esporte\/suica-cresce-no-segundo-tempo-goleia-a-bosnia-e-assume-a-lideranca-do-grupo-b\/","og_locale":"pt_BR","og_type":"article","og_title":"Su\u00ed\u00e7a goleia a B\u00f3snia e assume a lideran\u00e7a do Grupo B","og_description":"epois de um primeiro tempo equilibrado e sem gols, os su\u00ed\u00e7os aproveitaram a superioridade num\u00e9rica na reta final para construir uma goleada e assumir a lideran\u00e7a da chave.","og_url":"https:\/\/revistaoeste.com\/esporte\/suica-cresce-no-segundo-tempo-goleia-a-bosnia-e-assume-a-lideranca-do-grupo-b\/","og_site_name":"Oeste Esporte","article_publisher":"https:\/\/www.facebook.com\/oesterevista\/","article_published_time":"2026-06-18T21:07:48+00:00","article_modified_time":"2026-06-18T21:21:05+00:00","og_image":[{"width":639,"height":489,"url":"https:\/\/revistaoeste.com\/esporte\/wp-content\/uploads\/2026\/06\/Suica-x-Bosnia.png","type":"image\/png"}],"author":"Oeste Esporte","twitter_card":"summary_large_image","twitter_creator":"@revistaoeste","twitter_site":"@revistaoeste","twitter_misc":{"Escrito por":"Oeste Esporte","Est. tempo de leitura":"4 minutos"},"schema":{"@context":"https:\/\/schema.org","@graph":[{"@type":"Article","@id":"https:\/\/revistaoeste.com\/esporte\/suica-cresce-no-segundo-tempo-goleia-a-bosnia-e-assume-a-lideranca-do-grupo-b\/#article","isPartOf":{"@id":"https:\/\/revistaoeste.com\/esporte\/suica-cresce-no-segundo-tempo-goleia-a-bosnia-e-assume-a-lideranca-do-grupo-b\/"},"author":{"name":"Oeste Esporte","@id":"https:\/\/revistaoeste.com\/esporte\/#\/schema\/person\/6622e4d5d99a35adf0de88128e8d66a9"},"headline":"Su\u00ed\u00e7a cresce no segundo tempo, goleia a B\u00f3snia e assume a lideran\u00e7a do Grupo B","datePublished":"2026-06-18T21:07:48+00:00","dateModified":"2026-06-18T21:21:05+00:00","mainEntityOfPage":{"@id":"https:\/\/revistaoeste.com\/esporte\/suica-cresce-no-segundo-tempo-goleia-a-bosnia-e-assume-a-lideranca-do-grupo-b\/"},"wordCount":554,"commentCount":0,"publisher":{"@id":"https:\/\/revistaoeste.com\/esporte\/#organization"},"image":{"@id":"https:\/\/revistaoeste.com\/esporte\/suica-cresce-no-segundo-tempo-goleia-a-bosnia-e-assume-a-lideranca-do-grupo-b\/#primaryimage"},"thumbnailUrl":"https:\/\/revistaoeste.com\/esporte\/wp-content\/uploads\/2026\/06\/Suica-x-Bosnia.png","keywords":["2026","bosnia hezergovina","Copa do Mundo","Copa do Mundo 2026","FIFA","futebol","sui\u00e7a"],"articleSection":["\u00daltimas Not\u00edcias"],"inLanguage":"pt-BR","potentialAction":[{"@type":"CommentAction","name":"Comment","target":["https:\/\/revistaoeste.com\/esporte\/suica-cresce-no-segundo-tempo-goleia-a-bosnia-e-assume-a-lideranca-do-grupo-b\/#respond"]}]},{"@type":"WebPage","@id":"https:\/\/revistaoeste.com\/esporte\/suica-cresce-no-segundo-tempo-goleia-a-bosnia-e-assume-a-lideranca-do-grupo-b\/","url":"https:\/\/revistaoeste.com\/esporte\/suica-cresce-no-segundo-tempo-goleia-a-bosnia-e-assume-a-lideranca-do-grupo-b\/","name":"Su\u00ed\u00e7a goleia a B\u00f3snia e assume a lideran\u00e7a do Grupo B","isPartOf":{"@id":"https:\/\/revistaoeste.com\/esporte\/#website"},"primaryImageOfPage":{"@id":"https:\/\/revistaoeste.com\/esporte\/suica-cresce-no-segundo-tempo-goleia-a-bosnia-e-assume-a-lideranca-do-grupo-b\/#primaryimage"},"image":{"@id":"https:\/\/revistaoeste.com\/esporte\/suica-cresce-no-segundo-tempo-goleia-a-bosnia-e-assume-a-lideranca-do-grupo-b\/#primaryimage"},"thumbnailUrl":"https:\/\/revistaoeste.com\/esporte\/wp-content\/uploads\/2026\/06\/Suica-x-Bosnia.png","datePublished":"2026-06-18T21:07:48+00:00","dateModified":"2026-06-18T21:21:05+00:00","description":"epois de um primeiro tempo equilibrado e sem gols, os su\u00ed\u00e7os aproveitaram a superioridade num\u00e9rica na reta final para construir uma goleada e assumir a lideran\u00e7a da chave.","breadcrumb":{"@id":"https:\/\/revistaoeste.com\/esporte\/suica-cresce-no-segundo-tempo-goleia-a-bosnia-e-assume-a-lideranca-do-grupo-b\/#breadcrumb"},"inLanguage":"pt-BR","potentialAction":[{"@type":"ReadAction","target":["https:\/\/revistaoeste.com\/esporte\/suica-cresce-no-segundo-tempo-goleia-a-bosnia-e-assume-a-lideranca-do-grupo-b\/"]}]},{"@type":"ImageObject","inLanguage":"pt-BR","@id":"https:\/\/revistaoeste.com\/esporte\/suica-cresce-no-segundo-tempo-goleia-a-bosnia-e-assume-a-lideranca-do-grupo-b\/#primaryimage","url":"https:\/\/revistaoeste.com\/esporte\/wp-content\/uploads\/2026\/06\/Suica-x-Bosnia.png","contentUrl":"https:\/\/revistaoeste.com\/esporte\/wp-content\/uploads\/2026\/06\/Suica-x-Bosnia.png","width":639,"height":489,"caption":"Sui\u00e7a atropela Bosnia e encaminha classifica\u00e7\u00e3o para pr\u00f3xima fase | Foto: Reprodu\u00e7\u00e3o"},{"@type":"BreadcrumbList","@id":"https:\/\/revistaoeste.com\/esporte\/suica-cresce-no-segundo-tempo-goleia-a-bosnia-e-assume-a-lideranca-do-grupo-b\/#breadcrumb","itemListElement":[{"@type":"ListItem","position":1,"name":"In\u00edcio","item":"https:\/\/revistaoeste.com\/esporte\/"},{"@type":"ListItem","position":2,"name":"Su\u00ed\u00e7a cresce no segundo tempo, goleia a B\u00f3snia e assume a lideran\u00e7a do Grupo B"}]},{"@type":"WebSite","@id":"https:\/\/revistaoeste.com\/esporte\/#website","url":"https:\/\/revistaoeste.com\/esporte\/","name":"Oeste Esporte","description":"Copa sem Firula","publisher":{"@id":"https:\/\/revistaoeste.com\/esporte\/#organization"},"potentialAction":[{"@type":"SearchAction","target":{"@type":"EntryPoint","urlTemplate":"https:\/\/revistaoeste.com\/esporte\/?s={search_term_string}"},"query-input":{"@type":"PropertyValueSpecification","valueRequired":true,"valueName":"search_term_string"}}],"inLanguage":"pt-BR"},{"@type":"Organization","@id":"https:\/\/revistaoeste.com\/esporte\/#organization","name":"Oeste Esporte","url":"https:\/\/revistaoeste.com\/esporte\/","logo":{"@type":"ImageObject","inLanguage":"pt-BR","@id":"https:\/\/revistaoeste.com\/esporte\/#\/schema\/logo\/image\/","url":"https:\/\/revistaoeste.com\/esporte\/wp-content\/uploads\/2026\/03\/avatar.jpg","contentUrl":"https:\/\/revistaoeste.com\/esporte\/wp-content\/uploads\/2026\/03\/avatar.jpg","width":500,"height":500,"caption":"Oeste Esporte"},"image":{"@id":"https:\/\/revistaoeste.com\/esporte\/#\/schema\/logo\/image\/"},"sameAs":["https:\/\/www.facebook.com\/oesterevista\/","https:\/\/x.com\/revistaoeste","https:\/\/www.youtube.com\/@OesteEsporte","https:\/\/www.instagram.com\/revistaoeste\/"]},{"@type":"Person","@id":"https:\/\/revistaoeste.com\/esporte\/#\/schema\/person\/6622e4d5d99a35adf0de88128e8d66a9","name":"Oeste Esporte","image":{"@type":"ImageObject","inLanguage":"pt-BR","@id":"https:\/\/secure.gravatar.com\/avatar\/8a2c5501fe5eb922c6c1838ad6a759fe758ecb18b48e36083e67f353c16e08ac?s=96&d=mm&r=g","url":"https:\/\/secure.gravatar.com\/avatar\/8a2c5501fe5eb922c6c1838ad6a759fe758ecb18b48e36083e67f353c16e08ac?s=96&d=mm&r=g","contentUrl":"https:\/\/secure.gravatar.com\/avatar\/8a2c5501fe5eb922c6c1838ad6a759fe758ecb18b48e36083e67f353c16e08ac?s=96&d=mm&r=g","caption":"Oeste Esporte"},"url":"https:\/\/revistaoeste.com\/esporte\/author\/felipebellirevistaoeste-com\/"}]}},"_links":{"self":[{"href":"https:\/\/revistaoeste.com\/esporte\/wp-json\/wp\/v2\/posts\/6713","targetHints":{"allow":["GET"]}}],"collection":[{"href":"https:\/\/revistaoeste.com\/esporte\/wp-json\/wp\/v2\/posts"}],"about":[{"href":"https:\/\/revistaoeste.com\/esporte\/wp-json\/wp\/v2\/types\/post"}],"author":[{"embeddable":true,"href":"https:\/\/revistaoeste.com\/esporte\/wp-json\/wp\/v2\/users\/5"}],"replies":[{"embeddable":true,"href":"https:\/\/revistaoeste.com\/esporte\/wp-json\/wp\/v2\/comments?post=6713"}],"version-history":[{"count":4,"href":"https:\/\/revistaoeste.com\/esporte\/wp-json\/wp\/v2\/posts\/6713\/revisions"}],"predecessor-version":[{"id":6732,"href":"https:\/\/revistaoeste.com\/esporte\/wp-json\/wp\/v2\/posts\/6713\/revisions\/6732"}],"wp:featuredmedia":[{"embeddable":true,"href":"https:\/\/revistaoeste.com\/esporte\/wp-json\/wp\/v2\/media\/6714"}],"wp:attachment":[{"href":"https:\/\/revistaoeste.com\/esporte\/wp-json\/wp\/v2\/media?parent=6713"}],"wp:term":[{"taxonomy":"category","embeddable":true,"href":"https:\/\/revistaoeste.com\/esporte\/wp-json\/wp\/v2\/categories?post=6713"},{"taxonomy":"post_tag","embeddable":true,"href":"https:\/\/revistaoeste.com\/esporte\/wp-json\/wp\/v2\/tags?post=6713"}],"curies":[{"name":"wp","href":"https:\/\/api.w.org\/{rel}","templated":true}]}}