{"id":7123,"date":"2026-06-20T14:09:40","date_gmt":"2026-06-20T17:09:40","guid":{"rendered":"https:\/\/revistaoeste.com\/esporte\/?p=7123"},"modified":"2026-06-30T16:06:42","modified_gmt":"2026-06-30T19:06:42","slug":"vini-jr-e-paqueta-crias-do-flamengo-sao-as-maiores-estrelas-da-selecao","status":"publish","type":"post","link":"https:\/\/revistaoeste.com\/esporte\/vini-jr-e-paqueta-crias-do-flamengo-sao-as-maiores-estrelas-da-selecao\/","title":{"rendered":"Vini Jr. e Paquet\u00e1: crias do Flamengo s\u00e3o as maiores estrelas da Sele\u00e7\u00e3o"},"content":{"rendered":"\n<p class=\"wp-block-paragraph\">A tese de que falta ao Brasil talentos individuais \u00e9 muito mais alimentada pela desilus\u00e3o com os resultados do que pela realidade. Nunca faltou ao Brasil jogadores criativos, mesmo que, neste momento, n\u00e3o sejam em uma quantidade t\u00e3o alta como nos anos 1970 e 1980. Mas nomes como Vin\u00edcuis Jr e Paquet\u00e1 t\u00eam mostrado, inclusive com a camisa da Sele\u00e7\u00e3o, que o futebol brasileiro ainda \u00e9 uma f\u00e1bricas de craques.<\/p>\n\n\n\n<p class=\"wp-block-paragraph\"><strong>+ Leia mais not\u00edcias de <a href=\"https:\/\/revistaoeste.com\/esporte\/\">Oeste Esporte<\/a><\/strong><\/p>\n\n\n\n<p class=\"wp-block-paragraph\">O Flamengo, ali\u00e1s, sempre foi um ber\u00e7o de talentos. A gera\u00e7\u00e3o de ambos despontou justamente na \u00e9poca em que, muito criticado, o ent\u00e3o presidente Eduardo Bandeira de Melo estava arrumando as finan\u00e7as do clube, ainda que, mesmo chegando longe nas competi\u00e7\u00f5es, n\u00e3o ganhou muitos t\u00edtulos. Um deles foi o carioca daquele ano. No entanto, formou a base do Flamengo que passou a ganhar tudo a partir de 2019. E contribuiu com a Sele\u00e7\u00e3o Brasileira ao revelar jovens como Vini Jr. e Paquet\u00e1.<\/p>\n\n\n\n<figure class=\"wp-block-embed is-type-video is-provider-youtube wp-block-embed-youtube wp-embed-aspect-4-3 wp-has-aspect-ratio\"><div class=\"wp-block-embed__wrapper\">\n<iframe loading=\"lazy\" title=\"BRASIL AMASSA, MAS CONVENCE? | ZICA DA TURQUIA, EUA HIST\u00d3RICO E NEYMAR VOLTANDO\" width=\"500\" height=\"281\" src=\"https:\/\/www.youtube.com\/embed\/mU4CXIwo8s8?feature=oembed\" frameborder=\"0\" allow=\"accelerometer; autoplay; clipboard-write; encrypted-media; gyroscope; picture-in-picture; web-share\" referrerpolicy=\"strict-origin-when-cross-origin\" allowfullscreen><\/iframe>\n<\/div><\/figure>\n\n\n\n<p class=\"wp-block-paragraph\">Naquela \u00e9poca, eles formaram um time forte, composto por nomes como o goleiro Diego Alves, os laterais Trauco e Par\u00e1, os meio-campistas William Ar\u00e3o, \u00c9verton Ribeiro, Diego Ribas e o atacantes \u00c9verton e Paolo Guerrero. Sem tantios t\u00edtulos, mas com muitos frutos.<\/p>\n\n\n\n<h2 class=\"wp-block-heading\">Vini Jr. e Paquet\u00e1 na Sele\u00e7\u00e3o<\/h2>\n\n\n\n<p class=\"wp-block-paragraph\">Tamb\u00e9m jogaram juntos na Sele\u00e7\u00e3o desde a Copa de 2022, quando j\u00e1 formaram boa dupla e foram ofuscados pela elimina\u00e7\u00e3o nas quartas de final. Ficaram marcados momentos como o belo gol de Vini Jr contra a Coreia do Sul, na Copa do Catar, pelas oitavas. Antes, ele j\u00e1 havia sido fundamental nas vit\u00f3rias brasileiras. Paquet\u00e1 tamb\u00e9m quase definiu o jogo contra a Cro\u00e1cia com um leve toque para Neymar entrar na \u00e1rea e fazer o gol.<\/p>\n\n\n\n<p class=\"wp-block-paragraph\"><strong>Leia mais: <a href=\"https:\/\/revistaoeste.com\/esporte\/brasil-faz-3-a-0-no-haiti-tem-bons-momentos-mas-nao-empolga\/\">Brasil faz 3 a 0 no Haiti, sem empolgar mas com bons momentos<\/a><\/strong><\/p>\n\n\n\n<p class=\"wp-block-paragraph\">Agora, na Copa de 2026, os dois t\u00eam sido destaques do time. Diante do Marrocos, foram os que melhor atuaram pelo Brasil. Vini, ali\u00e1s, chamou a responsabilidade para si e fez o gol de empate em um momento dif\u00edcil. Contra o Haiti, Paquet\u00e1 jogou como um maestro, criando, lan\u00e7ando e tamb\u00e9m ajudando na marca\u00e7\u00e3o. Vini Jr., novamente, decidiu, ao participar dos tr\u00eas gols, um deles de sua autoria. Uma coisa \u00e9 passar pano. Outra \u00e9 n\u00e3o admitir que poucas sele\u00e7\u00f5es t\u00eam jogadores deste n\u00edvel.<\/p>\n\n\n\n<p class=\"wp-block-paragraph\"><\/p>\n","protected":false},"excerpt":{"rendered":"<p>A tese de que falta ao Brasil talentos individuais \u00e9 muito mais alimentada pela desilus\u00e3o com os resultados do que pela realidade.&hellip;<\/p>\n","protected":false},"author":2,"featured_media":7128,"comment_status":"open","ping_status":"open","sticky":false,"template":"","format":"standard","meta":{"footnotes":""},"categories":[7,3,8],"tags":[],"class_list":["post-7123","post","type-post","status-publish","format-standard","has-post-thumbnail","hentry","category-copa-sem-firula","category-selecao-brasileira","category-ultimas-noticias"],"yoast_head":"<!-- This site is optimized with the Yoast SEO plugin v28.0 - https:\/\/yoast.com\/product\/yoast-seo-wordpress\/ -->\n<title>Vini Jr. e Paquet\u00e1: crias do Flamengo s\u00e3o estrelas da Sele\u00e7\u00e3o<\/title>\n<meta name=\"description\" content=\"Vini Jr. e Paquet\u00e1: crias do Flamengo s\u00e3o as maiores estrelas da Sele\u00e7\u00e3o Brasileira nesta Copa do Mundo. Saiba mais\" \/>\n<meta name=\"robots\" content=\"index, follow, max-snippet:-1, max-image-preview:large, max-video-preview:-1\" \/>\n<link rel=\"canonical\" href=\"https:\/\/revistaoeste.com\/esporte\/vini-jr-e-paqueta-crias-do-flamengo-sao-as-maiores-estrelas-da-selecao\/\" \/>\n<meta property=\"og:locale\" content=\"pt_BR\" \/>\n<meta property=\"og:type\" content=\"article\" \/>\n<meta property=\"og:title\" content=\"Vini Jr. e Paquet\u00e1: crias do Flamengo s\u00e3o as maiores estrelas da Sele\u00e7\u00e3o\" \/>\n<meta property=\"og:description\" content=\"Os dois jogaram juntos no clube carioca desde 2017 e mostram que o futebol brasileiro ainda \u00e9 uma f\u00e1brica de craques\" \/>\n<meta property=\"og:url\" content=\"https:\/\/revistaoeste.com\/esporte\/vini-jr-e-paqueta-crias-do-flamengo-sao-as-maiores-estrelas-da-selecao\/\" \/>\n<meta property=\"og:site_name\" content=\"Oeste Esporte\" \/>\n<meta property=\"article:publisher\" content=\"https:\/\/www.facebook.com\/oesterevista\/\" \/>\n<meta property=\"article:published_time\" content=\"2026-06-20T17:09:40+00:00\" \/>\n<meta property=\"article:modified_time\" content=\"2026-06-30T19:06:42+00:00\" \/>\n<meta property=\"og:image\" content=\"https:\/\/revistaoeste.com\/esporte\/wp-content\/uploads\/2026\/06\/Vini-Jr-1.jpg\" \/>\n\t<meta property=\"og:image:width\" content=\"640\" \/>\n\t<meta property=\"og:image:height\" content=\"448\" \/>\n\t<meta property=\"og:image:type\" content=\"image\/jpeg\" \/>\n<meta name=\"author\" content=\"Eugenio Goussinsky\" \/>\n<meta name=\"twitter:card\" content=\"summary_large_image\" \/>\n<meta name=\"twitter:title\" content=\"Vini Jr. e Paquet\u00e1: crias do Flamengo s\u00e3o as maiores estrelas da Sele\u00e7\u00e3o\" \/>\n<meta name=\"twitter:description\" content=\"Os dois jogaram juntos no clube carioca desde 2017 e mostram que o futebol brasileiro ainda \u00e9 uma f\u00e1brica de craques\" \/>\n<meta name=\"twitter:creator\" content=\"@revistaoeste\" \/>\n<meta name=\"twitter:site\" content=\"@revistaoeste\" \/>\n<meta name=\"twitter:label1\" content=\"Escrito por\" \/>\n\t<meta name=\"twitter:data1\" content=\"Eugenio Goussinsky\" \/>\n\t<meta name=\"twitter:label2\" content=\"Est. tempo de leitura\" \/>\n\t<meta name=\"twitter:data2\" content=\"3 minutos\" \/>\n<script type=\"application\/ld+json\" class=\"yoast-schema-graph\">{\"@context\":\"https:\\\/\\\/schema.org\",\"@graph\":[{\"@type\":\"Article\",\"@id\":\"https:\\\/\\\/revistaoeste.com\\\/esporte\\\/vini-jr-e-paqueta-crias-do-flamengo-sao-as-maiores-estrelas-da-selecao\\\/#article\",\"isPartOf\":{\"@id\":\"https:\\\/\\\/revistaoeste.com\\\/esporte\\\/vini-jr-e-paqueta-crias-do-flamengo-sao-as-maiores-estrelas-da-selecao\\\/\"},\"author\":{\"name\":\"Eugenio Goussinsky\",\"@id\":\"https:\\\/\\\/revistaoeste.com\\\/esporte\\\/#\\\/schema\\\/person\\\/326cbc8e737d40289f4fe80520bf5056\"},\"headline\":\"Vini Jr. e Paquet\u00e1: crias do Flamengo s\u00e3o as maiores estrelas da Sele\u00e7\u00e3o\",\"datePublished\":\"2026-06-20T17:09:40+00:00\",\"dateModified\":\"2026-06-30T19:06:42+00:00\",\"mainEntityOfPage\":{\"@id\":\"https:\\\/\\\/revistaoeste.com\\\/esporte\\\/vini-jr-e-paqueta-crias-do-flamengo-sao-as-maiores-estrelas-da-selecao\\\/\"},\"wordCount\":431,\"commentCount\":0,\"publisher\":{\"@id\":\"https:\\\/\\\/revistaoeste.com\\\/esporte\\\/#organization\"},\"image\":{\"@id\":\"https:\\\/\\\/revistaoeste.com\\\/esporte\\\/vini-jr-e-paqueta-crias-do-flamengo-sao-as-maiores-estrelas-da-selecao\\\/#primaryimage\"},\"thumbnailUrl\":\"https:\\\/\\\/revistaoeste.com\\\/esporte\\\/wp-content\\\/uploads\\\/2026\\\/06\\\/Vini-Jr-1.jpg\",\"articleSection\":[\"Copa sem Firula\",\"Sele\u00e7\u00e3o Brasileira\",\"\u00daltimas Not\u00edcias\"],\"inLanguage\":\"pt-BR\",\"potentialAction\":[{\"@type\":\"CommentAction\",\"name\":\"Comment\",\"target\":[\"https:\\\/\\\/revistaoeste.com\\\/esporte\\\/vini-jr-e-paqueta-crias-do-flamengo-sao-as-maiores-estrelas-da-selecao\\\/#respond\"]}]},{\"@type\":\"WebPage\",\"@id\":\"https:\\\/\\\/revistaoeste.com\\\/esporte\\\/vini-jr-e-paqueta-crias-do-flamengo-sao-as-maiores-estrelas-da-selecao\\\/\",\"url\":\"https:\\\/\\\/revistaoeste.com\\\/esporte\\\/vini-jr-e-paqueta-crias-do-flamengo-sao-as-maiores-estrelas-da-selecao\\\/\",\"name\":\"Vini Jr. e Paquet\u00e1: crias do Flamengo s\u00e3o estrelas da Sele\u00e7\u00e3o\",\"isPartOf\":{\"@id\":\"https:\\\/\\\/revistaoeste.com\\\/esporte\\\/#website\"},\"primaryImageOfPage\":{\"@id\":\"https:\\\/\\\/revistaoeste.com\\\/esporte\\\/vini-jr-e-paqueta-crias-do-flamengo-sao-as-maiores-estrelas-da-selecao\\\/#primaryimage\"},\"image\":{\"@id\":\"https:\\\/\\\/revistaoeste.com\\\/esporte\\\/vini-jr-e-paqueta-crias-do-flamengo-sao-as-maiores-estrelas-da-selecao\\\/#primaryimage\"},\"thumbnailUrl\":\"https:\\\/\\\/revistaoeste.com\\\/esporte\\\/wp-content\\\/uploads\\\/2026\\\/06\\\/Vini-Jr-1.jpg\",\"datePublished\":\"2026-06-20T17:09:40+00:00\",\"dateModified\":\"2026-06-30T19:06:42+00:00\",\"description\":\"Vini Jr. e Paquet\u00e1: crias do Flamengo s\u00e3o as maiores estrelas da Sele\u00e7\u00e3o Brasileira nesta Copa do Mundo. Saiba mais\",\"breadcrumb\":{\"@id\":\"https:\\\/\\\/revistaoeste.com\\\/esporte\\\/vini-jr-e-paqueta-crias-do-flamengo-sao-as-maiores-estrelas-da-selecao\\\/#breadcrumb\"},\"inLanguage\":\"pt-BR\",\"potentialAction\":[{\"@type\":\"ReadAction\",\"target\":[\"https:\\\/\\\/revistaoeste.com\\\/esporte\\\/vini-jr-e-paqueta-crias-do-flamengo-sao-as-maiores-estrelas-da-selecao\\\/\"]}]},{\"@type\":\"ImageObject\",\"inLanguage\":\"pt-BR\",\"@id\":\"https:\\\/\\\/revistaoeste.com\\\/esporte\\\/vini-jr-e-paqueta-crias-do-flamengo-sao-as-maiores-estrelas-da-selecao\\\/#primaryimage\",\"url\":\"https:\\\/\\\/revistaoeste.com\\\/esporte\\\/wp-content\\\/uploads\\\/2026\\\/06\\\/Vini-Jr-1.jpg\",\"contentUrl\":\"https:\\\/\\\/revistaoeste.com\\\/esporte\\\/wp-content\\\/uploads\\\/2026\\\/06\\\/Vini-Jr-1.jpg\",\"width\":640,\"height\":448,\"caption\":\"Vin\u00edcius J\u00fanior j\u00e1 fez dois gos na Copa do Mundo de 2026 | Foto: Rafael Ribeiro\\\/CBF\"},{\"@type\":\"BreadcrumbList\",\"@id\":\"https:\\\/\\\/revistaoeste.com\\\/esporte\\\/vini-jr-e-paqueta-crias-do-flamengo-sao-as-maiores-estrelas-da-selecao\\\/#breadcrumb\",\"itemListElement\":[{\"@type\":\"ListItem\",\"position\":1,\"name\":\"In\u00edcio\",\"item\":\"https:\\\/\\\/revistaoeste.com\\\/esporte\\\/\"},{\"@type\":\"ListItem\",\"position\":2,\"name\":\"Vini Jr. e Paquet\u00e1: crias do Flamengo s\u00e3o as maiores estrelas da Sele\u00e7\u00e3o\"}]},{\"@type\":\"WebSite\",\"@id\":\"https:\\\/\\\/revistaoeste.com\\\/esporte\\\/#website\",\"url\":\"https:\\\/\\\/revistaoeste.com\\\/esporte\\\/\",\"name\":\"Oeste Esporte\",\"description\":\"Copa sem Firula\",\"publisher\":{\"@id\":\"https:\\\/\\\/revistaoeste.com\\\/esporte\\\/#organization\"},\"potentialAction\":[{\"@type\":\"SearchAction\",\"target\":{\"@type\":\"EntryPoint\",\"urlTemplate\":\"https:\\\/\\\/revistaoeste.com\\\/esporte\\\/?s={search_term_string}\"},\"query-input\":{\"@type\":\"PropertyValueSpecification\",\"valueRequired\":true,\"valueName\":\"search_term_string\"}}],\"inLanguage\":\"pt-BR\"},{\"@type\":\"Organization\",\"@id\":\"https:\\\/\\\/revistaoeste.com\\\/esporte\\\/#organization\",\"name\":\"Oeste Esporte\",\"url\":\"https:\\\/\\\/revistaoeste.com\\\/esporte\\\/\",\"logo\":{\"@type\":\"ImageObject\",\"inLanguage\":\"pt-BR\",\"@id\":\"https:\\\/\\\/revistaoeste.com\\\/esporte\\\/#\\\/schema\\\/logo\\\/image\\\/\",\"url\":\"https:\\\/\\\/revistaoeste.com\\\/esporte\\\/wp-content\\\/uploads\\\/2026\\\/03\\\/avatar.jpg\",\"contentUrl\":\"https:\\\/\\\/revistaoeste.com\\\/esporte\\\/wp-content\\\/uploads\\\/2026\\\/03\\\/avatar.jpg\",\"width\":500,\"height\":500,\"caption\":\"Oeste Esporte\"},\"image\":{\"@id\":\"https:\\\/\\\/revistaoeste.com\\\/esporte\\\/#\\\/schema\\\/logo\\\/image\\\/\"},\"sameAs\":[\"https:\\\/\\\/www.facebook.com\\\/oesterevista\\\/\",\"https:\\\/\\\/x.com\\\/revistaoeste\",\"https:\\\/\\\/www.youtube.com\\\/@OesteEsporte\",\"https:\\\/\\\/www.instagram.com\\\/revistaoeste\\\/\"]},{\"@type\":\"Person\",\"@id\":\"https:\\\/\\\/revistaoeste.com\\\/esporte\\\/#\\\/schema\\\/person\\\/326cbc8e737d40289f4fe80520bf5056\",\"name\":\"Eugenio Goussinsky\",\"image\":{\"@type\":\"ImageObject\",\"inLanguage\":\"pt-BR\",\"@id\":\"https:\\\/\\\/secure.gravatar.com\\\/avatar\\\/0dc08207c8985acd3222975b628f25cfd9da0799c1aec0978c54960c942fc35f?s=96&d=mm&r=g\",\"url\":\"https:\\\/\\\/secure.gravatar.com\\\/avatar\\\/0dc08207c8985acd3222975b628f25cfd9da0799c1aec0978c54960c942fc35f?s=96&d=mm&r=g\",\"contentUrl\":\"https:\\\/\\\/secure.gravatar.com\\\/avatar\\\/0dc08207c8985acd3222975b628f25cfd9da0799c1aec0978c54960c942fc35f?s=96&d=mm&r=g\",\"caption\":\"Eugenio Goussinsky\"},\"url\":\"https:\\\/\\\/revistaoeste.com\\\/esporte\\\/author\\\/eugeniogoussinskyrevistaoeste-com\\\/\"}]}<\/script>\n<!-- \/ Yoast SEO plugin. -->","yoast_head_json":{"title":"Vini Jr. e Paquet\u00e1: crias do Flamengo s\u00e3o estrelas da Sele\u00e7\u00e3o","description":"Vini Jr. e Paquet\u00e1: crias do Flamengo s\u00e3o as maiores estrelas da Sele\u00e7\u00e3o Brasileira nesta Copa do Mundo. Saiba mais","robots":{"index":"index","follow":"follow","max-snippet":"max-snippet:-1","max-image-preview":"max-image-preview:large","max-video-preview":"max-video-preview:-1"},"canonical":"https:\/\/revistaoeste.com\/esporte\/vini-jr-e-paqueta-crias-do-flamengo-sao-as-maiores-estrelas-da-selecao\/","og_locale":"pt_BR","og_type":"article","og_title":"Vini Jr. e Paquet\u00e1: crias do Flamengo s\u00e3o as maiores estrelas da Sele\u00e7\u00e3o","og_description":"Os dois jogaram juntos no clube carioca desde 2017 e mostram que o futebol brasileiro ainda \u00e9 uma f\u00e1brica de craques","og_url":"https:\/\/revistaoeste.com\/esporte\/vini-jr-e-paqueta-crias-do-flamengo-sao-as-maiores-estrelas-da-selecao\/","og_site_name":"Oeste Esporte","article_publisher":"https:\/\/www.facebook.com\/oesterevista\/","article_published_time":"2026-06-20T17:09:40+00:00","article_modified_time":"2026-06-30T19:06:42+00:00","og_image":[{"width":640,"height":448,"url":"https:\/\/revistaoeste.com\/esporte\/wp-content\/uploads\/2026\/06\/Vini-Jr-1.jpg","type":"image\/jpeg"}],"author":"Eugenio Goussinsky","twitter_card":"summary_large_image","twitter_title":"Vini Jr. e Paquet\u00e1: crias do Flamengo s\u00e3o as maiores estrelas da Sele\u00e7\u00e3o","twitter_description":"Os dois jogaram juntos no clube carioca desde 2017 e mostram que o futebol brasileiro ainda \u00e9 uma f\u00e1brica de craques","twitter_creator":"@revistaoeste","twitter_site":"@revistaoeste","twitter_misc":{"Escrito por":"Eugenio Goussinsky","Est. tempo de leitura":"3 minutos"},"schema":{"@context":"https:\/\/schema.org","@graph":[{"@type":"Article","@id":"https:\/\/revistaoeste.com\/esporte\/vini-jr-e-paqueta-crias-do-flamengo-sao-as-maiores-estrelas-da-selecao\/#article","isPartOf":{"@id":"https:\/\/revistaoeste.com\/esporte\/vini-jr-e-paqueta-crias-do-flamengo-sao-as-maiores-estrelas-da-selecao\/"},"author":{"name":"Eugenio Goussinsky","@id":"https:\/\/revistaoeste.com\/esporte\/#\/schema\/person\/326cbc8e737d40289f4fe80520bf5056"},"headline":"Vini Jr. e Paquet\u00e1: crias do Flamengo s\u00e3o as maiores estrelas da Sele\u00e7\u00e3o","datePublished":"2026-06-20T17:09:40+00:00","dateModified":"2026-06-30T19:06:42+00:00","mainEntityOfPage":{"@id":"https:\/\/revistaoeste.com\/esporte\/vini-jr-e-paqueta-crias-do-flamengo-sao-as-maiores-estrelas-da-selecao\/"},"wordCount":431,"commentCount":0,"publisher":{"@id":"https:\/\/revistaoeste.com\/esporte\/#organization"},"image":{"@id":"https:\/\/revistaoeste.com\/esporte\/vini-jr-e-paqueta-crias-do-flamengo-sao-as-maiores-estrelas-da-selecao\/#primaryimage"},"thumbnailUrl":"https:\/\/revistaoeste.com\/esporte\/wp-content\/uploads\/2026\/06\/Vini-Jr-1.jpg","articleSection":["Copa sem Firula","Sele\u00e7\u00e3o Brasileira","\u00daltimas Not\u00edcias"],"inLanguage":"pt-BR","potentialAction":[{"@type":"CommentAction","name":"Comment","target":["https:\/\/revistaoeste.com\/esporte\/vini-jr-e-paqueta-crias-do-flamengo-sao-as-maiores-estrelas-da-selecao\/#respond"]}]},{"@type":"WebPage","@id":"https:\/\/revistaoeste.com\/esporte\/vini-jr-e-paqueta-crias-do-flamengo-sao-as-maiores-estrelas-da-selecao\/","url":"https:\/\/revistaoeste.com\/esporte\/vini-jr-e-paqueta-crias-do-flamengo-sao-as-maiores-estrelas-da-selecao\/","name":"Vini Jr. e Paquet\u00e1: crias do Flamengo s\u00e3o estrelas da Sele\u00e7\u00e3o","isPartOf":{"@id":"https:\/\/revistaoeste.com\/esporte\/#website"},"primaryImageOfPage":{"@id":"https:\/\/revistaoeste.com\/esporte\/vini-jr-e-paqueta-crias-do-flamengo-sao-as-maiores-estrelas-da-selecao\/#primaryimage"},"image":{"@id":"https:\/\/revistaoeste.com\/esporte\/vini-jr-e-paqueta-crias-do-flamengo-sao-as-maiores-estrelas-da-selecao\/#primaryimage"},"thumbnailUrl":"https:\/\/revistaoeste.com\/esporte\/wp-content\/uploads\/2026\/06\/Vini-Jr-1.jpg","datePublished":"2026-06-20T17:09:40+00:00","dateModified":"2026-06-30T19:06:42+00:00","description":"Vini Jr. e Paquet\u00e1: crias do Flamengo s\u00e3o as maiores estrelas da Sele\u00e7\u00e3o Brasileira nesta Copa do Mundo. Saiba mais","breadcrumb":{"@id":"https:\/\/revistaoeste.com\/esporte\/vini-jr-e-paqueta-crias-do-flamengo-sao-as-maiores-estrelas-da-selecao\/#breadcrumb"},"inLanguage":"pt-BR","potentialAction":[{"@type":"ReadAction","target":["https:\/\/revistaoeste.com\/esporte\/vini-jr-e-paqueta-crias-do-flamengo-sao-as-maiores-estrelas-da-selecao\/"]}]},{"@type":"ImageObject","inLanguage":"pt-BR","@id":"https:\/\/revistaoeste.com\/esporte\/vini-jr-e-paqueta-crias-do-flamengo-sao-as-maiores-estrelas-da-selecao\/#primaryimage","url":"https:\/\/revistaoeste.com\/esporte\/wp-content\/uploads\/2026\/06\/Vini-Jr-1.jpg","contentUrl":"https:\/\/revistaoeste.com\/esporte\/wp-content\/uploads\/2026\/06\/Vini-Jr-1.jpg","width":640,"height":448,"caption":"Vin\u00edcius J\u00fanior j\u00e1 fez dois gos na Copa do Mundo de 2026 | Foto: Rafael Ribeiro\/CBF"},{"@type":"BreadcrumbList","@id":"https:\/\/revistaoeste.com\/esporte\/vini-jr-e-paqueta-crias-do-flamengo-sao-as-maiores-estrelas-da-selecao\/#breadcrumb","itemListElement":[{"@type":"ListItem","position":1,"name":"In\u00edcio","item":"https:\/\/revistaoeste.com\/esporte\/"},{"@type":"ListItem","position":2,"name":"Vini Jr. e Paquet\u00e1: crias do Flamengo s\u00e3o as maiores estrelas da Sele\u00e7\u00e3o"}]},{"@type":"WebSite","@id":"https:\/\/revistaoeste.com\/esporte\/#website","url":"https:\/\/revistaoeste.com\/esporte\/","name":"Oeste Esporte","description":"Copa sem Firula","publisher":{"@id":"https:\/\/revistaoeste.com\/esporte\/#organization"},"potentialAction":[{"@type":"SearchAction","target":{"@type":"EntryPoint","urlTemplate":"https:\/\/revistaoeste.com\/esporte\/?s={search_term_string}"},"query-input":{"@type":"PropertyValueSpecification","valueRequired":true,"valueName":"search_term_string"}}],"inLanguage":"pt-BR"},{"@type":"Organization","@id":"https:\/\/revistaoeste.com\/esporte\/#organization","name":"Oeste Esporte","url":"https:\/\/revistaoeste.com\/esporte\/","logo":{"@type":"ImageObject","inLanguage":"pt-BR","@id":"https:\/\/revistaoeste.com\/esporte\/#\/schema\/logo\/image\/","url":"https:\/\/revistaoeste.com\/esporte\/wp-content\/uploads\/2026\/03\/avatar.jpg","contentUrl":"https:\/\/revistaoeste.com\/esporte\/wp-content\/uploads\/2026\/03\/avatar.jpg","width":500,"height":500,"caption":"Oeste Esporte"},"image":{"@id":"https:\/\/revistaoeste.com\/esporte\/#\/schema\/logo\/image\/"},"sameAs":["https:\/\/www.facebook.com\/oesterevista\/","https:\/\/x.com\/revistaoeste","https:\/\/www.youtube.com\/@OesteEsporte","https:\/\/www.instagram.com\/revistaoeste\/"]},{"@type":"Person","@id":"https:\/\/revistaoeste.com\/esporte\/#\/schema\/person\/326cbc8e737d40289f4fe80520bf5056","name":"Eugenio Goussinsky","image":{"@type":"ImageObject","inLanguage":"pt-BR","@id":"https:\/\/secure.gravatar.com\/avatar\/0dc08207c8985acd3222975b628f25cfd9da0799c1aec0978c54960c942fc35f?s=96&d=mm&r=g","url":"https:\/\/secure.gravatar.com\/avatar\/0dc08207c8985acd3222975b628f25cfd9da0799c1aec0978c54960c942fc35f?s=96&d=mm&r=g","contentUrl":"https:\/\/secure.gravatar.com\/avatar\/0dc08207c8985acd3222975b628f25cfd9da0799c1aec0978c54960c942fc35f?s=96&d=mm&r=g","caption":"Eugenio Goussinsky"},"url":"https:\/\/revistaoeste.com\/esporte\/author\/eugeniogoussinskyrevistaoeste-com\/"}]}},"_links":{"self":[{"href":"https:\/\/revistaoeste.com\/esporte\/wp-json\/wp\/v2\/posts\/7123","targetHints":{"allow":["GET"]}}],"collection":[{"href":"https:\/\/revistaoeste.com\/esporte\/wp-json\/wp\/v2\/posts"}],"about":[{"href":"https:\/\/revistaoeste.com\/esporte\/wp-json\/wp\/v2\/types\/post"}],"author":[{"embeddable":true,"href":"https:\/\/revistaoeste.com\/esporte\/wp-json\/wp\/v2\/users\/2"}],"replies":[{"embeddable":true,"href":"https:\/\/revistaoeste.com\/esporte\/wp-json\/wp\/v2\/comments?post=7123"}],"version-history":[{"count":7,"href":"https:\/\/revistaoeste.com\/esporte\/wp-json\/wp\/v2\/posts\/7123\/revisions"}],"predecessor-version":[{"id":7139,"href":"https:\/\/revistaoeste.com\/esporte\/wp-json\/wp\/v2\/posts\/7123\/revisions\/7139"}],"wp:featuredmedia":[{"embeddable":true,"href":"https:\/\/revistaoeste.com\/esporte\/wp-json\/wp\/v2\/media\/7128"}],"wp:attachment":[{"href":"https:\/\/revistaoeste.com\/esporte\/wp-json\/wp\/v2\/media?parent=7123"}],"wp:term":[{"taxonomy":"category","embeddable":true,"href":"https:\/\/revistaoeste.com\/esporte\/wp-json\/wp\/v2\/categories?post=7123"},{"taxonomy":"post_tag","embeddable":true,"href":"https:\/\/revistaoeste.com\/esporte\/wp-json\/wp\/v2\/tags?post=7123"}],"curies":[{"name":"wp","href":"https:\/\/api.w.org\/{rel}","templated":true}]}}