{"id":9528,"date":"2026-07-01T16:01:46","date_gmt":"2026-07-01T19:01:46","guid":{"rendered":"https:\/\/revistaoeste.com\/esporte\/?p=9528"},"modified":"2026-07-01T16:01:59","modified_gmt":"2026-07-01T19:01:59","slug":"belgica-x-senegal-horario-transmissao-escalacoes-e-tudo-sobre-o-duelo-da-copa","status":"publish","type":"post","link":"https:\/\/revistaoeste.com\/esporte\/belgica-x-senegal-horario-transmissao-escalacoes-e-tudo-sobre-o-duelo-da-copa\/","title":{"rendered":"B\u00e9lgica x Senegal: hor\u00e1rio, transmiss\u00e3o, escala\u00e7\u00f5es e tudo sobre o duelo da Copa"},"content":{"rendered":"\n<p class=\"wp-block-paragraph\">B\u00e9lgica e Senegal se enfrentam nesta quarta-feira, 1\u00ba, pelos 16 avos de final da Copa do Mundo de 2026. A partida ser\u00e1 disputada \u00e0s 17h (de Bras\u00edlia), no Seattle Stadium (Lumen Field), em Seattle, nos Estados Unidos. Quem vencer enfrentar\u00e1 Estados Unidos ou B\u00f3snia e Herzegovina nas oitavas de final.<\/p>\n\n\n\n<p class=\"wp-block-paragraph\"><strong>+ Leia mais not\u00edcias de&nbsp;<a href=\"https:\/\/revistaoeste.com\/esporte\/\">Oeste Esporte<\/a><\/strong><\/p>\n\n\n\n<p class=\"wp-block-paragraph\">A B\u00e9lgica chega ao mata-mata depois de terminar na lideran\u00e7a do Grupo G. A equipe comandada por Rudi Garcia empatou com Egito e Ir\u00e3 nas duas primeiras rodadas, mas encerrou a fase de grupos em alta ao golear a Nova Zel\u00e2ndia por 5 a 1, resultado que garantiu a classifica\u00e7\u00e3o e deu confian\u00e7a aos belgas para a fase eliminat\u00f3ria.<\/p>\n\n\n\n<p class=\"wp-block-paragraph\">Mesmo vivendo uma renova\u00e7\u00e3o, a sele\u00e7\u00e3o belga segue contando com jogadores experientes como Kevin De Bruyne, Romelu Lukaku e Thibaut Courtois, al\u00e9m de jovens que ganharam espa\u00e7o ao longo da competi\u00e7\u00e3o. Para o confronto, Rudi Garcia ter\u00e1 pela primeira vez todo o elenco \u00e0 disposi\u00e7\u00e3o, incluindo o retorno de J\u00e9r\u00e9my Doku e do zagueiro Zeno Debast, recuperados de problemas f\u00edsicos.<\/p>\n\n\n\n<p class=\"wp-block-paragraph\">Do outro lado, Senegal avan\u00e7ou ao mata-mata como um dos melhores terceiros colocados. A sele\u00e7\u00e3o africana teve um in\u00edcio complicado, com derrotas para Fran\u00e7a e Noruega, mas reagiu na \u00faltima rodada ao golear o Iraque por 5 a 0, resultado que garantiu a classifica\u00e7\u00e3o. A equipe comandada por Pape Thiaw aposta novamente na for\u00e7a f\u00edsica, velocidade e organiza\u00e7\u00e3o defensiva para tentar surpreender uma das favoritas da competi\u00e7\u00e3o.<\/p>\n\n\n\n<p class=\"wp-block-paragraph\">Os senegaleses, por\u00e9m, chegam com um desfalque importante. O goleiro \u00c9douard Mendy est\u00e1 fora da partida por les\u00e3o, e Mory Diaw ser\u00e1 o respons\u00e1vel por defender a meta africana no confronto decisivo.<\/p>\n\n\n\n<p class=\"wp-block-paragraph\">O retrospecto favorece a B\u00e9lgica. O \u00fanico encontro entre as duas sele\u00e7\u00f5es em Copas do Mundo aconteceu na fase de grupos de 2018, quando os europeus venceram por 3 a 0. O cen\u00e1rio agora \u00e9 diferente: enquanto os belgas tentam confirmar o favoritismo, Senegal busca repetir as campanhas hist\u00f3ricas que fizeram da sele\u00e7\u00e3o uma das principais for\u00e7as do futebol africano.<\/p>\n\n\n\n<h2 class=\"wp-block-heading\">Transmiss\u00e3o<\/h2>\n\n\n\n<p class=\"wp-block-paragraph\"><strong>Competi\u00e7\u00e3o:<\/strong> Copa do Mundo de 2026 \u2013 16 avos de final<\/p>\n\n\n\n<p class=\"wp-block-paragraph\"><strong>Data:<\/strong> Quarta-feira, 1\u00ba de julho de 2026<\/p>\n\n\n\n<p class=\"wp-block-paragraph\"><strong>Hor\u00e1rio:<\/strong> 17h (de Bras\u00edlia)<\/p>\n\n\n\n<p class=\"wp-block-paragraph\"><strong>Local:<\/strong> Seattle Stadium (Lumen Field), Seattle (Estados Unidos)<\/p>\n\n\n\n<p class=\"wp-block-paragraph\"><strong>Transmiss\u00e3o:<\/strong> Globo, GETV, SporTV, SBT, N Sports e Caz\u00e9TV.<\/p>\n\n\n\n<h2 class=\"wp-block-heading\">escala\u00e7\u00e3o da B\u00e9lgica<\/h2>\n\n\n\n<p class=\"wp-block-paragraph\"><strong>1<\/strong> Thibaut Courtois<br><strong>21<\/strong> Timothy Castagne<br><strong>4<\/strong> Brandon Mechele<br><strong>3<\/strong> Arthur Theate<br><strong>5<\/strong> Maxim De Cuyper<br><strong>8<\/strong> Youri Tielemans (capit\u00e3o)<br><strong>20<\/strong> Hans Vanaken<br><strong>10<\/strong> Leandro Trossard<br><strong>7<\/strong> Kevin De Bruyne<br><strong>11<\/strong> J\u00e9r\u00e9my Doku<br><strong>17<\/strong> Charles De Ketelaere<\/p>\n\n\n\n<p class=\"wp-block-paragraph\"><strong>T\u00e9cnico:<\/strong> Rudi Garcia.<\/p>\n\n\n\n<h2 class=\"wp-block-heading\">Prov\u00e1vel escala\u00e7\u00e3o de Senegal<\/h2>\n\n\n\n<p class=\"wp-block-paragraph\"><strong>23<\/strong> Mory Diaw<br><strong>15<\/strong> Kr\u00e9pin Diatta<br><strong>6<\/strong> Path\u00e9 Isma\u00ebl Ciss<br><strong>19<\/strong> Moussa Niakhat\u00e9<br><strong>14<\/strong> Ismail Jakobs<br><strong>21<\/strong> Habib Diarra<br><strong>5<\/strong> Idrissa Gana Gueye (capit\u00e3o)<br><strong>26<\/strong> Pape Gueye<br><strong>13<\/strong> Iliman Ndiaye<br><strong>18<\/strong> Isma\u00efla Sarr<br><strong>10<\/strong> Sadio Man\u00e9<\/p>\n\n\n\n<p class=\"wp-block-paragraph\"><strong>T\u00e9cnico:<\/strong> Pape Thiaw.<\/p>\n","protected":false},"excerpt":{"rendered":"<p>B\u00e9lgica e Senegal se enfrentam nesta quarta-feira, 1\u00ba, pelos 16 avos de final da Copa do Mundo de 2026. A partida ser\u00e1&hellip;<\/p>\n","protected":false},"author":5,"featured_media":9529,"comment_status":"open","ping_status":"open","sticky":false,"template":"","format":"standard","meta":{"footnotes":""},"categories":[8],"tags":[110,2415,23,75,44,29,613],"class_list":["post-9528","post","type-post","status-publish","format-standard","has-post-thumbnail","hentry","category-ultimas-noticias","tag-110","tag-belgica-2","tag-copa-do-mundo","tag-copa-do-mundo-2026","tag-fifa","tag-futebol","tag-senegal"],"yoast_head":"<!-- This site is optimized with the Yoast SEO plugin v28.0 - https:\/\/yoast.com\/product\/yoast-seo-wordpress\/ -->\n<title>B\u00e9lgica x Senegal: hor\u00e1rio, transmiss\u00e3o, escala\u00e7\u00f5es<\/title>\n<meta name=\"description\" content=\"A partida ser\u00e1 disputada \u00e0s 17h (de Bras\u00edlia), no Seattle Stadium (Lumen Field), em Seattle, nos Estados Unidos.\" \/>\n<meta name=\"robots\" content=\"index, follow, max-snippet:-1, max-image-preview:large, max-video-preview:-1\" \/>\n<link rel=\"canonical\" href=\"https:\/\/revistaoeste.com\/esporte\/belgica-x-senegal-horario-transmissao-escalacoes-e-tudo-sobre-o-duelo-da-copa\/\" \/>\n<meta property=\"og:locale\" content=\"pt_BR\" \/>\n<meta property=\"og:type\" content=\"article\" \/>\n<meta property=\"og:title\" content=\"B\u00e9lgica x Senegal: hor\u00e1rio, transmiss\u00e3o, escala\u00e7\u00f5es\" \/>\n<meta property=\"og:description\" content=\"A partida ser\u00e1 disputada \u00e0s 17h (de Bras\u00edlia), no Seattle Stadium (Lumen Field), em Seattle, nos Estados Unidos.\" \/>\n<meta property=\"og:url\" content=\"https:\/\/revistaoeste.com\/esporte\/belgica-x-senegal-horario-transmissao-escalacoes-e-tudo-sobre-o-duelo-da-copa\/\" \/>\n<meta property=\"og:site_name\" content=\"Oeste Esporte\" \/>\n<meta property=\"article:publisher\" content=\"https:\/\/www.facebook.com\/oesterevista\/\" \/>\n<meta property=\"article:published_time\" content=\"2026-07-01T19:01:46+00:00\" \/>\n<meta property=\"article:modified_time\" content=\"2026-07-01T19:01:59+00:00\" \/>\n<meta property=\"og:image\" content=\"https:\/\/revistaoeste.com\/esporte\/wp-content\/uploads\/2026\/07\/de-bruyne-belgica.png\" \/>\n\t<meta property=\"og:image:width\" content=\"640\" \/>\n\t<meta property=\"og:image:height\" content=\"456\" \/>\n\t<meta property=\"og:image:type\" content=\"image\/png\" \/>\n<meta name=\"author\" content=\"Oeste Esporte\" \/>\n<meta name=\"twitter:card\" content=\"summary_large_image\" \/>\n<meta name=\"twitter:creator\" content=\"@revistaoeste\" \/>\n<meta name=\"twitter:site\" content=\"@revistaoeste\" \/>\n<meta name=\"twitter:label1\" content=\"Escrito por\" \/>\n\t<meta name=\"twitter:data1\" content=\"Oeste Esporte\" \/>\n\t<meta name=\"twitter:label2\" content=\"Est. tempo de leitura\" \/>\n\t<meta name=\"twitter:data2\" content=\"3 minutos\" \/>\n<script type=\"application\/ld+json\" class=\"yoast-schema-graph\">{\"@context\":\"https:\\\/\\\/schema.org\",\"@graph\":[{\"@type\":\"Article\",\"@id\":\"https:\\\/\\\/revistaoeste.com\\\/esporte\\\/belgica-x-senegal-horario-transmissao-escalacoes-e-tudo-sobre-o-duelo-da-copa\\\/#article\",\"isPartOf\":{\"@id\":\"https:\\\/\\\/revistaoeste.com\\\/esporte\\\/belgica-x-senegal-horario-transmissao-escalacoes-e-tudo-sobre-o-duelo-da-copa\\\/\"},\"author\":{\"name\":\"Oeste Esporte\",\"@id\":\"https:\\\/\\\/revistaoeste.com\\\/esporte\\\/#\\\/schema\\\/person\\\/6622e4d5d99a35adf0de88128e8d66a9\"},\"headline\":\"B\u00e9lgica x Senegal: hor\u00e1rio, transmiss\u00e3o, escala\u00e7\u00f5es e tudo sobre o duelo da Copa\",\"datePublished\":\"2026-07-01T19:01:46+00:00\",\"dateModified\":\"2026-07-01T19:01:59+00:00\",\"mainEntityOfPage\":{\"@id\":\"https:\\\/\\\/revistaoeste.com\\\/esporte\\\/belgica-x-senegal-horario-transmissao-escalacoes-e-tudo-sobre-o-duelo-da-copa\\\/\"},\"wordCount\":495,\"commentCount\":0,\"publisher\":{\"@id\":\"https:\\\/\\\/revistaoeste.com\\\/esporte\\\/#organization\"},\"image\":{\"@id\":\"https:\\\/\\\/revistaoeste.com\\\/esporte\\\/belgica-x-senegal-horario-transmissao-escalacoes-e-tudo-sobre-o-duelo-da-copa\\\/#primaryimage\"},\"thumbnailUrl\":\"https:\\\/\\\/revistaoeste.com\\\/esporte\\\/wp-content\\\/uploads\\\/2026\\\/07\\\/de-bruyne-belgica.png\",\"keywords\":[\"2026\",\"belgica\",\"Copa do Mundo\",\"Copa do Mundo 2026\",\"FIFA\",\"futebol\",\"Senegal\"],\"articleSection\":[\"\u00daltimas Not\u00edcias\"],\"inLanguage\":\"pt-BR\",\"potentialAction\":[{\"@type\":\"CommentAction\",\"name\":\"Comment\",\"target\":[\"https:\\\/\\\/revistaoeste.com\\\/esporte\\\/belgica-x-senegal-horario-transmissao-escalacoes-e-tudo-sobre-o-duelo-da-copa\\\/#respond\"]}]},{\"@type\":\"WebPage\",\"@id\":\"https:\\\/\\\/revistaoeste.com\\\/esporte\\\/belgica-x-senegal-horario-transmissao-escalacoes-e-tudo-sobre-o-duelo-da-copa\\\/\",\"url\":\"https:\\\/\\\/revistaoeste.com\\\/esporte\\\/belgica-x-senegal-horario-transmissao-escalacoes-e-tudo-sobre-o-duelo-da-copa\\\/\",\"name\":\"B\u00e9lgica x Senegal: hor\u00e1rio, transmiss\u00e3o, escala\u00e7\u00f5es\",\"isPartOf\":{\"@id\":\"https:\\\/\\\/revistaoeste.com\\\/esporte\\\/#website\"},\"primaryImageOfPage\":{\"@id\":\"https:\\\/\\\/revistaoeste.com\\\/esporte\\\/belgica-x-senegal-horario-transmissao-escalacoes-e-tudo-sobre-o-duelo-da-copa\\\/#primaryimage\"},\"image\":{\"@id\":\"https:\\\/\\\/revistaoeste.com\\\/esporte\\\/belgica-x-senegal-horario-transmissao-escalacoes-e-tudo-sobre-o-duelo-da-copa\\\/#primaryimage\"},\"thumbnailUrl\":\"https:\\\/\\\/revistaoeste.com\\\/esporte\\\/wp-content\\\/uploads\\\/2026\\\/07\\\/de-bruyne-belgica.png\",\"datePublished\":\"2026-07-01T19:01:46+00:00\",\"dateModified\":\"2026-07-01T19:01:59+00:00\",\"description\":\"A partida ser\u00e1 disputada \u00e0s 17h (de Bras\u00edlia), no Seattle Stadium (Lumen Field), em Seattle, nos Estados Unidos.\",\"breadcrumb\":{\"@id\":\"https:\\\/\\\/revistaoeste.com\\\/esporte\\\/belgica-x-senegal-horario-transmissao-escalacoes-e-tudo-sobre-o-duelo-da-copa\\\/#breadcrumb\"},\"inLanguage\":\"pt-BR\",\"potentialAction\":[{\"@type\":\"ReadAction\",\"target\":[\"https:\\\/\\\/revistaoeste.com\\\/esporte\\\/belgica-x-senegal-horario-transmissao-escalacoes-e-tudo-sobre-o-duelo-da-copa\\\/\"]}]},{\"@type\":\"ImageObject\",\"inLanguage\":\"pt-BR\",\"@id\":\"https:\\\/\\\/revistaoeste.com\\\/esporte\\\/belgica-x-senegal-horario-transmissao-escalacoes-e-tudo-sobre-o-duelo-da-copa\\\/#primaryimage\",\"url\":\"https:\\\/\\\/revistaoeste.com\\\/esporte\\\/wp-content\\\/uploads\\\/2026\\\/07\\\/de-bruyne-belgica.png\",\"contentUrl\":\"https:\\\/\\\/revistaoeste.com\\\/esporte\\\/wp-content\\\/uploads\\\/2026\\\/07\\\/de-bruyne-belgica.png\",\"width\":640,\"height\":456,\"caption\":\"Belgica quer voltar a vencer em mata-mata de Copa | Foto: Reprodu\u00e7\u00e3o\"},{\"@type\":\"BreadcrumbList\",\"@id\":\"https:\\\/\\\/revistaoeste.com\\\/esporte\\\/belgica-x-senegal-horario-transmissao-escalacoes-e-tudo-sobre-o-duelo-da-copa\\\/#breadcrumb\",\"itemListElement\":[{\"@type\":\"ListItem\",\"position\":1,\"name\":\"In\u00edcio\",\"item\":\"https:\\\/\\\/revistaoeste.com\\\/esporte\\\/\"},{\"@type\":\"ListItem\",\"position\":2,\"name\":\"B\u00e9lgica x Senegal: hor\u00e1rio, transmiss\u00e3o, escala\u00e7\u00f5es e tudo sobre o duelo da Copa\"}]},{\"@type\":\"WebSite\",\"@id\":\"https:\\\/\\\/revistaoeste.com\\\/esporte\\\/#website\",\"url\":\"https:\\\/\\\/revistaoeste.com\\\/esporte\\\/\",\"name\":\"Oeste Esporte\",\"description\":\"Copa sem Firula\",\"publisher\":{\"@id\":\"https:\\\/\\\/revistaoeste.com\\\/esporte\\\/#organization\"},\"potentialAction\":[{\"@type\":\"SearchAction\",\"target\":{\"@type\":\"EntryPoint\",\"urlTemplate\":\"https:\\\/\\\/revistaoeste.com\\\/esporte\\\/?s={search_term_string}\"},\"query-input\":{\"@type\":\"PropertyValueSpecification\",\"valueRequired\":true,\"valueName\":\"search_term_string\"}}],\"inLanguage\":\"pt-BR\"},{\"@type\":\"Organization\",\"@id\":\"https:\\\/\\\/revistaoeste.com\\\/esporte\\\/#organization\",\"name\":\"Oeste Esporte\",\"url\":\"https:\\\/\\\/revistaoeste.com\\\/esporte\\\/\",\"logo\":{\"@type\":\"ImageObject\",\"inLanguage\":\"pt-BR\",\"@id\":\"https:\\\/\\\/revistaoeste.com\\\/esporte\\\/#\\\/schema\\\/logo\\\/image\\\/\",\"url\":\"https:\\\/\\\/revistaoeste.com\\\/esporte\\\/wp-content\\\/uploads\\\/2026\\\/03\\\/avatar.jpg\",\"contentUrl\":\"https:\\\/\\\/revistaoeste.com\\\/esporte\\\/wp-content\\\/uploads\\\/2026\\\/03\\\/avatar.jpg\",\"width\":500,\"height\":500,\"caption\":\"Oeste Esporte\"},\"image\":{\"@id\":\"https:\\\/\\\/revistaoeste.com\\\/esporte\\\/#\\\/schema\\\/logo\\\/image\\\/\"},\"sameAs\":[\"https:\\\/\\\/www.facebook.com\\\/oesterevista\\\/\",\"https:\\\/\\\/x.com\\\/revistaoeste\",\"https:\\\/\\\/www.youtube.com\\\/@OesteEsporte\",\"https:\\\/\\\/www.instagram.com\\\/revistaoeste\\\/\"]},{\"@type\":\"Person\",\"@id\":\"https:\\\/\\\/revistaoeste.com\\\/esporte\\\/#\\\/schema\\\/person\\\/6622e4d5d99a35adf0de88128e8d66a9\",\"name\":\"Oeste Esporte\",\"image\":{\"@type\":\"ImageObject\",\"inLanguage\":\"pt-BR\",\"@id\":\"https:\\\/\\\/secure.gravatar.com\\\/avatar\\\/8a2c5501fe5eb922c6c1838ad6a759fe758ecb18b48e36083e67f353c16e08ac?s=96&d=mm&r=g\",\"url\":\"https:\\\/\\\/secure.gravatar.com\\\/avatar\\\/8a2c5501fe5eb922c6c1838ad6a759fe758ecb18b48e36083e67f353c16e08ac?s=96&d=mm&r=g\",\"contentUrl\":\"https:\\\/\\\/secure.gravatar.com\\\/avatar\\\/8a2c5501fe5eb922c6c1838ad6a759fe758ecb18b48e36083e67f353c16e08ac?s=96&d=mm&r=g\",\"caption\":\"Oeste Esporte\"},\"url\":\"https:\\\/\\\/revistaoeste.com\\\/esporte\\\/author\\\/felipebellirevistaoeste-com\\\/\"}]}<\/script>\n<!-- \/ Yoast SEO plugin. -->","yoast_head_json":{"title":"B\u00e9lgica x Senegal: hor\u00e1rio, transmiss\u00e3o, escala\u00e7\u00f5es","description":"A partida ser\u00e1 disputada \u00e0s 17h (de Bras\u00edlia), no Seattle Stadium (Lumen Field), em Seattle, nos Estados Unidos.","robots":{"index":"index","follow":"follow","max-snippet":"max-snippet:-1","max-image-preview":"max-image-preview:large","max-video-preview":"max-video-preview:-1"},"canonical":"https:\/\/revistaoeste.com\/esporte\/belgica-x-senegal-horario-transmissao-escalacoes-e-tudo-sobre-o-duelo-da-copa\/","og_locale":"pt_BR","og_type":"article","og_title":"B\u00e9lgica x Senegal: hor\u00e1rio, transmiss\u00e3o, escala\u00e7\u00f5es","og_description":"A partida ser\u00e1 disputada \u00e0s 17h (de Bras\u00edlia), no Seattle Stadium (Lumen Field), em Seattle, nos Estados Unidos.","og_url":"https:\/\/revistaoeste.com\/esporte\/belgica-x-senegal-horario-transmissao-escalacoes-e-tudo-sobre-o-duelo-da-copa\/","og_site_name":"Oeste Esporte","article_publisher":"https:\/\/www.facebook.com\/oesterevista\/","article_published_time":"2026-07-01T19:01:46+00:00","article_modified_time":"2026-07-01T19:01:59+00:00","og_image":[{"width":640,"height":456,"url":"https:\/\/revistaoeste.com\/esporte\/wp-content\/uploads\/2026\/07\/de-bruyne-belgica.png","type":"image\/png"}],"author":"Oeste Esporte","twitter_card":"summary_large_image","twitter_creator":"@revistaoeste","twitter_site":"@revistaoeste","twitter_misc":{"Escrito por":"Oeste Esporte","Est. tempo de leitura":"3 minutos"},"schema":{"@context":"https:\/\/schema.org","@graph":[{"@type":"Article","@id":"https:\/\/revistaoeste.com\/esporte\/belgica-x-senegal-horario-transmissao-escalacoes-e-tudo-sobre-o-duelo-da-copa\/#article","isPartOf":{"@id":"https:\/\/revistaoeste.com\/esporte\/belgica-x-senegal-horario-transmissao-escalacoes-e-tudo-sobre-o-duelo-da-copa\/"},"author":{"name":"Oeste Esporte","@id":"https:\/\/revistaoeste.com\/esporte\/#\/schema\/person\/6622e4d5d99a35adf0de88128e8d66a9"},"headline":"B\u00e9lgica x Senegal: hor\u00e1rio, transmiss\u00e3o, escala\u00e7\u00f5es e tudo sobre o duelo da Copa","datePublished":"2026-07-01T19:01:46+00:00","dateModified":"2026-07-01T19:01:59+00:00","mainEntityOfPage":{"@id":"https:\/\/revistaoeste.com\/esporte\/belgica-x-senegal-horario-transmissao-escalacoes-e-tudo-sobre-o-duelo-da-copa\/"},"wordCount":495,"commentCount":0,"publisher":{"@id":"https:\/\/revistaoeste.com\/esporte\/#organization"},"image":{"@id":"https:\/\/revistaoeste.com\/esporte\/belgica-x-senegal-horario-transmissao-escalacoes-e-tudo-sobre-o-duelo-da-copa\/#primaryimage"},"thumbnailUrl":"https:\/\/revistaoeste.com\/esporte\/wp-content\/uploads\/2026\/07\/de-bruyne-belgica.png","keywords":["2026","belgica","Copa do Mundo","Copa do Mundo 2026","FIFA","futebol","Senegal"],"articleSection":["\u00daltimas Not\u00edcias"],"inLanguage":"pt-BR","potentialAction":[{"@type":"CommentAction","name":"Comment","target":["https:\/\/revistaoeste.com\/esporte\/belgica-x-senegal-horario-transmissao-escalacoes-e-tudo-sobre-o-duelo-da-copa\/#respond"]}]},{"@type":"WebPage","@id":"https:\/\/revistaoeste.com\/esporte\/belgica-x-senegal-horario-transmissao-escalacoes-e-tudo-sobre-o-duelo-da-copa\/","url":"https:\/\/revistaoeste.com\/esporte\/belgica-x-senegal-horario-transmissao-escalacoes-e-tudo-sobre-o-duelo-da-copa\/","name":"B\u00e9lgica x Senegal: hor\u00e1rio, transmiss\u00e3o, escala\u00e7\u00f5es","isPartOf":{"@id":"https:\/\/revistaoeste.com\/esporte\/#website"},"primaryImageOfPage":{"@id":"https:\/\/revistaoeste.com\/esporte\/belgica-x-senegal-horario-transmissao-escalacoes-e-tudo-sobre-o-duelo-da-copa\/#primaryimage"},"image":{"@id":"https:\/\/revistaoeste.com\/esporte\/belgica-x-senegal-horario-transmissao-escalacoes-e-tudo-sobre-o-duelo-da-copa\/#primaryimage"},"thumbnailUrl":"https:\/\/revistaoeste.com\/esporte\/wp-content\/uploads\/2026\/07\/de-bruyne-belgica.png","datePublished":"2026-07-01T19:01:46+00:00","dateModified":"2026-07-01T19:01:59+00:00","description":"A partida ser\u00e1 disputada \u00e0s 17h (de Bras\u00edlia), no Seattle Stadium (Lumen Field), em Seattle, nos Estados Unidos.","breadcrumb":{"@id":"https:\/\/revistaoeste.com\/esporte\/belgica-x-senegal-horario-transmissao-escalacoes-e-tudo-sobre-o-duelo-da-copa\/#breadcrumb"},"inLanguage":"pt-BR","potentialAction":[{"@type":"ReadAction","target":["https:\/\/revistaoeste.com\/esporte\/belgica-x-senegal-horario-transmissao-escalacoes-e-tudo-sobre-o-duelo-da-copa\/"]}]},{"@type":"ImageObject","inLanguage":"pt-BR","@id":"https:\/\/revistaoeste.com\/esporte\/belgica-x-senegal-horario-transmissao-escalacoes-e-tudo-sobre-o-duelo-da-copa\/#primaryimage","url":"https:\/\/revistaoeste.com\/esporte\/wp-content\/uploads\/2026\/07\/de-bruyne-belgica.png","contentUrl":"https:\/\/revistaoeste.com\/esporte\/wp-content\/uploads\/2026\/07\/de-bruyne-belgica.png","width":640,"height":456,"caption":"Belgica quer voltar a vencer em mata-mata de Copa | Foto: Reprodu\u00e7\u00e3o"},{"@type":"BreadcrumbList","@id":"https:\/\/revistaoeste.com\/esporte\/belgica-x-senegal-horario-transmissao-escalacoes-e-tudo-sobre-o-duelo-da-copa\/#breadcrumb","itemListElement":[{"@type":"ListItem","position":1,"name":"In\u00edcio","item":"https:\/\/revistaoeste.com\/esporte\/"},{"@type":"ListItem","position":2,"name":"B\u00e9lgica x Senegal: hor\u00e1rio, transmiss\u00e3o, escala\u00e7\u00f5es e tudo sobre o duelo da Copa"}]},{"@type":"WebSite","@id":"https:\/\/revistaoeste.com\/esporte\/#website","url":"https:\/\/revistaoeste.com\/esporte\/","name":"Oeste Esporte","description":"Copa sem Firula","publisher":{"@id":"https:\/\/revistaoeste.com\/esporte\/#organization"},"potentialAction":[{"@type":"SearchAction","target":{"@type":"EntryPoint","urlTemplate":"https:\/\/revistaoeste.com\/esporte\/?s={search_term_string}"},"query-input":{"@type":"PropertyValueSpecification","valueRequired":true,"valueName":"search_term_string"}}],"inLanguage":"pt-BR"},{"@type":"Organization","@id":"https:\/\/revistaoeste.com\/esporte\/#organization","name":"Oeste Esporte","url":"https:\/\/revistaoeste.com\/esporte\/","logo":{"@type":"ImageObject","inLanguage":"pt-BR","@id":"https:\/\/revistaoeste.com\/esporte\/#\/schema\/logo\/image\/","url":"https:\/\/revistaoeste.com\/esporte\/wp-content\/uploads\/2026\/03\/avatar.jpg","contentUrl":"https:\/\/revistaoeste.com\/esporte\/wp-content\/uploads\/2026\/03\/avatar.jpg","width":500,"height":500,"caption":"Oeste Esporte"},"image":{"@id":"https:\/\/revistaoeste.com\/esporte\/#\/schema\/logo\/image\/"},"sameAs":["https:\/\/www.facebook.com\/oesterevista\/","https:\/\/x.com\/revistaoeste","https:\/\/www.youtube.com\/@OesteEsporte","https:\/\/www.instagram.com\/revistaoeste\/"]},{"@type":"Person","@id":"https:\/\/revistaoeste.com\/esporte\/#\/schema\/person\/6622e4d5d99a35adf0de88128e8d66a9","name":"Oeste Esporte","image":{"@type":"ImageObject","inLanguage":"pt-BR","@id":"https:\/\/secure.gravatar.com\/avatar\/8a2c5501fe5eb922c6c1838ad6a759fe758ecb18b48e36083e67f353c16e08ac?s=96&d=mm&r=g","url":"https:\/\/secure.gravatar.com\/avatar\/8a2c5501fe5eb922c6c1838ad6a759fe758ecb18b48e36083e67f353c16e08ac?s=96&d=mm&r=g","contentUrl":"https:\/\/secure.gravatar.com\/avatar\/8a2c5501fe5eb922c6c1838ad6a759fe758ecb18b48e36083e67f353c16e08ac?s=96&d=mm&r=g","caption":"Oeste Esporte"},"url":"https:\/\/revistaoeste.com\/esporte\/author\/felipebellirevistaoeste-com\/"}]}},"_links":{"self":[{"href":"https:\/\/revistaoeste.com\/esporte\/wp-json\/wp\/v2\/posts\/9528","targetHints":{"allow":["GET"]}}],"collection":[{"href":"https:\/\/revistaoeste.com\/esporte\/wp-json\/wp\/v2\/posts"}],"about":[{"href":"https:\/\/revistaoeste.com\/esporte\/wp-json\/wp\/v2\/types\/post"}],"author":[{"embeddable":true,"href":"https:\/\/revistaoeste.com\/esporte\/wp-json\/wp\/v2\/users\/5"}],"replies":[{"embeddable":true,"href":"https:\/\/revistaoeste.com\/esporte\/wp-json\/wp\/v2\/comments?post=9528"}],"version-history":[{"count":2,"href":"https:\/\/revistaoeste.com\/esporte\/wp-json\/wp\/v2\/posts\/9528\/revisions"}],"predecessor-version":[{"id":9531,"href":"https:\/\/revistaoeste.com\/esporte\/wp-json\/wp\/v2\/posts\/9528\/revisions\/9531"}],"wp:featuredmedia":[{"embeddable":true,"href":"https:\/\/revistaoeste.com\/esporte\/wp-json\/wp\/v2\/media\/9529"}],"wp:attachment":[{"href":"https:\/\/revistaoeste.com\/esporte\/wp-json\/wp\/v2\/media?parent=9528"}],"wp:term":[{"taxonomy":"category","embeddable":true,"href":"https:\/\/revistaoeste.com\/esporte\/wp-json\/wp\/v2\/categories?post=9528"},{"taxonomy":"post_tag","embeddable":true,"href":"https:\/\/revistaoeste.com\/esporte\/wp-json\/wp\/v2\/tags?post=9528"}],"curies":[{"name":"wp","href":"https:\/\/api.w.org\/{rel}","templated":true}]}}