{"id":9542,"date":"2026-07-01T18:30:00","date_gmt":"2026-07-01T21:30:00","guid":{"rendered":"https:\/\/revistaoeste.com\/esporte\/?p=9542"},"modified":"2026-07-01T17:49:49","modified_gmt":"2026-07-01T20:49:49","slug":"kroos-faz-dura-analise-da-alemanha-depois-de-eliminacao-na-copa","status":"publish","type":"post","link":"https:\/\/revistaoeste.com\/esporte\/kroos-faz-dura-analise-da-alemanha-depois-de-eliminacao-na-copa\/","title":{"rendered":"Kroos faz dura an\u00e1lise da Alemanha depois de elimina\u00e7\u00e3o na Copa"},"content":{"rendered":"\n<p class=\"wp-block-paragraph\">A elimina\u00e7\u00e3o precoce da Alemanha na Copa do Mundo de 2026 continua repercutindo dentro e fora do pa\u00eds. Um dos maiores \u00eddolos da hist\u00f3ria recente da sele\u00e7\u00e3o alem\u00e3, Toni Kroos fez uma an\u00e1lise contundente sobre o momento vivido pela Mannschaft e afirmou que o principal problema da equipe \u00e9 a falta de jogadores capazes de decidir partidas em alto n\u00edvel.<\/p>\n\n\n\n<p class=\"wp-block-paragraph\"><strong>+ Leia mais not\u00edcias de&nbsp;<a href=\"https:\/\/revistaoeste.com\/esporte\/\">Oeste Esporte<\/a><\/strong><\/p>\n\n\n\n<p class=\"wp-block-paragraph\">Em entrevista ao podcast <em>Einfach mal Luppen<\/em>, o ex-meio-campista do Real Madrid afirmou que a atual gera\u00e7\u00e3o alem\u00e3 sofre com a aus\u00eancia de atletas considerados de elite no futebol mundial, cen\u00e1rio que, segundo ele, ficou evidente durante a campanha no Mundial.<\/p>\n\n\n\n<p class=\"wp-block-paragraph\">Kroos foi direto ao analisar o elenco alem\u00e3o e n\u00e3o poupou cr\u00edticas ao n\u00edvel t\u00e9cnico da equipe.<\/p>\n\n\n\n<p class=\"wp-block-paragraph\"><em>&#8220;Atualmente, n\u00e3o temos nenhum jogador de classe mundial. Temos atletas com potencial para isso, mas isso n\u00e3o significa que j\u00e1 sejam de classe mundial.&#8221;<\/em><\/p>\n\n\n\n<p class=\"wp-block-paragraph\">O ex-jogador acredita que essa diferen\u00e7a ficou evidente ao longo da competi\u00e7\u00e3o. Para ele, as sele\u00e7\u00f5es que seguem vivas na disputa contam justamente com atletas capazes de decidir partidas nos momentos mais importantes.<\/p>\n\n\n\n<p class=\"wp-block-paragraph\"><strong>&#8220;<\/strong><em>Os jogadores de classe mundial est\u00e3o decidindo as partidas desta Copa do Mundo e lideram a artilharia do torneio. N\u00f3s n\u00e3o temos nenhum ali, e precisamos ser honestos sobre isso.<\/em><strong>&#8220;<\/strong><\/p>\n\n\n\n<p class=\"wp-block-paragraph\">A Alemanha chegou \u00e0 Copa cercada de expectativas ap\u00f3s a boa campanha na Eurocopa disputada em casa, mas voltou a decepcionar. A equipe acabou eliminada nos 16 avos de final ao perder para o Paraguai, resultado que aumentou a press\u00e3o sobre a renova\u00e7\u00e3o do futebol alem\u00e3o.<\/p>\n\n\n\n<p class=\"wp-block-paragraph\">Na vis\u00e3o de Kroos, a atual gera\u00e7\u00e3o perdeu uma das principais caracter\u00edsticas das equipes que marcaram \u00e9poca com a camisa da Alemanha: a capacidade de crescer nos momentos decisivos.<\/p>\n\n\n\n<p class=\"wp-block-paragraph\"><strong>&#8220;<\/strong><em>Nos torneios em que fomos bem, eu sempre sentia que pod\u00edamos elevar o nosso n\u00edvel quando necess\u00e1rio. Esta sele\u00e7\u00e3o j\u00e1 n\u00e3o \u00e9 mais capaz de fazer isso. Apenas achamos que somos melhores que o Paraguai e que vencer\u00edamos de qualquer forma<\/em><strong>.&#8221;<\/strong><\/p>\n\n\n\n<p class=\"wp-block-paragraph\">As declara\u00e7\u00f5es repercutiram rapidamente na imprensa alem\u00e3 e reacenderam o debate sobre o futuro da Mannschaft. Enquanto parte dos torcedores concorda com a avalia\u00e7\u00e3o do ex-camisa 8, outros defendem que jogadores como Jamal Musiala, Florian Wirtz e Antonio R\u00fcdiger possuem qualidade suficiente para liderar a reconstru\u00e7\u00e3o da sele\u00e7\u00e3o nos pr\u00f3ximos anos.<\/p>\n\n\n\n<p class=\"wp-block-paragraph\">Apesar das cr\u00edticas, Kroos demonstrou confian\u00e7a na recupera\u00e7\u00e3o da Alemanha a longo prazo. O ex-meio-campista acredita que o pa\u00eds continua revelando talentos, mas defende um processo de forma\u00e7\u00e3o que volte a produzir jogadores capazes de assumir o protagonismo em grandes competi\u00e7\u00f5es.<\/p>\n\n\n\n<p class=\"wp-block-paragraph\">Eliminada da Copa do Mundo, a Alemanha agora inicia um novo ciclo pensando na Eurocopa de 2028, com o desafio de recuperar o protagonismo perdido no cen\u00e1rio internacional ap\u00f3s mais uma campanha abaixo das expectativas.<\/p>\n\n\n\n<p class=\"wp-block-paragraph\"><\/p>\n","protected":false},"excerpt":{"rendered":"<p>A elimina\u00e7\u00e3o precoce da Alemanha na Copa do Mundo de 2026 continua repercutindo dentro e fora do pa\u00eds. Um dos maiores \u00eddolos&hellip;<\/p>\n","protected":false},"author":5,"featured_media":9545,"comment_status":"open","ping_status":"open","sticky":false,"template":"","format":"standard","meta":{"footnotes":""},"categories":[8],"tags":[110,259,23,75,44,29,3240],"class_list":["post-9542","post","type-post","status-publish","format-standard","has-post-thumbnail","hentry","category-ultimas-noticias","tag-110","tag-alemanha","tag-copa-do-mundo","tag-copa-do-mundo-2026","tag-fifa","tag-futebol","tag-kroos"],"yoast_head":"<!-- This site is optimized with the Yoast SEO plugin v28.0 - https:\/\/yoast.com\/product\/yoast-seo-wordpress\/ -->\n<title>Kroos faz dura an\u00e1lise da Alemanha depois de elimina\u00e7\u00e3o na Copa<\/title>\n<meta name=\"description\" content=\"Toni Kroos fez uma an\u00e1lise contundente sobre o momento vivido pela Mannschaft e afirmou que o principal problema da equipe \u00e9 a falta de jogadores capazes de decidir partidas em alto n\u00edvel.\" \/>\n<meta name=\"robots\" content=\"index, follow, max-snippet:-1, max-image-preview:large, max-video-preview:-1\" \/>\n<link rel=\"canonical\" href=\"https:\/\/revistaoeste.com\/esporte\/kroos-faz-dura-analise-da-alemanha-depois-de-eliminacao-na-copa\/\" \/>\n<meta property=\"og:locale\" content=\"pt_BR\" \/>\n<meta property=\"og:type\" content=\"article\" \/>\n<meta property=\"og:title\" content=\"Kroos faz dura an\u00e1lise da Alemanha depois de elimina\u00e7\u00e3o na Copa\" \/>\n<meta property=\"og:description\" content=\"Toni Kroos fez uma an\u00e1lise contundente sobre o momento vivido pela Mannschaft e afirmou que o principal problema da equipe \u00e9 a falta de jogadores capazes de decidir partidas em alto n\u00edvel.\" \/>\n<meta property=\"og:url\" content=\"https:\/\/revistaoeste.com\/esporte\/kroos-faz-dura-analise-da-alemanha-depois-de-eliminacao-na-copa\/\" \/>\n<meta property=\"og:site_name\" content=\"Oeste Esporte\" \/>\n<meta property=\"article:publisher\" content=\"https:\/\/www.facebook.com\/oesterevista\/\" \/>\n<meta property=\"article:published_time\" content=\"2026-07-01T21:30:00+00:00\" \/>\n<meta property=\"og:image\" content=\"https:\/\/revistaoeste.com\/esporte\/wp-content\/uploads\/2026\/07\/Kroos.png\" \/>\n\t<meta property=\"og:image:width\" content=\"640\" \/>\n\t<meta property=\"og:image:height\" content=\"402\" \/>\n\t<meta property=\"og:image:type\" content=\"image\/png\" \/>\n<meta name=\"author\" content=\"Oeste Esporte\" \/>\n<meta name=\"twitter:card\" content=\"summary_large_image\" \/>\n<meta name=\"twitter:creator\" content=\"@revistaoeste\" \/>\n<meta name=\"twitter:site\" content=\"@revistaoeste\" \/>\n<meta name=\"twitter:label1\" content=\"Escrito por\" \/>\n\t<meta name=\"twitter:data1\" content=\"Oeste Esporte\" \/>\n\t<meta name=\"twitter:label2\" content=\"Est. tempo de leitura\" \/>\n\t<meta name=\"twitter:data2\" content=\"3 minutos\" \/>\n<script type=\"application\/ld+json\" class=\"yoast-schema-graph\">{\"@context\":\"https:\\\/\\\/schema.org\",\"@graph\":[{\"@type\":\"Article\",\"@id\":\"https:\\\/\\\/revistaoeste.com\\\/esporte\\\/kroos-faz-dura-analise-da-alemanha-depois-de-eliminacao-na-copa\\\/#article\",\"isPartOf\":{\"@id\":\"https:\\\/\\\/revistaoeste.com\\\/esporte\\\/kroos-faz-dura-analise-da-alemanha-depois-de-eliminacao-na-copa\\\/\"},\"author\":{\"name\":\"Oeste Esporte\",\"@id\":\"https:\\\/\\\/revistaoeste.com\\\/esporte\\\/#\\\/schema\\\/person\\\/6622e4d5d99a35adf0de88128e8d66a9\"},\"headline\":\"Kroos faz dura an\u00e1lise da Alemanha depois de elimina\u00e7\u00e3o na Copa\",\"datePublished\":\"2026-07-01T21:30:00+00:00\",\"mainEntityOfPage\":{\"@id\":\"https:\\\/\\\/revistaoeste.com\\\/esporte\\\/kroos-faz-dura-analise-da-alemanha-depois-de-eliminacao-na-copa\\\/\"},\"wordCount\":511,\"commentCount\":0,\"publisher\":{\"@id\":\"https:\\\/\\\/revistaoeste.com\\\/esporte\\\/#organization\"},\"image\":{\"@id\":\"https:\\\/\\\/revistaoeste.com\\\/esporte\\\/kroos-faz-dura-analise-da-alemanha-depois-de-eliminacao-na-copa\\\/#primaryimage\"},\"thumbnailUrl\":\"https:\\\/\\\/revistaoeste.com\\\/esporte\\\/wp-content\\\/uploads\\\/2026\\\/07\\\/Kroos.png\",\"keywords\":[\"2026\",\"Alemanha\",\"Copa do Mundo\",\"Copa do Mundo 2026\",\"FIFA\",\"futebol\",\"kroos\"],\"articleSection\":[\"\u00daltimas Not\u00edcias\"],\"inLanguage\":\"pt-BR\",\"potentialAction\":[{\"@type\":\"CommentAction\",\"name\":\"Comment\",\"target\":[\"https:\\\/\\\/revistaoeste.com\\\/esporte\\\/kroos-faz-dura-analise-da-alemanha-depois-de-eliminacao-na-copa\\\/#respond\"]}]},{\"@type\":\"WebPage\",\"@id\":\"https:\\\/\\\/revistaoeste.com\\\/esporte\\\/kroos-faz-dura-analise-da-alemanha-depois-de-eliminacao-na-copa\\\/\",\"url\":\"https:\\\/\\\/revistaoeste.com\\\/esporte\\\/kroos-faz-dura-analise-da-alemanha-depois-de-eliminacao-na-copa\\\/\",\"name\":\"Kroos faz dura an\u00e1lise da Alemanha depois de elimina\u00e7\u00e3o na Copa\",\"isPartOf\":{\"@id\":\"https:\\\/\\\/revistaoeste.com\\\/esporte\\\/#website\"},\"primaryImageOfPage\":{\"@id\":\"https:\\\/\\\/revistaoeste.com\\\/esporte\\\/kroos-faz-dura-analise-da-alemanha-depois-de-eliminacao-na-copa\\\/#primaryimage\"},\"image\":{\"@id\":\"https:\\\/\\\/revistaoeste.com\\\/esporte\\\/kroos-faz-dura-analise-da-alemanha-depois-de-eliminacao-na-copa\\\/#primaryimage\"},\"thumbnailUrl\":\"https:\\\/\\\/revistaoeste.com\\\/esporte\\\/wp-content\\\/uploads\\\/2026\\\/07\\\/Kroos.png\",\"datePublished\":\"2026-07-01T21:30:00+00:00\",\"description\":\"Toni Kroos fez uma an\u00e1lise contundente sobre o momento vivido pela Mannschaft e afirmou que o principal problema da equipe \u00e9 a falta de jogadores capazes de decidir partidas em alto n\u00edvel.\",\"breadcrumb\":{\"@id\":\"https:\\\/\\\/revistaoeste.com\\\/esporte\\\/kroos-faz-dura-analise-da-alemanha-depois-de-eliminacao-na-copa\\\/#breadcrumb\"},\"inLanguage\":\"pt-BR\",\"potentialAction\":[{\"@type\":\"ReadAction\",\"target\":[\"https:\\\/\\\/revistaoeste.com\\\/esporte\\\/kroos-faz-dura-analise-da-alemanha-depois-de-eliminacao-na-copa\\\/\"]}]},{\"@type\":\"ImageObject\",\"inLanguage\":\"pt-BR\",\"@id\":\"https:\\\/\\\/revistaoeste.com\\\/esporte\\\/kroos-faz-dura-analise-da-alemanha-depois-de-eliminacao-na-copa\\\/#primaryimage\",\"url\":\"https:\\\/\\\/revistaoeste.com\\\/esporte\\\/wp-content\\\/uploads\\\/2026\\\/07\\\/Kroos.png\",\"contentUrl\":\"https:\\\/\\\/revistaoeste.com\\\/esporte\\\/wp-content\\\/uploads\\\/2026\\\/07\\\/Kroos.png\",\"width\":640,\"height\":402,\"caption\":\"Kroos faz duras cr\u00edticas sobre a Sele\u00e7\u00e3o Alem\u00e3 | Foto: Reprodu\u00e7\u00e3o\\\/ RealMadrid\"},{\"@type\":\"BreadcrumbList\",\"@id\":\"https:\\\/\\\/revistaoeste.com\\\/esporte\\\/kroos-faz-dura-analise-da-alemanha-depois-de-eliminacao-na-copa\\\/#breadcrumb\",\"itemListElement\":[{\"@type\":\"ListItem\",\"position\":1,\"name\":\"In\u00edcio\",\"item\":\"https:\\\/\\\/revistaoeste.com\\\/esporte\\\/\"},{\"@type\":\"ListItem\",\"position\":2,\"name\":\"Kroos faz dura an\u00e1lise da Alemanha depois de elimina\u00e7\u00e3o na Copa\"}]},{\"@type\":\"WebSite\",\"@id\":\"https:\\\/\\\/revistaoeste.com\\\/esporte\\\/#website\",\"url\":\"https:\\\/\\\/revistaoeste.com\\\/esporte\\\/\",\"name\":\"Oeste Esporte\",\"description\":\"Copa sem Firula\",\"publisher\":{\"@id\":\"https:\\\/\\\/revistaoeste.com\\\/esporte\\\/#organization\"},\"potentialAction\":[{\"@type\":\"SearchAction\",\"target\":{\"@type\":\"EntryPoint\",\"urlTemplate\":\"https:\\\/\\\/revistaoeste.com\\\/esporte\\\/?s={search_term_string}\"},\"query-input\":{\"@type\":\"PropertyValueSpecification\",\"valueRequired\":true,\"valueName\":\"search_term_string\"}}],\"inLanguage\":\"pt-BR\"},{\"@type\":\"Organization\",\"@id\":\"https:\\\/\\\/revistaoeste.com\\\/esporte\\\/#organization\",\"name\":\"Oeste Esporte\",\"url\":\"https:\\\/\\\/revistaoeste.com\\\/esporte\\\/\",\"logo\":{\"@type\":\"ImageObject\",\"inLanguage\":\"pt-BR\",\"@id\":\"https:\\\/\\\/revistaoeste.com\\\/esporte\\\/#\\\/schema\\\/logo\\\/image\\\/\",\"url\":\"https:\\\/\\\/revistaoeste.com\\\/esporte\\\/wp-content\\\/uploads\\\/2026\\\/03\\\/avatar.jpg\",\"contentUrl\":\"https:\\\/\\\/revistaoeste.com\\\/esporte\\\/wp-content\\\/uploads\\\/2026\\\/03\\\/avatar.jpg\",\"width\":500,\"height\":500,\"caption\":\"Oeste Esporte\"},\"image\":{\"@id\":\"https:\\\/\\\/revistaoeste.com\\\/esporte\\\/#\\\/schema\\\/logo\\\/image\\\/\"},\"sameAs\":[\"https:\\\/\\\/www.facebook.com\\\/oesterevista\\\/\",\"https:\\\/\\\/x.com\\\/revistaoeste\",\"https:\\\/\\\/www.youtube.com\\\/@OesteEsporte\",\"https:\\\/\\\/www.instagram.com\\\/revistaoeste\\\/\"]},{\"@type\":\"Person\",\"@id\":\"https:\\\/\\\/revistaoeste.com\\\/esporte\\\/#\\\/schema\\\/person\\\/6622e4d5d99a35adf0de88128e8d66a9\",\"name\":\"Oeste Esporte\",\"image\":{\"@type\":\"ImageObject\",\"inLanguage\":\"pt-BR\",\"@id\":\"https:\\\/\\\/secure.gravatar.com\\\/avatar\\\/8a2c5501fe5eb922c6c1838ad6a759fe758ecb18b48e36083e67f353c16e08ac?s=96&d=mm&r=g\",\"url\":\"https:\\\/\\\/secure.gravatar.com\\\/avatar\\\/8a2c5501fe5eb922c6c1838ad6a759fe758ecb18b48e36083e67f353c16e08ac?s=96&d=mm&r=g\",\"contentUrl\":\"https:\\\/\\\/secure.gravatar.com\\\/avatar\\\/8a2c5501fe5eb922c6c1838ad6a759fe758ecb18b48e36083e67f353c16e08ac?s=96&d=mm&r=g\",\"caption\":\"Oeste Esporte\"},\"url\":\"https:\\\/\\\/revistaoeste.com\\\/esporte\\\/author\\\/felipebellirevistaoeste-com\\\/\"}]}<\/script>\n<!-- \/ Yoast SEO plugin. -->","yoast_head_json":{"title":"Kroos faz dura an\u00e1lise da Alemanha depois de elimina\u00e7\u00e3o na Copa","description":"Toni Kroos fez uma an\u00e1lise contundente sobre o momento vivido pela Mannschaft e afirmou que o principal problema da equipe \u00e9 a falta de jogadores capazes de decidir partidas em alto n\u00edvel.","robots":{"index":"index","follow":"follow","max-snippet":"max-snippet:-1","max-image-preview":"max-image-preview:large","max-video-preview":"max-video-preview:-1"},"canonical":"https:\/\/revistaoeste.com\/esporte\/kroos-faz-dura-analise-da-alemanha-depois-de-eliminacao-na-copa\/","og_locale":"pt_BR","og_type":"article","og_title":"Kroos faz dura an\u00e1lise da Alemanha depois de elimina\u00e7\u00e3o na Copa","og_description":"Toni Kroos fez uma an\u00e1lise contundente sobre o momento vivido pela Mannschaft e afirmou que o principal problema da equipe \u00e9 a falta de jogadores capazes de decidir partidas em alto n\u00edvel.","og_url":"https:\/\/revistaoeste.com\/esporte\/kroos-faz-dura-analise-da-alemanha-depois-de-eliminacao-na-copa\/","og_site_name":"Oeste Esporte","article_publisher":"https:\/\/www.facebook.com\/oesterevista\/","article_published_time":"2026-07-01T21:30:00+00:00","og_image":[{"width":640,"height":402,"url":"https:\/\/revistaoeste.com\/esporte\/wp-content\/uploads\/2026\/07\/Kroos.png","type":"image\/png"}],"author":"Oeste Esporte","twitter_card":"summary_large_image","twitter_creator":"@revistaoeste","twitter_site":"@revistaoeste","twitter_misc":{"Escrito por":"Oeste Esporte","Est. tempo de leitura":"3 minutos"},"schema":{"@context":"https:\/\/schema.org","@graph":[{"@type":"Article","@id":"https:\/\/revistaoeste.com\/esporte\/kroos-faz-dura-analise-da-alemanha-depois-de-eliminacao-na-copa\/#article","isPartOf":{"@id":"https:\/\/revistaoeste.com\/esporte\/kroos-faz-dura-analise-da-alemanha-depois-de-eliminacao-na-copa\/"},"author":{"name":"Oeste Esporte","@id":"https:\/\/revistaoeste.com\/esporte\/#\/schema\/person\/6622e4d5d99a35adf0de88128e8d66a9"},"headline":"Kroos faz dura an\u00e1lise da Alemanha depois de elimina\u00e7\u00e3o na Copa","datePublished":"2026-07-01T21:30:00+00:00","mainEntityOfPage":{"@id":"https:\/\/revistaoeste.com\/esporte\/kroos-faz-dura-analise-da-alemanha-depois-de-eliminacao-na-copa\/"},"wordCount":511,"commentCount":0,"publisher":{"@id":"https:\/\/revistaoeste.com\/esporte\/#organization"},"image":{"@id":"https:\/\/revistaoeste.com\/esporte\/kroos-faz-dura-analise-da-alemanha-depois-de-eliminacao-na-copa\/#primaryimage"},"thumbnailUrl":"https:\/\/revistaoeste.com\/esporte\/wp-content\/uploads\/2026\/07\/Kroos.png","keywords":["2026","Alemanha","Copa do Mundo","Copa do Mundo 2026","FIFA","futebol","kroos"],"articleSection":["\u00daltimas Not\u00edcias"],"inLanguage":"pt-BR","potentialAction":[{"@type":"CommentAction","name":"Comment","target":["https:\/\/revistaoeste.com\/esporte\/kroos-faz-dura-analise-da-alemanha-depois-de-eliminacao-na-copa\/#respond"]}]},{"@type":"WebPage","@id":"https:\/\/revistaoeste.com\/esporte\/kroos-faz-dura-analise-da-alemanha-depois-de-eliminacao-na-copa\/","url":"https:\/\/revistaoeste.com\/esporte\/kroos-faz-dura-analise-da-alemanha-depois-de-eliminacao-na-copa\/","name":"Kroos faz dura an\u00e1lise da Alemanha depois de elimina\u00e7\u00e3o na Copa","isPartOf":{"@id":"https:\/\/revistaoeste.com\/esporte\/#website"},"primaryImageOfPage":{"@id":"https:\/\/revistaoeste.com\/esporte\/kroos-faz-dura-analise-da-alemanha-depois-de-eliminacao-na-copa\/#primaryimage"},"image":{"@id":"https:\/\/revistaoeste.com\/esporte\/kroos-faz-dura-analise-da-alemanha-depois-de-eliminacao-na-copa\/#primaryimage"},"thumbnailUrl":"https:\/\/revistaoeste.com\/esporte\/wp-content\/uploads\/2026\/07\/Kroos.png","datePublished":"2026-07-01T21:30:00+00:00","description":"Toni Kroos fez uma an\u00e1lise contundente sobre o momento vivido pela Mannschaft e afirmou que o principal problema da equipe \u00e9 a falta de jogadores capazes de decidir partidas em alto n\u00edvel.","breadcrumb":{"@id":"https:\/\/revistaoeste.com\/esporte\/kroos-faz-dura-analise-da-alemanha-depois-de-eliminacao-na-copa\/#breadcrumb"},"inLanguage":"pt-BR","potentialAction":[{"@type":"ReadAction","target":["https:\/\/revistaoeste.com\/esporte\/kroos-faz-dura-analise-da-alemanha-depois-de-eliminacao-na-copa\/"]}]},{"@type":"ImageObject","inLanguage":"pt-BR","@id":"https:\/\/revistaoeste.com\/esporte\/kroos-faz-dura-analise-da-alemanha-depois-de-eliminacao-na-copa\/#primaryimage","url":"https:\/\/revistaoeste.com\/esporte\/wp-content\/uploads\/2026\/07\/Kroos.png","contentUrl":"https:\/\/revistaoeste.com\/esporte\/wp-content\/uploads\/2026\/07\/Kroos.png","width":640,"height":402,"caption":"Kroos faz duras cr\u00edticas sobre a Sele\u00e7\u00e3o Alem\u00e3 | Foto: Reprodu\u00e7\u00e3o\/ RealMadrid"},{"@type":"BreadcrumbList","@id":"https:\/\/revistaoeste.com\/esporte\/kroos-faz-dura-analise-da-alemanha-depois-de-eliminacao-na-copa\/#breadcrumb","itemListElement":[{"@type":"ListItem","position":1,"name":"In\u00edcio","item":"https:\/\/revistaoeste.com\/esporte\/"},{"@type":"ListItem","position":2,"name":"Kroos faz dura an\u00e1lise da Alemanha depois de elimina\u00e7\u00e3o na Copa"}]},{"@type":"WebSite","@id":"https:\/\/revistaoeste.com\/esporte\/#website","url":"https:\/\/revistaoeste.com\/esporte\/","name":"Oeste Esporte","description":"Copa sem Firula","publisher":{"@id":"https:\/\/revistaoeste.com\/esporte\/#organization"},"potentialAction":[{"@type":"SearchAction","target":{"@type":"EntryPoint","urlTemplate":"https:\/\/revistaoeste.com\/esporte\/?s={search_term_string}"},"query-input":{"@type":"PropertyValueSpecification","valueRequired":true,"valueName":"search_term_string"}}],"inLanguage":"pt-BR"},{"@type":"Organization","@id":"https:\/\/revistaoeste.com\/esporte\/#organization","name":"Oeste Esporte","url":"https:\/\/revistaoeste.com\/esporte\/","logo":{"@type":"ImageObject","inLanguage":"pt-BR","@id":"https:\/\/revistaoeste.com\/esporte\/#\/schema\/logo\/image\/","url":"https:\/\/revistaoeste.com\/esporte\/wp-content\/uploads\/2026\/03\/avatar.jpg","contentUrl":"https:\/\/revistaoeste.com\/esporte\/wp-content\/uploads\/2026\/03\/avatar.jpg","width":500,"height":500,"caption":"Oeste Esporte"},"image":{"@id":"https:\/\/revistaoeste.com\/esporte\/#\/schema\/logo\/image\/"},"sameAs":["https:\/\/www.facebook.com\/oesterevista\/","https:\/\/x.com\/revistaoeste","https:\/\/www.youtube.com\/@OesteEsporte","https:\/\/www.instagram.com\/revistaoeste\/"]},{"@type":"Person","@id":"https:\/\/revistaoeste.com\/esporte\/#\/schema\/person\/6622e4d5d99a35adf0de88128e8d66a9","name":"Oeste Esporte","image":{"@type":"ImageObject","inLanguage":"pt-BR","@id":"https:\/\/secure.gravatar.com\/avatar\/8a2c5501fe5eb922c6c1838ad6a759fe758ecb18b48e36083e67f353c16e08ac?s=96&d=mm&r=g","url":"https:\/\/secure.gravatar.com\/avatar\/8a2c5501fe5eb922c6c1838ad6a759fe758ecb18b48e36083e67f353c16e08ac?s=96&d=mm&r=g","contentUrl":"https:\/\/secure.gravatar.com\/avatar\/8a2c5501fe5eb922c6c1838ad6a759fe758ecb18b48e36083e67f353c16e08ac?s=96&d=mm&r=g","caption":"Oeste Esporte"},"url":"https:\/\/revistaoeste.com\/esporte\/author\/felipebellirevistaoeste-com\/"}]}},"_links":{"self":[{"href":"https:\/\/revistaoeste.com\/esporte\/wp-json\/wp\/v2\/posts\/9542","targetHints":{"allow":["GET"]}}],"collection":[{"href":"https:\/\/revistaoeste.com\/esporte\/wp-json\/wp\/v2\/posts"}],"about":[{"href":"https:\/\/revistaoeste.com\/esporte\/wp-json\/wp\/v2\/types\/post"}],"author":[{"embeddable":true,"href":"https:\/\/revistaoeste.com\/esporte\/wp-json\/wp\/v2\/users\/5"}],"replies":[{"embeddable":true,"href":"https:\/\/revistaoeste.com\/esporte\/wp-json\/wp\/v2\/comments?post=9542"}],"version-history":[{"count":1,"href":"https:\/\/revistaoeste.com\/esporte\/wp-json\/wp\/v2\/posts\/9542\/revisions"}],"predecessor-version":[{"id":9546,"href":"https:\/\/revistaoeste.com\/esporte\/wp-json\/wp\/v2\/posts\/9542\/revisions\/9546"}],"wp:featuredmedia":[{"embeddable":true,"href":"https:\/\/revistaoeste.com\/esporte\/wp-json\/wp\/v2\/media\/9545"}],"wp:attachment":[{"href":"https:\/\/revistaoeste.com\/esporte\/wp-json\/wp\/v2\/media?parent=9542"}],"wp:term":[{"taxonomy":"category","embeddable":true,"href":"https:\/\/revistaoeste.com\/esporte\/wp-json\/wp\/v2\/categories?post=9542"},{"taxonomy":"post_tag","embeddable":true,"href":"https:\/\/revistaoeste.com\/esporte\/wp-json\/wp\/v2\/tags?post=9542"}],"curies":[{"name":"wp","href":"https:\/\/api.w.org\/{rel}","templated":true}]}}