{"id":9560,"date":"2026-07-01T20:00:00","date_gmt":"2026-07-01T23:00:00","guid":{"rendered":"https:\/\/revistaoeste.com\/esporte\/?p=9560"},"modified":"2026-07-01T19:32:53","modified_gmt":"2026-07-01T22:32:53","slug":"estados-unidos-x-bosnia-e-herzegovina-horario-transmissao-escalacoes-e-tudo-sobre-o-duelo-da-copa","status":"publish","type":"post","link":"https:\/\/revistaoeste.com\/esporte\/estados-unidos-x-bosnia-e-herzegovina-horario-transmissao-escalacoes-e-tudo-sobre-o-duelo-da-copa\/","title":{"rendered":"Estados Unidos x B\u00f3snia e Herzegovina: hor\u00e1rio, transmiss\u00e3o, escala\u00e7\u00f5es e tudo sobre o duelo da Copa"},"content":{"rendered":"\n<p class=\"wp-block-paragraph\">Estados Unidos e B\u00f3snia e Herzegovina se enfrentam nesta quarta-feira, 1\u00ba, pelos 16 avos de final da Copa do Mundo de 2026. A partida ser\u00e1 disputada \u00e0s 21h (de Bras\u00edlia), no Levi&#8217;s Stadium, em San Francisco, na Calif\u00f3rnia. Quem vencer enfrentar\u00e1 B\u00e9lgica ou Senegal nas oitavas de final.<\/p>\n\n\n\n<p class=\"wp-block-paragraph\"><strong>+ Leia mais not\u00edcias de&nbsp;<a href=\"https:\/\/revistaoeste.com\/esporte\/\">Oeste Esporte<\/a><\/strong><\/p>\n\n\n\n<p class=\"wp-block-paragraph\">Os EUA chegam embalados para o primeiro mata-mata do Mundial disputado em casa. A equipe comandada por Mauricio Pochettino terminou na lideran\u00e7a do Grupo D depois de vencer Paraguai e Austr\u00e1lia nas duas primeiras rodadas. Na \u00faltima partida, j\u00e1 classificada, acabou derrotada pela Turquia por 3 a 2 utilizando uma forma\u00e7\u00e3o alternativa, preservando titulares para a fase eliminat\u00f3ria.<\/p>\n\n\n\n<p class=\"wp-block-paragraph\">Jogando diante de sua torcida, os norte-americanos depositam as esperan\u00e7as em jogadores como Christian Pulisic, Weston McKennie, Tyler Adams e Folarin Balogun, que v\u00eam sendo pe\u00e7as importantes na campanha da sele\u00e7\u00e3o. O objetivo \u00e9 aproveitar o fator casa para alcan\u00e7ar as oitavas de final e seguir sonhando com a melhor campanha do pa\u00eds desde a Copa de 2002.<\/p>\n\n\n\n<p class=\"wp-block-paragraph\">Do outro lado, a B\u00f3snia e Herzegovina faz hist\u00f3ria em sua primeira participa\u00e7\u00e3o em uma fase de mata-mata de Copa do Mundo. A equipe comandada por Sergej Barbarez garantiu a classifica\u00e7\u00e3o como uma das melhores terceiras colocadas depois de empatar com o Canad\u00e1, perder para a Su\u00ed\u00e7a e vencer o Catar na rodada decisiva da fase de grupos.<\/p>\n\n\n\n<p class=\"wp-block-paragraph\">A principal refer\u00eancia da sele\u00e7\u00e3o b\u00f3snia segue sendo o experiente atacante Edin D\u017eeko, que lidera um elenco que aposta na organiza\u00e7\u00e3o defensiva e na efici\u00eancia nos contra-ataques para tentar surpreender os anfitri\u00f5es. A classifica\u00e7\u00e3o in\u00e9dita j\u00e1 representa a melhor campanha da hist\u00f3ria da B\u00f3snia em Copas do Mundo, mas a equipe quer ir al\u00e9m diante dos americanos.<\/p>\n\n\n\n<p class=\"wp-block-paragraph\">Este ser\u00e1 o primeiro confronto entre Estados Unidos e B\u00f3snia e Herzegovina em Copas do Mundo. No hist\u00f3rico geral, por\u00e9m, as sele\u00e7\u00f5es j\u00e1 se enfrentaram tr\u00eas vezes, com vantagem dos norte-americanos: duas vit\u00f3rias dos EUA e um empate. O duelo mais marcante aconteceu em 2013, quando os americanos buscaram uma virada por 4 a 3 em Sarajevo, com atua\u00e7\u00e3o hist\u00f3rica de Jozy Altidore.<\/p>\n\n\n\n<p class=\"wp-block-paragraph\">Apesar do favoritismo dos donos da casa, a expectativa \u00e9 de um confronto equilibrado. Os Estados Unidos tentar\u00e3o impor o ritmo desde o in\u00edcio, enquanto a B\u00f3snia aposta na experi\u00eancia de seu elenco e na for\u00e7a defensiva para surpreender e seguir escrevendo sua hist\u00f3ria no Mundial.<\/p>\n\n\n\n<h2 class=\"wp-block-heading\">Transmiss\u00e3o<\/h2>\n\n\n\n<p class=\"wp-block-paragraph\"><strong>Competi\u00e7\u00e3o:<\/strong> Copa do Mundo de 2026 \u2013 16 avos de final<\/p>\n\n\n\n<p class=\"wp-block-paragraph\"><strong>Data:<\/strong> Quarta-feira, 1\u00ba de julho de 2026<\/p>\n\n\n\n<p class=\"wp-block-paragraph\"><strong>Hor\u00e1rio:<\/strong> 21h (de Bras\u00edlia)<\/p>\n\n\n\n<p class=\"wp-block-paragraph\"><strong>Local:<\/strong> Levi&#8217;s Stadium, San Francisco (Estados Unidos)<\/p>\n\n\n\n<p class=\"wp-block-paragraph\"><strong>Transmiss\u00e3o:<\/strong> Caz\u00e9TV.<\/p>\n\n\n\n<h2 class=\"wp-block-heading\">escala\u00e7\u00e3o dos Estados Unidos<\/h2>\n\n\n\n<p class=\"wp-block-paragraph\"><strong>1<\/strong> Matt Freese<br><strong>16<\/strong> Alex Freeman<br><strong>13<\/strong> Tim Ream<br><strong>3<\/strong> Chris Richards<br><strong>2<\/strong> Sergi\u00f1o Dest<br><strong>4<\/strong> Tyler Adams (capit\u00e3o)<br><strong>17<\/strong> Malik Tillman<br><strong>5<\/strong> Antonee Robinson<br><strong>8<\/strong> Weston McKennie<br><strong>10<\/strong> Christian Pulisic<br><strong>20<\/strong> Folarin Balogun<\/p>\n\n\n\n<p class=\"wp-block-paragraph\"><strong>T\u00e9cnico:<\/strong> Mauricio Pochettino.<\/p>\n\n\n\n<h2 class=\"wp-block-heading\">escala\u00e7\u00e3o da B\u00f3snia e Herzegovina<\/h2>\n\n\n\n<p class=\"wp-block-paragraph\"><strong>1<\/strong> Nikola Vasilj<br><strong>7<\/strong> Amar Dedi\u0107<br><strong>4<\/strong> Tarik Muharemovi\u0107<br><strong>18<\/strong> Nikola Kati\u0107<br><strong>5<\/strong> Sead Kola\u0161inac (capit\u00e3o)<br><strong>20<\/strong> Esmir Bajraktarevi\u0107<br><strong>6<\/strong> Benjamin Tahirovi\u0107<br><strong>13<\/strong> Ivan Ba\u0161i\u0107<br><strong>19<\/strong> Kerim Alajbegovi\u0107<br><strong>10<\/strong> Ermedin Demirovi\u0107<br><strong>11<\/strong> Edin D\u017eeko<\/p>\n\n\n\n<p class=\"wp-block-paragraph\"><strong>T\u00e9cnico:<\/strong> Sergej Barbarez.<\/p>\n\n\n\n<p class=\"wp-block-paragraph\"><\/p>\n","protected":false},"excerpt":{"rendered":"<p>Estados Unidos e B\u00f3snia e Herzegovina se enfrentam nesta quarta-feira, 1\u00ba, pelos 16 avos de final da Copa do Mundo de 2026.&hellip;<\/p>\n","protected":false},"author":5,"featured_media":9562,"comment_status":"open","ping_status":"open","sticky":false,"template":"","format":"standard","meta":{"footnotes":""},"categories":[8],"tags":[110,2165,23,75,138,44,29],"class_list":["post-9560","post","type-post","status-publish","format-standard","has-post-thumbnail","hentry","category-ultimas-noticias","tag-110","tag-bosnia-e-hezergovina","tag-copa-do-mundo","tag-copa-do-mundo-2026","tag-estados-unidos","tag-fifa","tag-futebol"],"yoast_head":"<!-- This site is optimized with the Yoast SEO plugin v28.0 - https:\/\/yoast.com\/product\/yoast-seo-wordpress\/ -->\n<title>Estados Unidos x B\u00f3snia e Herzegovina; transmiss\u00e3o e escala\u00e7\u00f5es<\/title>\n<meta name=\"description\" content=\"Estados Unidos e B\u00f3snia e Herzegovina se enfrentam nesta quarta-feira, 1\u00ba, pelos 16 avos de final da Copa do Mundo de 2026. A partida ser\u00e1 disputada \u00e0s 21h (de Bras\u00edlia), no Levi&#039;s Stadium\" \/>\n<meta name=\"robots\" content=\"index, follow, max-snippet:-1, max-image-preview:large, max-video-preview:-1\" \/>\n<link rel=\"canonical\" href=\"https:\/\/www.revistaoeste.com\/esporte\/estados-unidos-x-bosnia-e-herzegovina-horario-transmissao-escalacoes-e-tudo-sobre-o-duelo-da-copa\/\" \/>\n<meta property=\"og:locale\" content=\"pt_BR\" \/>\n<meta property=\"og:type\" content=\"article\" \/>\n<meta property=\"og:title\" content=\"Estados Unidos x B\u00f3snia e Herzegovina; transmiss\u00e3o e escala\u00e7\u00f5es\" \/>\n<meta property=\"og:description\" content=\"Estados Unidos e B\u00f3snia e Herzegovina se enfrentam nesta quarta-feira, 1\u00ba, pelos 16 avos de final da Copa do Mundo de 2026. A partida ser\u00e1 disputada \u00e0s 21h (de Bras\u00edlia), no Levi&#039;s Stadium\" \/>\n<meta property=\"og:url\" content=\"https:\/\/www.revistaoeste.com\/esporte\/estados-unidos-x-bosnia-e-herzegovina-horario-transmissao-escalacoes-e-tudo-sobre-o-duelo-da-copa\/\" \/>\n<meta property=\"og:site_name\" content=\"Oeste Esporte\" \/>\n<meta property=\"article:publisher\" content=\"https:\/\/www.facebook.com\/oesterevista\/\" \/>\n<meta property=\"article:published_time\" content=\"2026-07-01T23:00:00+00:00\" \/>\n<meta property=\"og:image\" content=\"https:\/\/revistaoeste.com\/esporte\/wp-content\/uploads\/2026\/07\/USMNT.png\" \/>\n\t<meta property=\"og:image:width\" content=\"640\" \/>\n\t<meta property=\"og:image:height\" content=\"432\" \/>\n\t<meta property=\"og:image:type\" content=\"image\/png\" \/>\n<meta name=\"author\" content=\"Oeste Esporte\" \/>\n<meta name=\"twitter:card\" content=\"summary_large_image\" \/>\n<meta name=\"twitter:creator\" content=\"@revistaoeste\" \/>\n<meta name=\"twitter:site\" content=\"@revistaoeste\" \/>\n<meta name=\"twitter:label1\" content=\"Escrito por\" \/>\n\t<meta name=\"twitter:data1\" content=\"Oeste Esporte\" \/>\n\t<meta name=\"twitter:label2\" content=\"Est. tempo de leitura\" \/>\n\t<meta name=\"twitter:data2\" content=\"3 minutos\" \/>\n<script type=\"application\/ld+json\" class=\"yoast-schema-graph\">{\"@context\":\"https:\\\/\\\/schema.org\",\"@graph\":[{\"@type\":\"Article\",\"@id\":\"https:\\\/\\\/www.revistaoeste.com\\\/esporte\\\/estados-unidos-x-bosnia-e-herzegovina-horario-transmissao-escalacoes-e-tudo-sobre-o-duelo-da-copa\\\/#article\",\"isPartOf\":{\"@id\":\"https:\\\/\\\/www.revistaoeste.com\\\/esporte\\\/estados-unidos-x-bosnia-e-herzegovina-horario-transmissao-escalacoes-e-tudo-sobre-o-duelo-da-copa\\\/\"},\"author\":{\"name\":\"Oeste Esporte\",\"@id\":\"https:\\\/\\\/www.revistaoeste.com\\\/esporte\\\/#\\\/schema\\\/person\\\/6622e4d5d99a35adf0de88128e8d66a9\"},\"headline\":\"Estados Unidos x B\u00f3snia e Herzegovina: hor\u00e1rio, transmiss\u00e3o, escala\u00e7\u00f5es e tudo sobre o duelo da Copa\",\"datePublished\":\"2026-07-01T23:00:00+00:00\",\"mainEntityOfPage\":{\"@id\":\"https:\\\/\\\/www.revistaoeste.com\\\/esporte\\\/estados-unidos-x-bosnia-e-herzegovina-horario-transmissao-escalacoes-e-tudo-sobre-o-duelo-da-copa\\\/\"},\"wordCount\":557,\"commentCount\":0,\"publisher\":{\"@id\":\"https:\\\/\\\/www.revistaoeste.com\\\/esporte\\\/#organization\"},\"image\":{\"@id\":\"https:\\\/\\\/www.revistaoeste.com\\\/esporte\\\/estados-unidos-x-bosnia-e-herzegovina-horario-transmissao-escalacoes-e-tudo-sobre-o-duelo-da-copa\\\/#primaryimage\"},\"thumbnailUrl\":\"https:\\\/\\\/revistaoeste.com\\\/esporte\\\/wp-content\\\/uploads\\\/2026\\\/07\\\/USMNT.png\",\"keywords\":[\"2026\",\"bosnia e hezergovina\",\"Copa do Mundo\",\"Copa do Mundo 2026\",\"Estados Unidos\",\"FIFA\",\"futebol\"],\"articleSection\":[\"\u00daltimas Not\u00edcias\"],\"inLanguage\":\"pt-BR\",\"potentialAction\":[{\"@type\":\"CommentAction\",\"name\":\"Comment\",\"target\":[\"https:\\\/\\\/www.revistaoeste.com\\\/esporte\\\/estados-unidos-x-bosnia-e-herzegovina-horario-transmissao-escalacoes-e-tudo-sobre-o-duelo-da-copa\\\/#respond\"]}]},{\"@type\":\"WebPage\",\"@id\":\"https:\\\/\\\/www.revistaoeste.com\\\/esporte\\\/estados-unidos-x-bosnia-e-herzegovina-horario-transmissao-escalacoes-e-tudo-sobre-o-duelo-da-copa\\\/\",\"url\":\"https:\\\/\\\/www.revistaoeste.com\\\/esporte\\\/estados-unidos-x-bosnia-e-herzegovina-horario-transmissao-escalacoes-e-tudo-sobre-o-duelo-da-copa\\\/\",\"name\":\"Estados Unidos x B\u00f3snia e Herzegovina; transmiss\u00e3o e escala\u00e7\u00f5es\",\"isPartOf\":{\"@id\":\"https:\\\/\\\/www.revistaoeste.com\\\/esporte\\\/#website\"},\"primaryImageOfPage\":{\"@id\":\"https:\\\/\\\/www.revistaoeste.com\\\/esporte\\\/estados-unidos-x-bosnia-e-herzegovina-horario-transmissao-escalacoes-e-tudo-sobre-o-duelo-da-copa\\\/#primaryimage\"},\"image\":{\"@id\":\"https:\\\/\\\/www.revistaoeste.com\\\/esporte\\\/estados-unidos-x-bosnia-e-herzegovina-horario-transmissao-escalacoes-e-tudo-sobre-o-duelo-da-copa\\\/#primaryimage\"},\"thumbnailUrl\":\"https:\\\/\\\/revistaoeste.com\\\/esporte\\\/wp-content\\\/uploads\\\/2026\\\/07\\\/USMNT.png\",\"datePublished\":\"2026-07-01T23:00:00+00:00\",\"description\":\"Estados Unidos e B\u00f3snia e Herzegovina se enfrentam nesta quarta-feira, 1\u00ba, pelos 16 avos de final da Copa do Mundo de 2026. A partida ser\u00e1 disputada \u00e0s 21h (de Bras\u00edlia), no Levi's Stadium\",\"breadcrumb\":{\"@id\":\"https:\\\/\\\/www.revistaoeste.com\\\/esporte\\\/estados-unidos-x-bosnia-e-herzegovina-horario-transmissao-escalacoes-e-tudo-sobre-o-duelo-da-copa\\\/#breadcrumb\"},\"inLanguage\":\"pt-BR\",\"potentialAction\":[{\"@type\":\"ReadAction\",\"target\":[\"https:\\\/\\\/www.revistaoeste.com\\\/esporte\\\/estados-unidos-x-bosnia-e-herzegovina-horario-transmissao-escalacoes-e-tudo-sobre-o-duelo-da-copa\\\/\"]}]},{\"@type\":\"ImageObject\",\"inLanguage\":\"pt-BR\",\"@id\":\"https:\\\/\\\/www.revistaoeste.com\\\/esporte\\\/estados-unidos-x-bosnia-e-herzegovina-horario-transmissao-escalacoes-e-tudo-sobre-o-duelo-da-copa\\\/#primaryimage\",\"url\":\"https:\\\/\\\/revistaoeste.com\\\/esporte\\\/wp-content\\\/uploads\\\/2026\\\/07\\\/USMNT.png\",\"contentUrl\":\"https:\\\/\\\/revistaoeste.com\\\/esporte\\\/wp-content\\\/uploads\\\/2026\\\/07\\\/USMNT.png\",\"width\":640,\"height\":432,\"caption\":\"Estados Unidos busca vit\u00f3ria em cima da B\u00f3snia | Foto: Reprodu\u00e7\u00e3o \\\/ USMNT\"},{\"@type\":\"BreadcrumbList\",\"@id\":\"https:\\\/\\\/www.revistaoeste.com\\\/esporte\\\/estados-unidos-x-bosnia-e-herzegovina-horario-transmissao-escalacoes-e-tudo-sobre-o-duelo-da-copa\\\/#breadcrumb\",\"itemListElement\":[{\"@type\":\"ListItem\",\"position\":1,\"name\":\"In\u00edcio\",\"item\":\"https:\\\/\\\/www.revistaoeste.com\\\/esporte\\\/\"},{\"@type\":\"ListItem\",\"position\":2,\"name\":\"Estados Unidos x B\u00f3snia e Herzegovina: hor\u00e1rio, transmiss\u00e3o, escala\u00e7\u00f5es e tudo sobre o duelo da Copa\"}]},{\"@type\":\"WebSite\",\"@id\":\"https:\\\/\\\/www.revistaoeste.com\\\/esporte\\\/#website\",\"url\":\"https:\\\/\\\/www.revistaoeste.com\\\/esporte\\\/\",\"name\":\"Oeste Esporte\",\"description\":\"Copa sem Firula\",\"publisher\":{\"@id\":\"https:\\\/\\\/www.revistaoeste.com\\\/esporte\\\/#organization\"},\"potentialAction\":[{\"@type\":\"SearchAction\",\"target\":{\"@type\":\"EntryPoint\",\"urlTemplate\":\"https:\\\/\\\/www.revistaoeste.com\\\/esporte\\\/?s={search_term_string}\"},\"query-input\":{\"@type\":\"PropertyValueSpecification\",\"valueRequired\":true,\"valueName\":\"search_term_string\"}}],\"inLanguage\":\"pt-BR\"},{\"@type\":\"Organization\",\"@id\":\"https:\\\/\\\/www.revistaoeste.com\\\/esporte\\\/#organization\",\"name\":\"Oeste Esporte\",\"url\":\"https:\\\/\\\/www.revistaoeste.com\\\/esporte\\\/\",\"logo\":{\"@type\":\"ImageObject\",\"inLanguage\":\"pt-BR\",\"@id\":\"https:\\\/\\\/www.revistaoeste.com\\\/esporte\\\/#\\\/schema\\\/logo\\\/image\\\/\",\"url\":\"https:\\\/\\\/revistaoeste.com\\\/esporte\\\/wp-content\\\/uploads\\\/2026\\\/03\\\/avatar.jpg\",\"contentUrl\":\"https:\\\/\\\/revistaoeste.com\\\/esporte\\\/wp-content\\\/uploads\\\/2026\\\/03\\\/avatar.jpg\",\"width\":500,\"height\":500,\"caption\":\"Oeste Esporte\"},\"image\":{\"@id\":\"https:\\\/\\\/www.revistaoeste.com\\\/esporte\\\/#\\\/schema\\\/logo\\\/image\\\/\"},\"sameAs\":[\"https:\\\/\\\/www.facebook.com\\\/oesterevista\\\/\",\"https:\\\/\\\/x.com\\\/revistaoeste\",\"https:\\\/\\\/www.youtube.com\\\/@OesteEsporte\",\"https:\\\/\\\/www.instagram.com\\\/revistaoeste\\\/\"]},{\"@type\":\"Person\",\"@id\":\"https:\\\/\\\/www.revistaoeste.com\\\/esporte\\\/#\\\/schema\\\/person\\\/6622e4d5d99a35adf0de88128e8d66a9\",\"name\":\"Oeste Esporte\",\"image\":{\"@type\":\"ImageObject\",\"inLanguage\":\"pt-BR\",\"@id\":\"https:\\\/\\\/secure.gravatar.com\\\/avatar\\\/8a2c5501fe5eb922c6c1838ad6a759fe758ecb18b48e36083e67f353c16e08ac?s=96&d=mm&r=g\",\"url\":\"https:\\\/\\\/secure.gravatar.com\\\/avatar\\\/8a2c5501fe5eb922c6c1838ad6a759fe758ecb18b48e36083e67f353c16e08ac?s=96&d=mm&r=g\",\"contentUrl\":\"https:\\\/\\\/secure.gravatar.com\\\/avatar\\\/8a2c5501fe5eb922c6c1838ad6a759fe758ecb18b48e36083e67f353c16e08ac?s=96&d=mm&r=g\",\"caption\":\"Oeste Esporte\"},\"url\":\"https:\\\/\\\/revistaoeste.com\\\/esporte\\\/author\\\/felipebellirevistaoeste-com\\\/\"}]}<\/script>\n<!-- \/ Yoast SEO plugin. -->","yoast_head_json":{"title":"Estados Unidos x B\u00f3snia e Herzegovina; transmiss\u00e3o e escala\u00e7\u00f5es","description":"Estados Unidos e B\u00f3snia e Herzegovina se enfrentam nesta quarta-feira, 1\u00ba, pelos 16 avos de final da Copa do Mundo de 2026. A partida ser\u00e1 disputada \u00e0s 21h (de Bras\u00edlia), no Levi's Stadium","robots":{"index":"index","follow":"follow","max-snippet":"max-snippet:-1","max-image-preview":"max-image-preview:large","max-video-preview":"max-video-preview:-1"},"canonical":"https:\/\/www.revistaoeste.com\/esporte\/estados-unidos-x-bosnia-e-herzegovina-horario-transmissao-escalacoes-e-tudo-sobre-o-duelo-da-copa\/","og_locale":"pt_BR","og_type":"article","og_title":"Estados Unidos x B\u00f3snia e Herzegovina; transmiss\u00e3o e escala\u00e7\u00f5es","og_description":"Estados Unidos e B\u00f3snia e Herzegovina se enfrentam nesta quarta-feira, 1\u00ba, pelos 16 avos de final da Copa do Mundo de 2026. A partida ser\u00e1 disputada \u00e0s 21h (de Bras\u00edlia), no Levi's Stadium","og_url":"https:\/\/www.revistaoeste.com\/esporte\/estados-unidos-x-bosnia-e-herzegovina-horario-transmissao-escalacoes-e-tudo-sobre-o-duelo-da-copa\/","og_site_name":"Oeste Esporte","article_publisher":"https:\/\/www.facebook.com\/oesterevista\/","article_published_time":"2026-07-01T23:00:00+00:00","og_image":[{"width":640,"height":432,"url":"https:\/\/revistaoeste.com\/esporte\/wp-content\/uploads\/2026\/07\/USMNT.png","type":"image\/png"}],"author":"Oeste Esporte","twitter_card":"summary_large_image","twitter_creator":"@revistaoeste","twitter_site":"@revistaoeste","twitter_misc":{"Escrito por":"Oeste Esporte","Est. tempo de leitura":"3 minutos"},"schema":{"@context":"https:\/\/schema.org","@graph":[{"@type":"Article","@id":"https:\/\/www.revistaoeste.com\/esporte\/estados-unidos-x-bosnia-e-herzegovina-horario-transmissao-escalacoes-e-tudo-sobre-o-duelo-da-copa\/#article","isPartOf":{"@id":"https:\/\/www.revistaoeste.com\/esporte\/estados-unidos-x-bosnia-e-herzegovina-horario-transmissao-escalacoes-e-tudo-sobre-o-duelo-da-copa\/"},"author":{"name":"Oeste Esporte","@id":"https:\/\/www.revistaoeste.com\/esporte\/#\/schema\/person\/6622e4d5d99a35adf0de88128e8d66a9"},"headline":"Estados Unidos x B\u00f3snia e Herzegovina: hor\u00e1rio, transmiss\u00e3o, escala\u00e7\u00f5es e tudo sobre o duelo da Copa","datePublished":"2026-07-01T23:00:00+00:00","mainEntityOfPage":{"@id":"https:\/\/www.revistaoeste.com\/esporte\/estados-unidos-x-bosnia-e-herzegovina-horario-transmissao-escalacoes-e-tudo-sobre-o-duelo-da-copa\/"},"wordCount":557,"commentCount":0,"publisher":{"@id":"https:\/\/www.revistaoeste.com\/esporte\/#organization"},"image":{"@id":"https:\/\/www.revistaoeste.com\/esporte\/estados-unidos-x-bosnia-e-herzegovina-horario-transmissao-escalacoes-e-tudo-sobre-o-duelo-da-copa\/#primaryimage"},"thumbnailUrl":"https:\/\/revistaoeste.com\/esporte\/wp-content\/uploads\/2026\/07\/USMNT.png","keywords":["2026","bosnia e hezergovina","Copa do Mundo","Copa do Mundo 2026","Estados Unidos","FIFA","futebol"],"articleSection":["\u00daltimas Not\u00edcias"],"inLanguage":"pt-BR","potentialAction":[{"@type":"CommentAction","name":"Comment","target":["https:\/\/www.revistaoeste.com\/esporte\/estados-unidos-x-bosnia-e-herzegovina-horario-transmissao-escalacoes-e-tudo-sobre-o-duelo-da-copa\/#respond"]}]},{"@type":"WebPage","@id":"https:\/\/www.revistaoeste.com\/esporte\/estados-unidos-x-bosnia-e-herzegovina-horario-transmissao-escalacoes-e-tudo-sobre-o-duelo-da-copa\/","url":"https:\/\/www.revistaoeste.com\/esporte\/estados-unidos-x-bosnia-e-herzegovina-horario-transmissao-escalacoes-e-tudo-sobre-o-duelo-da-copa\/","name":"Estados Unidos x B\u00f3snia e Herzegovina; transmiss\u00e3o e escala\u00e7\u00f5es","isPartOf":{"@id":"https:\/\/www.revistaoeste.com\/esporte\/#website"},"primaryImageOfPage":{"@id":"https:\/\/www.revistaoeste.com\/esporte\/estados-unidos-x-bosnia-e-herzegovina-horario-transmissao-escalacoes-e-tudo-sobre-o-duelo-da-copa\/#primaryimage"},"image":{"@id":"https:\/\/www.revistaoeste.com\/esporte\/estados-unidos-x-bosnia-e-herzegovina-horario-transmissao-escalacoes-e-tudo-sobre-o-duelo-da-copa\/#primaryimage"},"thumbnailUrl":"https:\/\/revistaoeste.com\/esporte\/wp-content\/uploads\/2026\/07\/USMNT.png","datePublished":"2026-07-01T23:00:00+00:00","description":"Estados Unidos e B\u00f3snia e Herzegovina se enfrentam nesta quarta-feira, 1\u00ba, pelos 16 avos de final da Copa do Mundo de 2026. A partida ser\u00e1 disputada \u00e0s 21h (de Bras\u00edlia), no Levi's Stadium","breadcrumb":{"@id":"https:\/\/www.revistaoeste.com\/esporte\/estados-unidos-x-bosnia-e-herzegovina-horario-transmissao-escalacoes-e-tudo-sobre-o-duelo-da-copa\/#breadcrumb"},"inLanguage":"pt-BR","potentialAction":[{"@type":"ReadAction","target":["https:\/\/www.revistaoeste.com\/esporte\/estados-unidos-x-bosnia-e-herzegovina-horario-transmissao-escalacoes-e-tudo-sobre-o-duelo-da-copa\/"]}]},{"@type":"ImageObject","inLanguage":"pt-BR","@id":"https:\/\/www.revistaoeste.com\/esporte\/estados-unidos-x-bosnia-e-herzegovina-horario-transmissao-escalacoes-e-tudo-sobre-o-duelo-da-copa\/#primaryimage","url":"https:\/\/revistaoeste.com\/esporte\/wp-content\/uploads\/2026\/07\/USMNT.png","contentUrl":"https:\/\/revistaoeste.com\/esporte\/wp-content\/uploads\/2026\/07\/USMNT.png","width":640,"height":432,"caption":"Estados Unidos busca vit\u00f3ria em cima da B\u00f3snia | Foto: Reprodu\u00e7\u00e3o \/ USMNT"},{"@type":"BreadcrumbList","@id":"https:\/\/www.revistaoeste.com\/esporte\/estados-unidos-x-bosnia-e-herzegovina-horario-transmissao-escalacoes-e-tudo-sobre-o-duelo-da-copa\/#breadcrumb","itemListElement":[{"@type":"ListItem","position":1,"name":"In\u00edcio","item":"https:\/\/www.revistaoeste.com\/esporte\/"},{"@type":"ListItem","position":2,"name":"Estados Unidos x B\u00f3snia e Herzegovina: hor\u00e1rio, transmiss\u00e3o, escala\u00e7\u00f5es e tudo sobre o duelo da Copa"}]},{"@type":"WebSite","@id":"https:\/\/www.revistaoeste.com\/esporte\/#website","url":"https:\/\/www.revistaoeste.com\/esporte\/","name":"Oeste Esporte","description":"Copa sem Firula","publisher":{"@id":"https:\/\/www.revistaoeste.com\/esporte\/#organization"},"potentialAction":[{"@type":"SearchAction","target":{"@type":"EntryPoint","urlTemplate":"https:\/\/www.revistaoeste.com\/esporte\/?s={search_term_string}"},"query-input":{"@type":"PropertyValueSpecification","valueRequired":true,"valueName":"search_term_string"}}],"inLanguage":"pt-BR"},{"@type":"Organization","@id":"https:\/\/www.revistaoeste.com\/esporte\/#organization","name":"Oeste Esporte","url":"https:\/\/www.revistaoeste.com\/esporte\/","logo":{"@type":"ImageObject","inLanguage":"pt-BR","@id":"https:\/\/www.revistaoeste.com\/esporte\/#\/schema\/logo\/image\/","url":"https:\/\/revistaoeste.com\/esporte\/wp-content\/uploads\/2026\/03\/avatar.jpg","contentUrl":"https:\/\/revistaoeste.com\/esporte\/wp-content\/uploads\/2026\/03\/avatar.jpg","width":500,"height":500,"caption":"Oeste Esporte"},"image":{"@id":"https:\/\/www.revistaoeste.com\/esporte\/#\/schema\/logo\/image\/"},"sameAs":["https:\/\/www.facebook.com\/oesterevista\/","https:\/\/x.com\/revistaoeste","https:\/\/www.youtube.com\/@OesteEsporte","https:\/\/www.instagram.com\/revistaoeste\/"]},{"@type":"Person","@id":"https:\/\/www.revistaoeste.com\/esporte\/#\/schema\/person\/6622e4d5d99a35adf0de88128e8d66a9","name":"Oeste Esporte","image":{"@type":"ImageObject","inLanguage":"pt-BR","@id":"https:\/\/secure.gravatar.com\/avatar\/8a2c5501fe5eb922c6c1838ad6a759fe758ecb18b48e36083e67f353c16e08ac?s=96&d=mm&r=g","url":"https:\/\/secure.gravatar.com\/avatar\/8a2c5501fe5eb922c6c1838ad6a759fe758ecb18b48e36083e67f353c16e08ac?s=96&d=mm&r=g","contentUrl":"https:\/\/secure.gravatar.com\/avatar\/8a2c5501fe5eb922c6c1838ad6a759fe758ecb18b48e36083e67f353c16e08ac?s=96&d=mm&r=g","caption":"Oeste Esporte"},"url":"https:\/\/revistaoeste.com\/esporte\/author\/felipebellirevistaoeste-com\/"}]}},"_links":{"self":[{"href":"https:\/\/revistaoeste.com\/esporte\/wp-json\/wp\/v2\/posts\/9560","targetHints":{"allow":["GET"]}}],"collection":[{"href":"https:\/\/revistaoeste.com\/esporte\/wp-json\/wp\/v2\/posts"}],"about":[{"href":"https:\/\/revistaoeste.com\/esporte\/wp-json\/wp\/v2\/types\/post"}],"author":[{"embeddable":true,"href":"https:\/\/revistaoeste.com\/esporte\/wp-json\/wp\/v2\/users\/5"}],"replies":[{"embeddable":true,"href":"https:\/\/revistaoeste.com\/esporte\/wp-json\/wp\/v2\/comments?post=9560"}],"version-history":[{"count":2,"href":"https:\/\/revistaoeste.com\/esporte\/wp-json\/wp\/v2\/posts\/9560\/revisions"}],"predecessor-version":[{"id":9567,"href":"https:\/\/revistaoeste.com\/esporte\/wp-json\/wp\/v2\/posts\/9560\/revisions\/9567"}],"wp:featuredmedia":[{"embeddable":true,"href":"https:\/\/revistaoeste.com\/esporte\/wp-json\/wp\/v2\/media\/9562"}],"wp:attachment":[{"href":"https:\/\/revistaoeste.com\/esporte\/wp-json\/wp\/v2\/media?parent=9560"}],"wp:term":[{"taxonomy":"category","embeddable":true,"href":"https:\/\/revistaoeste.com\/esporte\/wp-json\/wp\/v2\/categories?post=9560"},{"taxonomy":"post_tag","embeddable":true,"href":"https:\/\/revistaoeste.com\/esporte\/wp-json\/wp\/v2\/tags?post=9560"}],"curies":[{"name":"wp","href":"https:\/\/api.w.org\/{rel}","templated":true}]}}