{"id":9664,"date":"2026-07-02T12:02:49","date_gmt":"2026-07-02T15:02:49","guid":{"rendered":"https:\/\/revistaoeste.com\/esporte\/?p=9664"},"modified":"2026-07-02T12:04:18","modified_gmt":"2026-07-02T15:04:18","slug":"problemas-pessoais-de-cherki-preocupam-franca-em-meio-a-campanha-na-copa","status":"publish","type":"post","link":"https:\/\/revistaoeste.com\/esporte\/problemas-pessoais-de-cherki-preocupam-franca-em-meio-a-campanha-na-copa\/","title":{"rendered":"Problemas pessoais de Cherki preocupam Fran\u00e7a em meio \u00e0 campanha na Copa"},"content":{"rendered":"\n<p class=\"wp-block-paragraph\">Mesmo apontada como uma das principais favoritas ao t\u00edtulo da Copa do Mundo de 2026, a Fran\u00e7a convive com uma preocupa\u00e7\u00e3o fora das quatro linhas. O meia Rayan Cherki, do Manchester City, enfrenta um momento delicado na vida pessoal e tem recebido aten\u00e7\u00e3o especial da comiss\u00e3o t\u00e9cnica comandada por Didier Deschamps durante o Mundial.<\/p>\n\n\n\n<p class=\"wp-block-paragraph\"><strong>+ Leia mais not\u00edcias de\u00a0<a href=\"https:\/\/revistaoeste.com\/esporte\/\">Oeste Esporte<\/a><\/strong><\/p>\n\n\n\n<p class=\"wp-block-paragraph\">De acordo com informa\u00e7\u00f5es do jornal franc\u00eas L&#8217;\u00c9quipe, Cherki est\u00e1 \u00e0 beira de um colapso emocional em raz\u00e3o de problemas particulares, cujo conte\u00fado n\u00e3o foi divulgado. A publica\u00e7\u00e3o afirma que o jogador tem enfrentado dificuldades para dormir desde a \u00faltima semana, situa\u00e7\u00e3o que passou a preocupar pessoas pr\u00f3ximas \u00e0 delega\u00e7\u00e3o francesa.<\/p>\n\n\n\n<p class=\"wp-block-paragraph\">O assunto ganhou ainda mais repercuss\u00e3o depois da vit\u00f3ria da Fran\u00e7a por 3 a 0 sobre a Su\u00e9cia, pelos 16 avos de final da Copa do Mundo. Logo depois do apito final, Cherki foi visto com um comportamento incomum. Quando Didier Deschamps se aproximou para cumpriment\u00e1-lo, o meia virou para o lado e passou a aplaudir a torcida de forma considerada &#8220;autom\u00e1tica&#8221;, alimentando rumores de um poss\u00edvel desentendimento com o treinador.<\/p>\n\n\n\n<p class=\"wp-block-paragraph\">Pouco depois, por\u00e9m, a imprensa francesa descartou qualquer atrito entre jogador e comiss\u00e3o t\u00e9cnica. Segundo o L&#8217;\u00c9quipe, o comportamento do meia est\u00e1 diretamente ligado aos problemas pessoais enfrentados fora dos gramados, e n\u00e3o \u00e0 sua rela\u00e7\u00e3o com Deschamps ou com os companheiros de sele\u00e7\u00e3o.<\/p>\n\n\n\n<p class=\"wp-block-paragraph\">Al\u00e9m da situa\u00e7\u00e3o emocional, Cherki tamb\u00e9m vive a frustra\u00e7\u00e3o de ter recebido poucos minutos em campo. Com um dos ataques mais fortes da competi\u00e7\u00e3o, formado por nomes como Kylian Mbapp\u00e9, Michael Olise, D\u00e9sir\u00e9 Dou\u00e9 e Bradley Barcola, o meia tem encontrado dificuldade para conquistar espa\u00e7o na equipe titular. Contra a Su\u00e9cia, por exemplo, entrou apenas aos 40 minutos do segundo tempo. Nas tr\u00eas partidas da fase de grupos, tamb\u00e9m saiu do banco em todas as oportunidades.<\/p>\n\n\n\n<p class=\"wp-block-paragraph\">Apesar do momento delicado, a comiss\u00e3o t\u00e9cnica francesa tem tratado o caso com discri\u00e7\u00e3o e dado apoio ao jogador nos bastidores. A expectativa \u00e9 de que Cherki continue \u00e0 disposi\u00e7\u00e3o para o restante da competi\u00e7\u00e3o, enquanto recebe acompanhamento da delega\u00e7\u00e3o para atravessar o per\u00edodo de dificuldades pessoais.<\/p>\n\n\n\n<p class=\"wp-block-paragraph\">Classificada \u00e0s oitavas de final, a Fran\u00e7a volta a campo no pr\u00f3ximo s\u00e1bado para enfrentar o Paraguai, que eliminou a Alemanha nos p\u00eanaltis. Dentro da sele\u00e7\u00e3o francesa, a prioridade \u00e9 manter o ambiente unido para que os problemas extracampo n\u00e3o interfiram na caminhada rumo ao tricampeonato mundial.<\/p>\n\n\n\n<p class=\"wp-block-paragraph\"><\/p>\n","protected":false},"excerpt":{"rendered":"<p>Mesmo apontada como uma das principais favoritas ao t\u00edtulo da Copa do Mundo de 2026, a Fran\u00e7a convive com uma preocupa\u00e7\u00e3o fora&hellip;<\/p>\n","protected":false},"author":5,"featured_media":9665,"comment_status":"open","ping_status":"open","sticky":false,"template":"","format":"standard","meta":{"footnotes":""},"categories":[8],"tags":[110,3264,3271,23,75,44,145,29,699],"class_list":["post-9664","post","type-post","status-publish","format-standard","has-post-thumbnail","hentry","category-ultimas-noticias","tag-110","tag-cherki","tag-city","tag-copa-do-mundo","tag-copa-do-mundo-2026","tag-fifa","tag-franca","tag-futebol","tag-manchester-city"],"yoast_head":"<!-- This site is optimized with the Yoast SEO plugin v28.0 - https:\/\/yoast.com\/product\/yoast-seo-wordpress\/ -->\n<title>Problemas pessoais de Cherki preocupam Fran\u00e7a<\/title>\n<meta name=\"description\" content=\"O meia Rayan Cherki, do Manchester City, enfrenta um momento delicado na vida pessoal e tem recebido aten\u00e7\u00e3o especial da comiss\u00e3o t\u00e9cnica comandada por Didier Deschamps durante o Mundial.\" \/>\n<meta name=\"robots\" content=\"index, follow, max-snippet:-1, max-image-preview:large, max-video-preview:-1\" \/>\n<link rel=\"canonical\" href=\"https:\/\/revistaoeste.com\/esporte\/problemas-pessoais-de-cherki-preocupam-franca-em-meio-a-campanha-na-copa\/\" \/>\n<meta property=\"og:locale\" content=\"pt_BR\" \/>\n<meta property=\"og:type\" content=\"article\" \/>\n<meta property=\"og:title\" content=\"Problemas pessoais de Cherki preocupam Fran\u00e7a\" \/>\n<meta property=\"og:description\" content=\"O meia Rayan Cherki, do Manchester City, enfrenta um momento delicado na vida pessoal e tem recebido aten\u00e7\u00e3o especial da comiss\u00e3o t\u00e9cnica comandada por Didier Deschamps durante o Mundial.\" \/>\n<meta property=\"og:url\" content=\"https:\/\/revistaoeste.com\/esporte\/problemas-pessoais-de-cherki-preocupam-franca-em-meio-a-campanha-na-copa\/\" \/>\n<meta property=\"og:site_name\" content=\"Oeste Esporte\" \/>\n<meta property=\"article:publisher\" content=\"https:\/\/www.facebook.com\/oesterevista\/\" \/>\n<meta property=\"article:published_time\" content=\"2026-07-02T15:02:49+00:00\" \/>\n<meta property=\"article:modified_time\" content=\"2026-07-02T15:04:18+00:00\" \/>\n<meta property=\"og:image\" content=\"https:\/\/revistaoeste.com\/esporte\/wp-content\/uploads\/2026\/07\/cherki.png\" \/>\n\t<meta property=\"og:image:width\" content=\"639\" \/>\n\t<meta property=\"og:image:height\" content=\"426\" \/>\n\t<meta property=\"og:image:type\" content=\"image\/png\" \/>\n<meta name=\"author\" content=\"Oeste Esporte\" \/>\n<meta name=\"twitter:card\" content=\"summary_large_image\" \/>\n<meta name=\"twitter:creator\" content=\"@revistaoeste\" \/>\n<meta name=\"twitter:site\" content=\"@revistaoeste\" \/>\n<meta name=\"twitter:label1\" content=\"Escrito por\" \/>\n\t<meta name=\"twitter:data1\" content=\"Oeste Esporte\" \/>\n\t<meta name=\"twitter:label2\" content=\"Est. tempo de leitura\" \/>\n\t<meta name=\"twitter:data2\" content=\"3 minutos\" \/>\n<script type=\"application\/ld+json\" class=\"yoast-schema-graph\">{\"@context\":\"https:\\\/\\\/schema.org\",\"@graph\":[{\"@type\":\"Article\",\"@id\":\"https:\\\/\\\/revistaoeste.com\\\/esporte\\\/problemas-pessoais-de-cherki-preocupam-franca-em-meio-a-campanha-na-copa\\\/#article\",\"isPartOf\":{\"@id\":\"https:\\\/\\\/revistaoeste.com\\\/esporte\\\/problemas-pessoais-de-cherki-preocupam-franca-em-meio-a-campanha-na-copa\\\/\"},\"author\":{\"name\":\"Oeste Esporte\",\"@id\":\"https:\\\/\\\/revistaoeste.com\\\/esporte\\\/#\\\/schema\\\/person\\\/6622e4d5d99a35adf0de88128e8d66a9\"},\"headline\":\"Problemas pessoais de Cherki preocupam Fran\u00e7a em meio \u00e0 campanha na Copa\",\"datePublished\":\"2026-07-02T15:02:49+00:00\",\"dateModified\":\"2026-07-02T15:04:18+00:00\",\"mainEntityOfPage\":{\"@id\":\"https:\\\/\\\/revistaoeste.com\\\/esporte\\\/problemas-pessoais-de-cherki-preocupam-franca-em-meio-a-campanha-na-copa\\\/\"},\"wordCount\":451,\"commentCount\":0,\"publisher\":{\"@id\":\"https:\\\/\\\/revistaoeste.com\\\/esporte\\\/#organization\"},\"image\":{\"@id\":\"https:\\\/\\\/revistaoeste.com\\\/esporte\\\/problemas-pessoais-de-cherki-preocupam-franca-em-meio-a-campanha-na-copa\\\/#primaryimage\"},\"thumbnailUrl\":\"https:\\\/\\\/revistaoeste.com\\\/esporte\\\/wp-content\\\/uploads\\\/2026\\\/07\\\/cherki.png\",\"keywords\":[\"2026\",\"Cherki\",\"city\",\"Copa do Mundo\",\"Copa do Mundo 2026\",\"FIFA\",\"Fran\u00e7a\",\"futebol\",\"Manchester City\"],\"articleSection\":[\"\u00daltimas Not\u00edcias\"],\"inLanguage\":\"pt-BR\",\"potentialAction\":[{\"@type\":\"CommentAction\",\"name\":\"Comment\",\"target\":[\"https:\\\/\\\/revistaoeste.com\\\/esporte\\\/problemas-pessoais-de-cherki-preocupam-franca-em-meio-a-campanha-na-copa\\\/#respond\"]}]},{\"@type\":\"WebPage\",\"@id\":\"https:\\\/\\\/revistaoeste.com\\\/esporte\\\/problemas-pessoais-de-cherki-preocupam-franca-em-meio-a-campanha-na-copa\\\/\",\"url\":\"https:\\\/\\\/revistaoeste.com\\\/esporte\\\/problemas-pessoais-de-cherki-preocupam-franca-em-meio-a-campanha-na-copa\\\/\",\"name\":\"Problemas pessoais de Cherki preocupam Fran\u00e7a\",\"isPartOf\":{\"@id\":\"https:\\\/\\\/revistaoeste.com\\\/esporte\\\/#website\"},\"primaryImageOfPage\":{\"@id\":\"https:\\\/\\\/revistaoeste.com\\\/esporte\\\/problemas-pessoais-de-cherki-preocupam-franca-em-meio-a-campanha-na-copa\\\/#primaryimage\"},\"image\":{\"@id\":\"https:\\\/\\\/revistaoeste.com\\\/esporte\\\/problemas-pessoais-de-cherki-preocupam-franca-em-meio-a-campanha-na-copa\\\/#primaryimage\"},\"thumbnailUrl\":\"https:\\\/\\\/revistaoeste.com\\\/esporte\\\/wp-content\\\/uploads\\\/2026\\\/07\\\/cherki.png\",\"datePublished\":\"2026-07-02T15:02:49+00:00\",\"dateModified\":\"2026-07-02T15:04:18+00:00\",\"description\":\"O meia Rayan Cherki, do Manchester City, enfrenta um momento delicado na vida pessoal e tem recebido aten\u00e7\u00e3o especial da comiss\u00e3o t\u00e9cnica comandada por Didier Deschamps durante o Mundial.\",\"breadcrumb\":{\"@id\":\"https:\\\/\\\/revistaoeste.com\\\/esporte\\\/problemas-pessoais-de-cherki-preocupam-franca-em-meio-a-campanha-na-copa\\\/#breadcrumb\"},\"inLanguage\":\"pt-BR\",\"potentialAction\":[{\"@type\":\"ReadAction\",\"target\":[\"https:\\\/\\\/revistaoeste.com\\\/esporte\\\/problemas-pessoais-de-cherki-preocupam-franca-em-meio-a-campanha-na-copa\\\/\"]}]},{\"@type\":\"ImageObject\",\"inLanguage\":\"pt-BR\",\"@id\":\"https:\\\/\\\/revistaoeste.com\\\/esporte\\\/problemas-pessoais-de-cherki-preocupam-franca-em-meio-a-campanha-na-copa\\\/#primaryimage\",\"url\":\"https:\\\/\\\/revistaoeste.com\\\/esporte\\\/wp-content\\\/uploads\\\/2026\\\/07\\\/cherki.png\",\"contentUrl\":\"https:\\\/\\\/revistaoeste.com\\\/esporte\\\/wp-content\\\/uploads\\\/2026\\\/07\\\/cherki.png\",\"width\":639,\"height\":426,\"caption\":\"Cherki vive problema pessoal durante a Copa | Foto: Reprodu\u00e7\u00e3o\\\/ManCity\"},{\"@type\":\"BreadcrumbList\",\"@id\":\"https:\\\/\\\/revistaoeste.com\\\/esporte\\\/problemas-pessoais-de-cherki-preocupam-franca-em-meio-a-campanha-na-copa\\\/#breadcrumb\",\"itemListElement\":[{\"@type\":\"ListItem\",\"position\":1,\"name\":\"In\u00edcio\",\"item\":\"https:\\\/\\\/revistaoeste.com\\\/esporte\\\/\"},{\"@type\":\"ListItem\",\"position\":2,\"name\":\"Problemas pessoais de Cherki preocupam Fran\u00e7a em meio \u00e0 campanha na Copa\"}]},{\"@type\":\"WebSite\",\"@id\":\"https:\\\/\\\/revistaoeste.com\\\/esporte\\\/#website\",\"url\":\"https:\\\/\\\/revistaoeste.com\\\/esporte\\\/\",\"name\":\"Oeste Esporte\",\"description\":\"Copa sem Firula\",\"publisher\":{\"@id\":\"https:\\\/\\\/revistaoeste.com\\\/esporte\\\/#organization\"},\"potentialAction\":[{\"@type\":\"SearchAction\",\"target\":{\"@type\":\"EntryPoint\",\"urlTemplate\":\"https:\\\/\\\/revistaoeste.com\\\/esporte\\\/?s={search_term_string}\"},\"query-input\":{\"@type\":\"PropertyValueSpecification\",\"valueRequired\":true,\"valueName\":\"search_term_string\"}}],\"inLanguage\":\"pt-BR\"},{\"@type\":\"Organization\",\"@id\":\"https:\\\/\\\/revistaoeste.com\\\/esporte\\\/#organization\",\"name\":\"Oeste Esporte\",\"url\":\"https:\\\/\\\/revistaoeste.com\\\/esporte\\\/\",\"logo\":{\"@type\":\"ImageObject\",\"inLanguage\":\"pt-BR\",\"@id\":\"https:\\\/\\\/revistaoeste.com\\\/esporte\\\/#\\\/schema\\\/logo\\\/image\\\/\",\"url\":\"https:\\\/\\\/revistaoeste.com\\\/esporte\\\/wp-content\\\/uploads\\\/2026\\\/03\\\/avatar.jpg\",\"contentUrl\":\"https:\\\/\\\/revistaoeste.com\\\/esporte\\\/wp-content\\\/uploads\\\/2026\\\/03\\\/avatar.jpg\",\"width\":500,\"height\":500,\"caption\":\"Oeste Esporte\"},\"image\":{\"@id\":\"https:\\\/\\\/revistaoeste.com\\\/esporte\\\/#\\\/schema\\\/logo\\\/image\\\/\"},\"sameAs\":[\"https:\\\/\\\/www.facebook.com\\\/oesterevista\\\/\",\"https:\\\/\\\/x.com\\\/revistaoeste\",\"https:\\\/\\\/www.youtube.com\\\/@OesteEsporte\",\"https:\\\/\\\/www.instagram.com\\\/revistaoeste\\\/\"]},{\"@type\":\"Person\",\"@id\":\"https:\\\/\\\/revistaoeste.com\\\/esporte\\\/#\\\/schema\\\/person\\\/6622e4d5d99a35adf0de88128e8d66a9\",\"name\":\"Oeste Esporte\",\"image\":{\"@type\":\"ImageObject\",\"inLanguage\":\"pt-BR\",\"@id\":\"https:\\\/\\\/secure.gravatar.com\\\/avatar\\\/8a2c5501fe5eb922c6c1838ad6a759fe758ecb18b48e36083e67f353c16e08ac?s=96&d=mm&r=g\",\"url\":\"https:\\\/\\\/secure.gravatar.com\\\/avatar\\\/8a2c5501fe5eb922c6c1838ad6a759fe758ecb18b48e36083e67f353c16e08ac?s=96&d=mm&r=g\",\"contentUrl\":\"https:\\\/\\\/secure.gravatar.com\\\/avatar\\\/8a2c5501fe5eb922c6c1838ad6a759fe758ecb18b48e36083e67f353c16e08ac?s=96&d=mm&r=g\",\"caption\":\"Oeste Esporte\"},\"url\":\"https:\\\/\\\/revistaoeste.com\\\/esporte\\\/author\\\/felipebellirevistaoeste-com\\\/\"}]}<\/script>\n<!-- \/ Yoast SEO plugin. -->","yoast_head_json":{"title":"Problemas pessoais de Cherki preocupam Fran\u00e7a","description":"O meia Rayan Cherki, do Manchester City, enfrenta um momento delicado na vida pessoal e tem recebido aten\u00e7\u00e3o especial da comiss\u00e3o t\u00e9cnica comandada por Didier Deschamps durante o Mundial.","robots":{"index":"index","follow":"follow","max-snippet":"max-snippet:-1","max-image-preview":"max-image-preview:large","max-video-preview":"max-video-preview:-1"},"canonical":"https:\/\/revistaoeste.com\/esporte\/problemas-pessoais-de-cherki-preocupam-franca-em-meio-a-campanha-na-copa\/","og_locale":"pt_BR","og_type":"article","og_title":"Problemas pessoais de Cherki preocupam Fran\u00e7a","og_description":"O meia Rayan Cherki, do Manchester City, enfrenta um momento delicado na vida pessoal e tem recebido aten\u00e7\u00e3o especial da comiss\u00e3o t\u00e9cnica comandada por Didier Deschamps durante o Mundial.","og_url":"https:\/\/revistaoeste.com\/esporte\/problemas-pessoais-de-cherki-preocupam-franca-em-meio-a-campanha-na-copa\/","og_site_name":"Oeste Esporte","article_publisher":"https:\/\/www.facebook.com\/oesterevista\/","article_published_time":"2026-07-02T15:02:49+00:00","article_modified_time":"2026-07-02T15:04:18+00:00","og_image":[{"width":639,"height":426,"url":"https:\/\/revistaoeste.com\/esporte\/wp-content\/uploads\/2026\/07\/cherki.png","type":"image\/png"}],"author":"Oeste Esporte","twitter_card":"summary_large_image","twitter_creator":"@revistaoeste","twitter_site":"@revistaoeste","twitter_misc":{"Escrito por":"Oeste Esporte","Est. tempo de leitura":"3 minutos"},"schema":{"@context":"https:\/\/schema.org","@graph":[{"@type":"Article","@id":"https:\/\/revistaoeste.com\/esporte\/problemas-pessoais-de-cherki-preocupam-franca-em-meio-a-campanha-na-copa\/#article","isPartOf":{"@id":"https:\/\/revistaoeste.com\/esporte\/problemas-pessoais-de-cherki-preocupam-franca-em-meio-a-campanha-na-copa\/"},"author":{"name":"Oeste Esporte","@id":"https:\/\/revistaoeste.com\/esporte\/#\/schema\/person\/6622e4d5d99a35adf0de88128e8d66a9"},"headline":"Problemas pessoais de Cherki preocupam Fran\u00e7a em meio \u00e0 campanha na Copa","datePublished":"2026-07-02T15:02:49+00:00","dateModified":"2026-07-02T15:04:18+00:00","mainEntityOfPage":{"@id":"https:\/\/revistaoeste.com\/esporte\/problemas-pessoais-de-cherki-preocupam-franca-em-meio-a-campanha-na-copa\/"},"wordCount":451,"commentCount":0,"publisher":{"@id":"https:\/\/revistaoeste.com\/esporte\/#organization"},"image":{"@id":"https:\/\/revistaoeste.com\/esporte\/problemas-pessoais-de-cherki-preocupam-franca-em-meio-a-campanha-na-copa\/#primaryimage"},"thumbnailUrl":"https:\/\/revistaoeste.com\/esporte\/wp-content\/uploads\/2026\/07\/cherki.png","keywords":["2026","Cherki","city","Copa do Mundo","Copa do Mundo 2026","FIFA","Fran\u00e7a","futebol","Manchester City"],"articleSection":["\u00daltimas Not\u00edcias"],"inLanguage":"pt-BR","potentialAction":[{"@type":"CommentAction","name":"Comment","target":["https:\/\/revistaoeste.com\/esporte\/problemas-pessoais-de-cherki-preocupam-franca-em-meio-a-campanha-na-copa\/#respond"]}]},{"@type":"WebPage","@id":"https:\/\/revistaoeste.com\/esporte\/problemas-pessoais-de-cherki-preocupam-franca-em-meio-a-campanha-na-copa\/","url":"https:\/\/revistaoeste.com\/esporte\/problemas-pessoais-de-cherki-preocupam-franca-em-meio-a-campanha-na-copa\/","name":"Problemas pessoais de Cherki preocupam Fran\u00e7a","isPartOf":{"@id":"https:\/\/revistaoeste.com\/esporte\/#website"},"primaryImageOfPage":{"@id":"https:\/\/revistaoeste.com\/esporte\/problemas-pessoais-de-cherki-preocupam-franca-em-meio-a-campanha-na-copa\/#primaryimage"},"image":{"@id":"https:\/\/revistaoeste.com\/esporte\/problemas-pessoais-de-cherki-preocupam-franca-em-meio-a-campanha-na-copa\/#primaryimage"},"thumbnailUrl":"https:\/\/revistaoeste.com\/esporte\/wp-content\/uploads\/2026\/07\/cherki.png","datePublished":"2026-07-02T15:02:49+00:00","dateModified":"2026-07-02T15:04:18+00:00","description":"O meia Rayan Cherki, do Manchester City, enfrenta um momento delicado na vida pessoal e tem recebido aten\u00e7\u00e3o especial da comiss\u00e3o t\u00e9cnica comandada por Didier Deschamps durante o Mundial.","breadcrumb":{"@id":"https:\/\/revistaoeste.com\/esporte\/problemas-pessoais-de-cherki-preocupam-franca-em-meio-a-campanha-na-copa\/#breadcrumb"},"inLanguage":"pt-BR","potentialAction":[{"@type":"ReadAction","target":["https:\/\/revistaoeste.com\/esporte\/problemas-pessoais-de-cherki-preocupam-franca-em-meio-a-campanha-na-copa\/"]}]},{"@type":"ImageObject","inLanguage":"pt-BR","@id":"https:\/\/revistaoeste.com\/esporte\/problemas-pessoais-de-cherki-preocupam-franca-em-meio-a-campanha-na-copa\/#primaryimage","url":"https:\/\/revistaoeste.com\/esporte\/wp-content\/uploads\/2026\/07\/cherki.png","contentUrl":"https:\/\/revistaoeste.com\/esporte\/wp-content\/uploads\/2026\/07\/cherki.png","width":639,"height":426,"caption":"Cherki vive problema pessoal durante a Copa | Foto: Reprodu\u00e7\u00e3o\/ManCity"},{"@type":"BreadcrumbList","@id":"https:\/\/revistaoeste.com\/esporte\/problemas-pessoais-de-cherki-preocupam-franca-em-meio-a-campanha-na-copa\/#breadcrumb","itemListElement":[{"@type":"ListItem","position":1,"name":"In\u00edcio","item":"https:\/\/revistaoeste.com\/esporte\/"},{"@type":"ListItem","position":2,"name":"Problemas pessoais de Cherki preocupam Fran\u00e7a em meio \u00e0 campanha na Copa"}]},{"@type":"WebSite","@id":"https:\/\/revistaoeste.com\/esporte\/#website","url":"https:\/\/revistaoeste.com\/esporte\/","name":"Oeste Esporte","description":"Copa sem Firula","publisher":{"@id":"https:\/\/revistaoeste.com\/esporte\/#organization"},"potentialAction":[{"@type":"SearchAction","target":{"@type":"EntryPoint","urlTemplate":"https:\/\/revistaoeste.com\/esporte\/?s={search_term_string}"},"query-input":{"@type":"PropertyValueSpecification","valueRequired":true,"valueName":"search_term_string"}}],"inLanguage":"pt-BR"},{"@type":"Organization","@id":"https:\/\/revistaoeste.com\/esporte\/#organization","name":"Oeste Esporte","url":"https:\/\/revistaoeste.com\/esporte\/","logo":{"@type":"ImageObject","inLanguage":"pt-BR","@id":"https:\/\/revistaoeste.com\/esporte\/#\/schema\/logo\/image\/","url":"https:\/\/revistaoeste.com\/esporte\/wp-content\/uploads\/2026\/03\/avatar.jpg","contentUrl":"https:\/\/revistaoeste.com\/esporte\/wp-content\/uploads\/2026\/03\/avatar.jpg","width":500,"height":500,"caption":"Oeste Esporte"},"image":{"@id":"https:\/\/revistaoeste.com\/esporte\/#\/schema\/logo\/image\/"},"sameAs":["https:\/\/www.facebook.com\/oesterevista\/","https:\/\/x.com\/revistaoeste","https:\/\/www.youtube.com\/@OesteEsporte","https:\/\/www.instagram.com\/revistaoeste\/"]},{"@type":"Person","@id":"https:\/\/revistaoeste.com\/esporte\/#\/schema\/person\/6622e4d5d99a35adf0de88128e8d66a9","name":"Oeste Esporte","image":{"@type":"ImageObject","inLanguage":"pt-BR","@id":"https:\/\/secure.gravatar.com\/avatar\/8a2c5501fe5eb922c6c1838ad6a759fe758ecb18b48e36083e67f353c16e08ac?s=96&d=mm&r=g","url":"https:\/\/secure.gravatar.com\/avatar\/8a2c5501fe5eb922c6c1838ad6a759fe758ecb18b48e36083e67f353c16e08ac?s=96&d=mm&r=g","contentUrl":"https:\/\/secure.gravatar.com\/avatar\/8a2c5501fe5eb922c6c1838ad6a759fe758ecb18b48e36083e67f353c16e08ac?s=96&d=mm&r=g","caption":"Oeste Esporte"},"url":"https:\/\/revistaoeste.com\/esporte\/author\/felipebellirevistaoeste-com\/"}]}},"_links":{"self":[{"href":"https:\/\/revistaoeste.com\/esporte\/wp-json\/wp\/v2\/posts\/9664","targetHints":{"allow":["GET"]}}],"collection":[{"href":"https:\/\/revistaoeste.com\/esporte\/wp-json\/wp\/v2\/posts"}],"about":[{"href":"https:\/\/revistaoeste.com\/esporte\/wp-json\/wp\/v2\/types\/post"}],"author":[{"embeddable":true,"href":"https:\/\/revistaoeste.com\/esporte\/wp-json\/wp\/v2\/users\/5"}],"replies":[{"embeddable":true,"href":"https:\/\/revistaoeste.com\/esporte\/wp-json\/wp\/v2\/comments?post=9664"}],"version-history":[{"count":1,"href":"https:\/\/revistaoeste.com\/esporte\/wp-json\/wp\/v2\/posts\/9664\/revisions"}],"predecessor-version":[{"id":9666,"href":"https:\/\/revistaoeste.com\/esporte\/wp-json\/wp\/v2\/posts\/9664\/revisions\/9666"}],"wp:featuredmedia":[{"embeddable":true,"href":"https:\/\/revistaoeste.com\/esporte\/wp-json\/wp\/v2\/media\/9665"}],"wp:attachment":[{"href":"https:\/\/revistaoeste.com\/esporte\/wp-json\/wp\/v2\/media?parent=9664"}],"wp:term":[{"taxonomy":"category","embeddable":true,"href":"https:\/\/revistaoeste.com\/esporte\/wp-json\/wp\/v2\/categories?post=9664"},{"taxonomy":"post_tag","embeddable":true,"href":"https:\/\/revistaoeste.com\/esporte\/wp-json\/wp\/v2\/tags?post=9664"}],"curies":[{"name":"wp","href":"https:\/\/api.w.org\/{rel}","templated":true}]}}